{"id":7409,"date":"2012-10-11T23:19:00","date_gmt":"2012-10-11T21:19:00","guid":{"rendered":"http:\/\/www.susannavaris.com\/blogg\/?p=7409"},"modified":"2012-10-11T23:19:00","modified_gmt":"2012-10-11T21:19:00","slug":"plan-sverige-fortsattning","status":"publish","type":"post","link":"http:\/\/www.susannavaris.com\/blogg\/2012\/10\/plan-sverige-fortsattning\/","title":{"rendered":"Plan Sverige forts\u00e4ttning"},"content":{"rendered":"<p style=\"text-align: center;\"><a href=\"http:\/\/www.susannavaris.com\/blogg\/wp-content\/uploads\/2012\/10\/DSC_0103-501.jpg\"><img loading=\"lazy\" decoding=\"async\" class=\"aligncenter size-large wp-image-7411\" title=\"DSC_0103-50\" src=\"http:\/\/www.susannavaris.com\/blogg\/wp-content\/uploads\/2012\/10\/DSC_0103-501-1024x441.jpg\" alt=\"\" width=\"640\" height=\"275\" srcset=\"http:\/\/www.susannavaris.com\/blogg\/wp-content\/uploads\/2012\/10\/DSC_0103-501-1024x441.jpg 1024w, http:\/\/www.susannavaris.com\/blogg\/wp-content\/uploads\/2012\/10\/DSC_0103-501-300x129.jpg 300w, http:\/\/www.susannavaris.com\/blogg\/wp-content\/uploads\/2012\/10\/DSC_0103-501.jpg 2015w\" sizes=\"auto, (max-width: 640px) 100vw, 640px\" \/><\/a>\u00a0<em>P\u00e5 eventet&#8230;<\/em><\/p>\n<p>Som bekant var jag idag p\u00e5 ett event med Plan Sverige, som arbetar f\u00f6r barns r\u00e4ttigheter i v\u00e4rlden. Jag hoppades till en b\u00f6rjan att organisationen verkligen g\u00f6r vad den p\u00e5st\u00e5r, dvs v\u00e4rnar om alla barns r\u00e4ttigheter. Jag \u00e4r s\u00e4ker p\u00e5 att man utr\u00e4ttar m\u00e5nga bra saker och flickors och pojkars problem kan b\u00e5de se lika och olika ut. Nu idag var det en tonvikt p\u00e5 flickor och projektet Because I\u00b4m a Girl, eftersom FN inf\u00f6rt den internationella flickdagen.<\/p>\n<p>Jag f\u00f6rst\u00e5r inte varf\u00f6r man hela tiden m\u00e5ste s\u00e4rskilja k\u00f6nen och satsa p\u00e5 den ena eller den andra (helst den ena d\u00e5).<\/p>\n<p>N\u00e4r jag sedan l\u00e4ser vidare p\u00e5 Plan Sveriges hemsidas beskrivning av projektet s\u00e5 verkar det inte b\u00e4ttre \u00e4n att \u00e4ven den \u00e4r mycket inspirerade av de nutida genusvetenskapliga resonemangen:<\/p>\n<p><a href=\"http:\/\/plansverige.org\/varfoer-flickkampanj\">http:\/\/plansverige.org\/varfoer-flickkampanj<\/a><\/p>\n<p><em>&#8221;F\u00f6r att n\u00e5 \u00f6kad j\u00e4mst\u00e4lldhet m\u00e5ste vi \u00e4ven p\u00e5 lokal niv\u00e5 arbeta med pojkar och m\u00e4n. Plan arbetar f\u00f6r att fr\u00e4mja j\u00e4mst\u00e4lldhet genom att tillsammans med pojkar och m\u00e4n ifr\u00e5gas\u00e4tta k\u00f6nsstereotyper och sociala normer. \u00c4ven pojkar gynnas n\u00e4r traditionella k\u00f6nsstrukturer bryts och det \u00e4r avg\u00f6rande f\u00f6r utvecklingen att b\u00e5de flickor och pojkar f\u00e5r tillg\u00e5ng till utbildning.&#8221;\u00a0<\/em><\/p>\n<p>Det l\u00e5ter en hel del som tankeg\u00e5ngarna h\u00e4r hemma: resurser, r\u00e4ttigheter, m\u00f6jligheter och utbildning f\u00f6r flickorna och problematisering av k\u00f6nsroller f\u00f6r pojkarna. Visserligen skriver man h\u00e4r utbildning \u00e5t b\u00e5de flickor och pojkar, men varf\u00f6r skulle allt detta vara viktigt enbart f\u00f6r flickor:<\/p>\n<p><em>&#8221;Ett av de mest effektiva s\u00e4tten \u00e4r att utbilda flickor d\u00e4rf\u00f6r att:<\/em><\/p>\n<ul>\n<li><em>En utbildad flicka har st\u00f6rre m\u00f6jligheter att g\u00f6ra individuella livsval<\/em><\/li>\n<li><em>En utbildad flicka gifter sig ofta senare i livet<\/em><\/li>\n<li><em>En utbildad flicka f\u00f6der vanligtvis f\u00e4rre och friskare barn<\/em><\/li>\n<li><em>En senare graviditet minskar risken att d\u00f6 i barns\u00e4ng eftersom en flicka under 15 \u00e5r l\u00f6per fem g\u00e5nger h\u00f6gre risk att d\u00f6 s\u00e5 \u00e4n en kvinna \u00f6ver 20<\/em><\/li>\n<li><em>En utbildad flicka \u00f6kar sina chanser att ta sig och sina barn ur fattigdom<\/em><\/li>\n<li><em>N\u00e4stan allt hon tj\u00e4nar kommer att g\u00e5 till familjen: utbildning, barnens h\u00e4lsa och framtid&#8221;<\/em><\/li>\n<\/ul>\n<div><span style=\"font-size: medium;\"><span style=\"line-height: 24px;\">Sista punkten uttrycker dessutom en ganska f\u00f6rdomsfull syn p\u00e5 pojkar\/m\u00e4n, eller hur?<\/span><\/span><\/div>\n<div><\/div>\n<p>Jag hoppas verkligen att man arbetar f\u00f6r ALLA barns r\u00e4ttigheter, utan feministiska skygglappar.<\/p>\n<p>&nbsp;<\/p>\n","protected":false},"excerpt":{"rendered":"<p>\u00a0P\u00e5 eventet&#8230; Som bekant var jag idag p\u00e5 ett event med Plan Sverige, som arbetar f\u00f6r barns r\u00e4ttigheter i v\u00e4rlden. Jag hoppades till en b\u00f6rjan att organisationen verkligen g\u00f6r vad den p\u00e5st\u00e5r, dvs v\u00e4rnar om alla barns r\u00e4ttigheter. Jag \u00e4r &hellip; <a href=\"http:\/\/www.susannavaris.com\/blogg\/2012\/10\/plan-sverige-fortsattning\/\">Forts\u00e4tt l\u00e4sa <span class=\"meta-nav\">&rarr;<\/span><\/a><\/p>\n","protected":false},"author":1,"featured_media":0,"comment_status":"open","ping_status":"open","sticky":false,"template":"","format":"standard","meta":{"footnotes":""},"categories":[555,181,259,1321,590],"tags":[4900,4903,4918,2385],"class_list":["post-7409","post","type-post","status-publish","format-standard","hentry","category-events","category-feminism","category-genusvetenskap","category-jamstalldhet","category-politik","tag-feminism","tag-genusvetenskap","tag-jamstalldhet","tag-plan-sverige"],"_links":{"self":[{"href":"http:\/\/www.susannavaris.com\/blogg\/wp-json\/wp\/v2\/posts\/7409","targetHints":{"allow":["GET"]}}],"collection":[{"href":"http:\/\/www.susannavaris.com\/blogg\/wp-json\/wp\/v2\/posts"}],"about":[{"href":"http:\/\/www.susannavaris.com\/blogg\/wp-json\/wp\/v2\/types\/post"}],"author":[{"embeddable":true,"href":"http:\/\/www.susannavaris.com\/blogg\/wp-json\/wp\/v2\/users\/1"}],"replies":[{"embeddable":true,"href":"http:\/\/www.susannavaris.com\/blogg\/wp-json\/wp\/v2\/comments?post=7409"}],"version-history":[{"count":3,"href":"http:\/\/www.susannavaris.com\/blogg\/wp-json\/wp\/v2\/posts\/7409\/revisions"}],"predecessor-version":[{"id":7413,"href":"http:\/\/www.susannavaris.com\/blogg\/wp-json\/wp\/v2\/posts\/7409\/revisions\/7413"}],"wp:attachment":[{"href":"http:\/\/www.susannavaris.com\/blogg\/wp-json\/wp\/v2\/media?parent=7409"}],"wp:term":[{"taxonomy":"category","embeddable":true,"href":"http:\/\/www.susannavaris.com\/blogg\/wp-json\/wp\/v2\/categories?post=7409"},{"taxonomy":"post_tag","embeddable":true,"href":"http:\/\/www.susannavaris.com\/blogg\/wp-json\/wp\/v2\/tags?post=7409"}],"curies":[{"name":"wp","href":"https:\/\/api.w.org\/{rel}","templated":true}]}}