{"id":7465,"date":"2012-10-16T14:03:21","date_gmt":"2012-10-16T12:03:21","guid":{"rendered":"http:\/\/www.susannavaris.com\/blogg\/?p=7465"},"modified":"2012-10-16T23:18:52","modified_gmt":"2012-10-16T21:18:52","slug":"var-ar-bla-bandet","status":"publish","type":"post","link":"http:\/\/www.susannavaris.com\/blogg\/2012\/10\/var-ar-bla-bandet\/","title":{"rendered":"Var \u00e4r bl\u00e5 bandet?"},"content":{"rendered":"<p><a href=\"http:\/\/www.susannavaris.com\/blogg\/wp-content\/uploads\/2012\/10\/n19641881928_4941_68649146.jpg\"><img loading=\"lazy\" decoding=\"async\" class=\"aligncenter size-full wp-image-7466\" title=\"n19641881928_4941_68649146\" src=\"http:\/\/www.susannavaris.com\/blogg\/wp-content\/uploads\/2012\/10\/n19641881928_4941_68649146.jpg\" alt=\"\" width=\"150\" height=\"186\" \/><\/a><\/p>\n<p>Var \u00e4r alla galor, kampanjer, insamlingar och jippon kring den vanligaste cancerformen, prostatacancer? Hela oktober finns rosa bandet \u00f6verallt och det \u00e4r bra att br\u00f6stcancer uppm\u00e4rksammas, men varf\u00f6r inte ett knyst om prostatacancer? Varf\u00f6r bryr man sig inte om denna sjukdom som genererar b\u00e5de lidande och i v\u00e4rsta fall d\u00f6d?<\/p>\n<p>F\u00f6r n\u00e5got \u00e5r sedan minns jag att det fanns \u00e4ven bl\u00e5 band att k\u00f6pa och att det f\u00f6rekom viss kampanjverksamhet, varf\u00f6r inte l\u00e4ngre? V\u00e4rderas m\u00e4ns liv och lidande l\u00e4gre \u00e4n kvinnors i v\u00e5rt samh\u00e4lle?<\/p>\n<p><a href=\"http:\/\/www.vardguiden.se\/Sjukdomar-och-rad\/Omraden\/Sjukdomar-och-besvar\/Prostatacancer\/\">http:\/\/www.vardguiden.se\/Sjukdomar-och-rad\/Omraden\/Sjukdomar-och-besvar\/Prostatacancer\/<\/a><\/p>\n<p><a href=\"http:\/\/www.cancerfonden.se\/sv\/cancer\/Cancersjukdomar\/Prostatacancer\/\">http:\/\/www.cancerfonden.se\/sv\/cancer\/Cancersjukdomar\/Prostatacancer\/<\/a><\/p>\n<p><a href=\"http:\/\/www.prostatacancer.nu\/\">http:\/\/www.prostatacancer.nu\/<\/a><\/p>\n<p>H\u00e5kan Florin, sj\u00e4lv drabbad, skriver om sitt liv med sjukdomen p\u00e5 bloggen:<\/p>\n<p><a href=\"http:\/\/hakanflorin.blogg.se\/\">http:\/\/hakanflorin.blogg.se\/<\/a><\/p>\n","protected":false},"excerpt":{"rendered":"<p>Var \u00e4r alla galor, kampanjer, insamlingar och jippon kring den vanligaste cancerformen, prostatacancer? Hela oktober finns rosa bandet \u00f6verallt och det \u00e4r bra att br\u00f6stcancer uppm\u00e4rksammas, men varf\u00f6r inte ett knyst om prostatacancer? Varf\u00f6r bryr man sig inte om denna &hellip; <a href=\"http:\/\/www.susannavaris.com\/blogg\/2012\/10\/var-ar-bla-bandet\/\">Forts\u00e4tt l\u00e4sa <span class=\"meta-nav\">&rarr;<\/span><\/a><\/p>\n","protected":false},"author":1,"featured_media":0,"comment_status":"open","ping_status":"open","sticky":false,"template":"","format":"standard","meta":{"footnotes":""},"categories":[181,259,1321,1162,589,1,590,117],"tags":[2399,2403,2400,4900,4918,2401,2402],"class_list":["post-7465","post","type-post","status-publish","format-standard","hentry","category-feminism","category-genusvetenskap","category-jamstalldhet","category-kultur","category-medier","category-okategoriserade","category-politik","category-vetenskap","tag-bla-bandet","tag-brostcancer","tag-cancer","tag-feminism","tag-jamstalldhet","tag-prostatacancer","tag-rosa-bandet"],"_links":{"self":[{"href":"http:\/\/www.susannavaris.com\/blogg\/wp-json\/wp\/v2\/posts\/7465","targetHints":{"allow":["GET"]}}],"collection":[{"href":"http:\/\/www.susannavaris.com\/blogg\/wp-json\/wp\/v2\/posts"}],"about":[{"href":"http:\/\/www.susannavaris.com\/blogg\/wp-json\/wp\/v2\/types\/post"}],"author":[{"embeddable":true,"href":"http:\/\/www.susannavaris.com\/blogg\/wp-json\/wp\/v2\/users\/1"}],"replies":[{"embeddable":true,"href":"http:\/\/www.susannavaris.com\/blogg\/wp-json\/wp\/v2\/comments?post=7465"}],"version-history":[{"count":4,"href":"http:\/\/www.susannavaris.com\/blogg\/wp-json\/wp\/v2\/posts\/7465\/revisions"}],"predecessor-version":[{"id":7469,"href":"http:\/\/www.susannavaris.com\/blogg\/wp-json\/wp\/v2\/posts\/7465\/revisions\/7469"}],"wp:attachment":[{"href":"http:\/\/www.susannavaris.com\/blogg\/wp-json\/wp\/v2\/media?parent=7465"}],"wp:term":[{"taxonomy":"category","embeddable":true,"href":"http:\/\/www.susannavaris.com\/blogg\/wp-json\/wp\/v2\/categories?post=7465"},{"taxonomy":"post_tag","embeddable":true,"href":"http:\/\/www.susannavaris.com\/blogg\/wp-json\/wp\/v2\/tags?post=7465"}],"curies":[{"name":"wp","href":"https:\/\/api.w.org\/{rel}","templated":true}]}}