{"id":7503,"date":"2012-10-18T14:46:47","date_gmt":"2012-10-18T12:46:47","guid":{"rendered":"http:\/\/www.susannavaris.com\/blogg\/?p=7503"},"modified":"2012-10-19T22:48:17","modified_gmt":"2012-10-19T20:48:17","slug":"apropa-film","status":"publish","type":"post","link":"http:\/\/www.susannavaris.com\/blogg\/2012\/10\/apropa-film\/","title":{"rendered":"Aprop\u00e5 film&#8230;"},"content":{"rendered":"<p style=\"text-align: center;\"><a href=\"http:\/\/www.susannavaris.com\/blogg\/wp-content\/uploads\/2012\/10\/kathryn-bigelow-oscars-WIDE.jpg\"><img loading=\"lazy\" decoding=\"async\" class=\"aligncenter size-full wp-image-7504\" title=\"kathryn-bigelow-oscars-WIDE\" src=\"http:\/\/www.susannavaris.com\/blogg\/wp-content\/uploads\/2012\/10\/kathryn-bigelow-oscars-WIDE.jpg\" alt=\"\" width=\"601\" height=\"301\" srcset=\"http:\/\/www.susannavaris.com\/blogg\/wp-content\/uploads\/2012\/10\/kathryn-bigelow-oscars-WIDE.jpg 601w, http:\/\/www.susannavaris.com\/blogg\/wp-content\/uploads\/2012\/10\/kathryn-bigelow-oscars-WIDE-300x150.jpg 300w\" sizes=\"auto, (max-width: 601px) 100vw, 601px\" \/><\/a><em>\u00a0Kathryn Bigelow f\u00e5r som f\u00f6rsta kvinnliga regiss\u00f6r en oscar f\u00f6r The Hurt Locker. Hon ska inte f\u00f6rknippas med inneh\u00e5llet i inl\u00e4gget.<\/em><\/p>\n<p>Idag \u00e4gnar man sig i DN \u00e5t att r\u00e4kna k\u00f6n, som s\u00e5 ofta n\u00e4r det g\u00e4ller film nuf\u00f6rtiden. Man har anm\u00e4rkningar p\u00e5 att Stockholms filmfestival delar ut priser till en herrtrio. K\u00f6nsbalansen i filmerna tycks vara mer tillfredsst\u00e4llande f\u00f6r DN:<\/p>\n<p><a href=\"http:\/\/www.dn.se\/kultur-noje\/film-tv\/audiard-och-troell-pa-stockholms-filmfestival\">http:\/\/www.dn.se\/kultur-noje\/film-tv\/audiard-och-troell-pa-stockholms-filmfestival<\/a><\/p>\n<p>Varf\u00f6r inte l\u00f6pa hela linan ut och kvotera \u00e4ven filmpriserna (aprop\u00e5 filmst\u00f6det i filmpropositionen)? H\u00e4lften ska g\u00e5 till kvinnor. Se d\u00e4r ett fiffigt s\u00e4tt att skapa kredibilitet \u00e5t kvinnliga filmare!<\/p>\n<p>Mera om filmproppen:<\/p>\n<p><a href=\"http:\/\/www.susannavaris.com\/blogg\/2012\/10\/dagens-diskriminering\/\">http:\/\/www.susannavaris.com\/blogg\/2012\/10\/dagens-diskriminering\/<\/a><\/p>\n<p>&nbsp;<\/p>\n","protected":false},"excerpt":{"rendered":"<p>\u00a0Kathryn Bigelow f\u00e5r som f\u00f6rsta kvinnliga regiss\u00f6r en oscar f\u00f6r The Hurt Locker. Hon ska inte f\u00f6rknippas med inneh\u00e5llet i inl\u00e4gget. Idag \u00e4gnar man sig i DN \u00e5t att r\u00e4kna k\u00f6n, som s\u00e5 ofta n\u00e4r det g\u00e4ller film nuf\u00f6rtiden. Man &hellip; <a href=\"http:\/\/www.susannavaris.com\/blogg\/2012\/10\/apropa-film\/\">Forts\u00e4tt l\u00e4sa <span class=\"meta-nav\">&rarr;<\/span><\/a><\/p>\n","protected":false},"author":1,"featured_media":0,"comment_status":"open","ping_status":"open","sticky":false,"template":"","format":"standard","meta":{"footnotes":""},"categories":[181,9,1321,1162,589,1,590],"tags":[175,4900,2413,2407,2415,2414],"class_list":["post-7503","post","type-post","status-publish","format-standard","hentry","category-feminism","category-film","category-jamstalldhet","category-kultur","category-medier","category-okategoriserade","category-politik","tag-dn","tag-feminism","tag-film-2","tag-filmpropositionen","tag-filmstod","tag-stockholms-filmfestival"],"_links":{"self":[{"href":"http:\/\/www.susannavaris.com\/blogg\/wp-json\/wp\/v2\/posts\/7503","targetHints":{"allow":["GET"]}}],"collection":[{"href":"http:\/\/www.susannavaris.com\/blogg\/wp-json\/wp\/v2\/posts"}],"about":[{"href":"http:\/\/www.susannavaris.com\/blogg\/wp-json\/wp\/v2\/types\/post"}],"author":[{"embeddable":true,"href":"http:\/\/www.susannavaris.com\/blogg\/wp-json\/wp\/v2\/users\/1"}],"replies":[{"embeddable":true,"href":"http:\/\/www.susannavaris.com\/blogg\/wp-json\/wp\/v2\/comments?post=7503"}],"version-history":[{"count":4,"href":"http:\/\/www.susannavaris.com\/blogg\/wp-json\/wp\/v2\/posts\/7503\/revisions"}],"predecessor-version":[{"id":7513,"href":"http:\/\/www.susannavaris.com\/blogg\/wp-json\/wp\/v2\/posts\/7503\/revisions\/7513"}],"wp:attachment":[{"href":"http:\/\/www.susannavaris.com\/blogg\/wp-json\/wp\/v2\/media?parent=7503"}],"wp:term":[{"taxonomy":"category","embeddable":true,"href":"http:\/\/www.susannavaris.com\/blogg\/wp-json\/wp\/v2\/categories?post=7503"},{"taxonomy":"post_tag","embeddable":true,"href":"http:\/\/www.susannavaris.com\/blogg\/wp-json\/wp\/v2\/tags?post=7503"}],"curies":[{"name":"wp","href":"https:\/\/api.w.org\/{rel}","templated":true}]}}