{"id":7507,"date":"2012-10-19T12:18:23","date_gmt":"2012-10-19T10:18:23","guid":{"rendered":"http:\/\/www.susannavaris.com\/blogg\/?p=7507"},"modified":"2012-10-19T12:18:23","modified_gmt":"2012-10-19T10:18:23","slug":"ny-akvarellmalning-the-cage-ii","status":"publish","type":"post","link":"http:\/\/www.susannavaris.com\/blogg\/2012\/10\/ny-akvarellmalning-the-cage-ii\/","title":{"rendered":"Ny akvarellm\u00e5lning! The Cage II"},"content":{"rendered":"<p style=\"text-align: center;\"><a href=\"http:\/\/www.susannavaris.com\/blogg\/wp-content\/uploads\/2012\/10\/The-Cage-II-2012-adj-50-text.jpg\"><img loading=\"lazy\" decoding=\"async\" class=\"aligncenter size-large wp-image-7509\" title=\"The Cage II 2012 adj 50 text\" src=\"http:\/\/www.susannavaris.com\/blogg\/wp-content\/uploads\/2012\/10\/The-Cage-II-2012-adj-50-text-721x1024.jpg\" alt=\"\" width=\"640\" height=\"908\" srcset=\"http:\/\/www.susannavaris.com\/blogg\/wp-content\/uploads\/2012\/10\/The-Cage-II-2012-adj-50-text-721x1024.jpg 721w, http:\/\/www.susannavaris.com\/blogg\/wp-content\/uploads\/2012\/10\/The-Cage-II-2012-adj-50-text-211x300.jpg 211w, http:\/\/www.susannavaris.com\/blogg\/wp-content\/uploads\/2012\/10\/The-Cage-II-2012-adj-50-text.jpg 1215w\" sizes=\"auto, (max-width: 640px) 100vw, 640px\" \/><\/a>\u00a0<em>The Cage, water colour 2012. Susanna Varis<\/em><\/p>\n<p style=\"text-align: center;\">Jag kommer f\u00f6rmodligen att g\u00f6ra olika slags tryck p\u00e5 detta motiv (fine art gicl\u00e9e, aluminium, vanlig affisch&#8230;)<\/p>\n<p style=\"text-align: center;\">Vid intresse, kontakta mig g\u00e4rna h\u00e4r eller p\u00e5 susannavaris@gmail.com<\/p>\n","protected":false},"excerpt":{"rendered":"<p>\u00a0The Cage, water colour 2012. Susanna Varis Jag kommer f\u00f6rmodligen att g\u00f6ra olika slags tryck p\u00e5 detta motiv (fine art gicl\u00e9e, aluminium, vanlig affisch&#8230;) Vid intresse, kontakta mig g\u00e4rna h\u00e4r eller p\u00e5 susannavaris@gmail.com<\/p>\n","protected":false},"author":1,"featured_media":0,"comment_status":"open","ping_status":"open","sticky":false,"template":"","format":"standard","meta":{"footnotes":""},"categories":[7,3,1162,1],"tags":[31,418,2316,17,867,1215,869,2189,2416,837],"class_list":["post-7507","post","type-post","status-publish","format-standard","hentry","category-egna-verk","category-konst","category-kultur","category-okategoriserade","tag-akvarell","tag-art","tag-ballerina","tag-konst-2","tag-maleri","tag-malning","tag-painting","tag-the-cage","tag-the-cage-ii","tag-water-colour"],"_links":{"self":[{"href":"http:\/\/www.susannavaris.com\/blogg\/wp-json\/wp\/v2\/posts\/7507","targetHints":{"allow":["GET"]}}],"collection":[{"href":"http:\/\/www.susannavaris.com\/blogg\/wp-json\/wp\/v2\/posts"}],"about":[{"href":"http:\/\/www.susannavaris.com\/blogg\/wp-json\/wp\/v2\/types\/post"}],"author":[{"embeddable":true,"href":"http:\/\/www.susannavaris.com\/blogg\/wp-json\/wp\/v2\/users\/1"}],"replies":[{"embeddable":true,"href":"http:\/\/www.susannavaris.com\/blogg\/wp-json\/wp\/v2\/comments?post=7507"}],"version-history":[{"count":3,"href":"http:\/\/www.susannavaris.com\/blogg\/wp-json\/wp\/v2\/posts\/7507\/revisions"}],"predecessor-version":[{"id":7511,"href":"http:\/\/www.susannavaris.com\/blogg\/wp-json\/wp\/v2\/posts\/7507\/revisions\/7511"}],"wp:attachment":[{"href":"http:\/\/www.susannavaris.com\/blogg\/wp-json\/wp\/v2\/media?parent=7507"}],"wp:term":[{"taxonomy":"category","embeddable":true,"href":"http:\/\/www.susannavaris.com\/blogg\/wp-json\/wp\/v2\/categories?post=7507"},{"taxonomy":"post_tag","embeddable":true,"href":"http:\/\/www.susannavaris.com\/blogg\/wp-json\/wp\/v2\/tags?post=7507"}],"curies":[{"name":"wp","href":"https:\/\/api.w.org\/{rel}","templated":true}]}}