{"id":7528,"date":"2012-10-23T21:55:20","date_gmt":"2012-10-23T19:55:20","guid":{"rendered":"http:\/\/www.susannavaris.com\/blogg\/?p=7528"},"modified":"2012-10-23T21:55:20","modified_gmt":"2012-10-23T19:55:20","slug":"23-oktober-2012","status":"publish","type":"post","link":"http:\/\/www.susannavaris.com\/blogg\/2012\/10\/23-oktober-2012\/","title":{"rendered":"23. oktober 2012"},"content":{"rendered":"<p>Det har varit en underbar, ledig dag idag. Efter frukost tog jag en l\u00e5npromenad i det vackra h\u00f6stv\u00e4dret. L\u00f6ven b\u00f6rjar nu falla ner i drivor och snart \u00e4r det nog dags f\u00f6r f\u00f6rsta frostnatten.<\/p>\n<p style=\"text-align: center;\"><a href=\"http:\/\/www.susannavaris.com\/blogg\/wp-content\/uploads\/2012\/10\/host-50.jpg\"><img loading=\"lazy\" decoding=\"async\" class=\"aligncenter size-large wp-image-7529\" title=\"host-50\" src=\"http:\/\/www.susannavaris.com\/blogg\/wp-content\/uploads\/2012\/10\/host-50-768x1024.jpg\" alt=\"\" width=\"640\" height=\"853\" srcset=\"http:\/\/www.susannavaris.com\/blogg\/wp-content\/uploads\/2012\/10\/host-50-768x1024.jpg 768w, http:\/\/www.susannavaris.com\/blogg\/wp-content\/uploads\/2012\/10\/host-50-225x300.jpg 225w, http:\/\/www.susannavaris.com\/blogg\/wp-content\/uploads\/2012\/10\/host-50.jpg 1056w\" sizes=\"auto, (max-width: 640px) 100vw, 640px\" \/><\/a>\u00a0<em>H\u00f6st i ghettot&#8230;<\/em><\/p>\n<p style=\"text-align: center;\"><a href=\"http:\/\/www.susannavaris.com\/blogg\/wp-content\/uploads\/2012\/10\/008-50.jpg\"><img loading=\"lazy\" decoding=\"async\" class=\"aligncenter size-large wp-image-7530\" title=\"008-50\" src=\"http:\/\/www.susannavaris.com\/blogg\/wp-content\/uploads\/2012\/10\/008-50-768x1024.jpg\" alt=\"\" width=\"640\" height=\"853\" srcset=\"http:\/\/www.susannavaris.com\/blogg\/wp-content\/uploads\/2012\/10\/008-50-768x1024.jpg 768w, http:\/\/www.susannavaris.com\/blogg\/wp-content\/uploads\/2012\/10\/008-50-225x300.jpg 225w, http:\/\/www.susannavaris.com\/blogg\/wp-content\/uploads\/2012\/10\/008-50.jpg 1056w\" sizes=\"auto, (max-width: 640px) 100vw, 640px\" \/><\/a>\u00a0<em>P\u00e5 en annan promenad, n\u00e5gon vecka tidigare uppt\u00e4ckte jag denna lilla plakett som h\u00f6ll p\u00e5 att slukas av tr\u00e4det nere vid kanalen&#8230;<\/em><\/p>\n<p style=\"text-align: left;\">Det var s\u00e5 sk\u00f6nt att skingra tankarna p\u00e5 arbete och annat, att bara njuta av de vackra f\u00e4rgerna och det krispigt sm\u00e5kyliga v\u00e4dret.<\/p>\n<p style=\"text-align: left;\">Efter promenaden blev det en nyttig gr\u00f6nsakstallrik med bulgur\/quinoa och sedan vandrade tankarna iv\u00e4g till n\u00e4sta konstverk. Jag kryssade l\u00e4nge mellan alternativen akryl, olja och akvarell. Surrealistisk f\u00f6rest\u00e4llning fr\u00e5n det undermedvetna eller ett underg\u00e5ngsscenario? Eller kanske n\u00e5got helt annat? Jag har inte tillr\u00e4ckligt med akrylf\u00e4rger. De jag har har jag skaffat enkom f\u00f6r att kunna addera effekter p\u00e5 mina collage med, inte f\u00f6r att m\u00e5la hela tavlor. Bland annat saknas bl\u00e5tt (bortsett fr\u00e5n en burk babybl\u00e5tt) och gult (men guld finns).<\/p>\n<p style=\"text-align: left;\">Till slut besl\u00f6t jag mig \u00e4nd\u00e5 f\u00f6r att m\u00e5la en bakgrund p\u00e5 duk med de akrylf\u00e4rgerna jag har. Herregud vad snabbt det torkar! Det blir n\u00e4stan stressigt att m\u00e5la! Jag blev n\u00f6jd med bakgrunden, men temat \u00e4r fortfarande inte helt klart&#8230;<\/p>\n<p style=\"text-align: left;\">Resten av dagen har jag passat p\u00e5 att ta igen mig. Man hinner mycket n\u00e4r man lyckas komma upp i tid!<\/p>\n","protected":false},"excerpt":{"rendered":"<p>Det har varit en underbar, ledig dag idag. Efter frukost tog jag en l\u00e5npromenad i det vackra h\u00f6stv\u00e4dret. L\u00f6ven b\u00f6rjar nu falla ner i drivor och snart \u00e4r det nog dags f\u00f6r f\u00f6rsta frostnatten. \u00a0H\u00f6st i ghettot&#8230; \u00a0P\u00e5 en annan &hellip; <a href=\"http:\/\/www.susannavaris.com\/blogg\/2012\/10\/23-oktober-2012\/\">Forts\u00e4tt l\u00e4sa <span class=\"meta-nav\">&rarr;<\/span><\/a><\/p>\n","protected":false},"author":1,"featured_media":0,"comment_status":"open","ping_status":"open","sticky":false,"template":"","format":"standard","meta":{"footnotes":""},"categories":[7,3,1162,415,1],"tags":[2426,2427,846,17,845],"class_list":["post-7528","post","type-post","status-publish","format-standard","hentry","category-egna-verk","category-konst","category-kultur","category-lowbrow","category-okategoriserade","tag-akryl","tag-akrylmaleri","tag-host","tag-konst-2","tag-promenad"],"_links":{"self":[{"href":"http:\/\/www.susannavaris.com\/blogg\/wp-json\/wp\/v2\/posts\/7528","targetHints":{"allow":["GET"]}}],"collection":[{"href":"http:\/\/www.susannavaris.com\/blogg\/wp-json\/wp\/v2\/posts"}],"about":[{"href":"http:\/\/www.susannavaris.com\/blogg\/wp-json\/wp\/v2\/types\/post"}],"author":[{"embeddable":true,"href":"http:\/\/www.susannavaris.com\/blogg\/wp-json\/wp\/v2\/users\/1"}],"replies":[{"embeddable":true,"href":"http:\/\/www.susannavaris.com\/blogg\/wp-json\/wp\/v2\/comments?post=7528"}],"version-history":[{"count":5,"href":"http:\/\/www.susannavaris.com\/blogg\/wp-json\/wp\/v2\/posts\/7528\/revisions"}],"predecessor-version":[{"id":7535,"href":"http:\/\/www.susannavaris.com\/blogg\/wp-json\/wp\/v2\/posts\/7528\/revisions\/7535"}],"wp:attachment":[{"href":"http:\/\/www.susannavaris.com\/blogg\/wp-json\/wp\/v2\/media?parent=7528"}],"wp:term":[{"taxonomy":"category","embeddable":true,"href":"http:\/\/www.susannavaris.com\/blogg\/wp-json\/wp\/v2\/categories?post=7528"},{"taxonomy":"post_tag","embeddable":true,"href":"http:\/\/www.susannavaris.com\/blogg\/wp-json\/wp\/v2\/tags?post=7528"}],"curies":[{"name":"wp","href":"https:\/\/api.w.org\/{rel}","templated":true}]}}