{"id":7556,"date":"2012-10-28T13:27:50","date_gmt":"2012-10-28T12:27:50","guid":{"rendered":"http:\/\/www.susannavaris.com\/blogg\/?p=7556"},"modified":"2012-10-28T13:27:50","modified_gmt":"2012-10-28T12:27:50","slug":"vacker-och-varm-halloweenhelg","status":"publish","type":"post","link":"http:\/\/www.susannavaris.com\/blogg\/2012\/10\/vacker-och-varm-halloweenhelg\/","title":{"rendered":"Vacker och varm halloweenhelg"},"content":{"rendered":"<p style=\"text-align: center;\"><a href=\"http:\/\/www.susannavaris.com\/blogg\/wp-content\/uploads\/2012\/10\/DSC_0218-50.jpg\"><img loading=\"lazy\" decoding=\"async\" class=\"aligncenter size-large wp-image-7557\" title=\"DSC_0218-50\" src=\"http:\/\/www.susannavaris.com\/blogg\/wp-content\/uploads\/2012\/10\/DSC_0218-50-682x1024.jpg\" alt=\"\" width=\"640\" height=\"960\" srcset=\"http:\/\/www.susannavaris.com\/blogg\/wp-content\/uploads\/2012\/10\/DSC_0218-50-682x1024.jpg 682w, http:\/\/www.susannavaris.com\/blogg\/wp-content\/uploads\/2012\/10\/DSC_0218-50-200x300.jpg 200w, http:\/\/www.susannavaris.com\/blogg\/wp-content\/uploads\/2012\/10\/DSC_0218-50.jpg 1536w\" sizes=\"auto, (max-width: 640px) 100vw, 640px\" \/><\/a><em>\u00a0Uffe k\u00f6pte denna, underbara skr\u00e4ckisdocka till mig p\u00e5 Ballongspecialisten (hette det s\u00e5?) p\u00e5 Sveav\u00e4gen&#8230;<\/em><\/p>\n<p>En extra timme inatt, men jag vaknade 10.30 till klockan likv\u00e4l. Djupt inne i en m\u00e4rklig dr\u00f6m skapad av helgens skr\u00e4ckfilmer och godis\u00e4tande. Det har varit en mycket lyckad halloween-helg hittills. Ig\u00e5r bes\u00f6kte vi \u00e5ter huvudstaden f\u00f6r att se ett par utst\u00e4llningar p\u00e5 Nationalmuseum (och inte minst \u00e4ta p\u00e5 Atrium).<\/p>\n<p style=\"text-align: center;\"><a href=\"http:\/\/www.susannavaris.com\/blogg\/wp-content\/uploads\/2012\/10\/DSC_0198-50.jpg\"><img loading=\"lazy\" decoding=\"async\" class=\"aligncenter size-large wp-image-7558\" title=\"DSC_0198-50\" src=\"http:\/\/www.susannavaris.com\/blogg\/wp-content\/uploads\/2012\/10\/DSC_0198-50-1024x682.jpg\" alt=\"\" width=\"640\" height=\"426\" srcset=\"http:\/\/www.susannavaris.com\/blogg\/wp-content\/uploads\/2012\/10\/DSC_0198-50-1024x682.jpg 1024w, http:\/\/www.susannavaris.com\/blogg\/wp-content\/uploads\/2012\/10\/DSC_0198-50-300x200.jpg 300w\" sizes=\"auto, (max-width: 640px) 100vw, 640px\" \/><\/a>\u00a0<em>P\u00e5 utst\u00e4llningen Det Moderna Livet&#8230;<\/em><\/p>\n<p style=\"text-align: center;\"><a href=\"http:\/\/www.susannavaris.com\/blogg\/wp-content\/uploads\/2012\/10\/DSC_0197-50.jpg\"><img loading=\"lazy\" decoding=\"async\" class=\"aligncenter size-large wp-image-7559\" title=\"DSC_0197-50\" src=\"http:\/\/www.susannavaris.com\/blogg\/wp-content\/uploads\/2012\/10\/DSC_0197-50-661x1024.jpg\" alt=\"\" width=\"640\" height=\"991\" srcset=\"http:\/\/www.susannavaris.com\/blogg\/wp-content\/uploads\/2012\/10\/DSC_0197-50-661x1024.jpg 661w, http:\/\/www.susannavaris.com\/blogg\/wp-content\/uploads\/2012\/10\/DSC_0197-50-193x300.jpg 193w, http:\/\/www.susannavaris.com\/blogg\/wp-content\/uploads\/2012\/10\/DSC_0197-50.jpg 1386w\" sizes=\"auto, (max-width: 640px) 100vw, 640px\" \/><\/a>\u00a0<em>Sm\u00e5 karikatyrstatyetter p\u00e5 franska 1800-talspolitiker. En av de avbildade hette Gulzot&#8230;(tihi)<\/em><\/p>\n<p style=\"text-align: center;\"><a href=\"http:\/\/www.susannavaris.com\/blogg\/wp-content\/uploads\/2012\/10\/DSC_0199-50.jpg\"><img loading=\"lazy\" decoding=\"async\" class=\"aligncenter size-large wp-image-7560\" title=\"DSC_0199-50\" src=\"http:\/\/www.susannavaris.com\/blogg\/wp-content\/uploads\/2012\/10\/DSC_0199-50-1024x1014.jpg\" alt=\"\" width=\"640\" height=\"633\" srcset=\"http:\/\/www.susannavaris.com\/blogg\/wp-content\/uploads\/2012\/10\/DSC_0199-50-1024x1014.jpg 1024w, http:\/\/www.susannavaris.com\/blogg\/wp-content\/uploads\/2012\/10\/DSC_0199-50-300x297.jpg 300w, http:\/\/www.susannavaris.com\/blogg\/wp-content\/uploads\/2012\/10\/DSC_0199-50.jpg 1430w\" sizes=\"auto, (max-width: 640px) 100vw, 640px\" \/><\/a>\u00a0<em>Naken, l\u00e4sande kvinna. Hur ofta h\u00e4nger man runt i vardagsrummet naken och l\u00e4ser? N\u00e5got krystad anledning till nakenstudie&#8230;<\/em><\/p>\n<p style=\"text-align: center;\"><a href=\"http:\/\/www.susannavaris.com\/blogg\/wp-content\/uploads\/2012\/10\/DSC_0200-50.jpg\"><img loading=\"lazy\" decoding=\"async\" class=\"aligncenter size-large wp-image-7561\" title=\"DSC_0200-50\" src=\"http:\/\/www.susannavaris.com\/blogg\/wp-content\/uploads\/2012\/10\/DSC_0200-50-657x1024.jpg\" alt=\"\" width=\"640\" height=\"997\" srcset=\"http:\/\/www.susannavaris.com\/blogg\/wp-content\/uploads\/2012\/10\/DSC_0200-50-657x1024.jpg 657w, http:\/\/www.susannavaris.com\/blogg\/wp-content\/uploads\/2012\/10\/DSC_0200-50-192x300.jpg 192w, http:\/\/www.susannavaris.com\/blogg\/wp-content\/uploads\/2012\/10\/DSC_0200-50.jpg 1377w\" sizes=\"auto, (max-width: 640px) 100vw, 640px\" \/><\/a>\u00a0<em>Vackra f\u00f6rem\u00e5l fanns det gott om&#8230;<\/em><\/p>\n<p style=\"text-align: center;\"><a href=\"http:\/\/www.susannavaris.com\/blogg\/wp-content\/uploads\/2012\/10\/DSC_0201-50.jpg\"><img loading=\"lazy\" decoding=\"async\" class=\"aligncenter size-large wp-image-7562\" title=\"DSC_0201-50\" src=\"http:\/\/www.susannavaris.com\/blogg\/wp-content\/uploads\/2012\/10\/DSC_0201-50-1024x838.jpg\" alt=\"\" width=\"640\" height=\"523\" srcset=\"http:\/\/www.susannavaris.com\/blogg\/wp-content\/uploads\/2012\/10\/DSC_0201-50-1024x838.jpg 1024w, http:\/\/www.susannavaris.com\/blogg\/wp-content\/uploads\/2012\/10\/DSC_0201-50-300x245.jpg 300w, http:\/\/www.susannavaris.com\/blogg\/wp-content\/uploads\/2012\/10\/DSC_0201-50.jpg 1840w\" sizes=\"auto, (max-width: 640px) 100vw, 640px\" \/><\/a>\u00a0<em>Det h\u00e4r vackra art nouveau-sk\u00e5pet skulle jag inte tacka nej till&#8230;<\/em><\/p>\n<p style=\"text-align: center;\"><a href=\"http:\/\/www.susannavaris.com\/blogg\/wp-content\/uploads\/2012\/10\/DSC_0202-50.jpg\"><img loading=\"lazy\" decoding=\"async\" class=\"aligncenter size-large wp-image-7563\" title=\"DSC_0202-50\" src=\"http:\/\/www.susannavaris.com\/blogg\/wp-content\/uploads\/2012\/10\/DSC_0202-50-1024x682.jpg\" alt=\"\" width=\"640\" height=\"426\" srcset=\"http:\/\/www.susannavaris.com\/blogg\/wp-content\/uploads\/2012\/10\/DSC_0202-50-1024x682.jpg 1024w, http:\/\/www.susannavaris.com\/blogg\/wp-content\/uploads\/2012\/10\/DSC_0202-50-300x200.jpg 300w\" sizes=\"auto, (max-width: 640px) 100vw, 640px\" \/><\/a>\u00a0<a href=\"http:\/\/www.susannavaris.com\/blogg\/wp-content\/uploads\/2012\/10\/DSC_0203-50.jpg\"><img loading=\"lazy\" decoding=\"async\" class=\"aligncenter size-large wp-image-7564\" title=\"DSC_0203-50\" src=\"http:\/\/www.susannavaris.com\/blogg\/wp-content\/uploads\/2012\/10\/DSC_0203-50-1024x739.jpg\" alt=\"\" width=\"640\" height=\"461\" srcset=\"http:\/\/www.susannavaris.com\/blogg\/wp-content\/uploads\/2012\/10\/DSC_0203-50-1024x739.jpg 1024w, http:\/\/www.susannavaris.com\/blogg\/wp-content\/uploads\/2012\/10\/DSC_0203-50-300x216.jpg 300w\" sizes=\"auto, (max-width: 640px) 100vw, 640px\" \/><\/a>\u00a0<em>Utst\u00e4llningen hade tr\u00e4ngt in en liten avdelning av den fasta utst\u00e4llningen i ett h\u00f6rn; miniatyrsamlingar.<\/em><\/p>\n<p style=\"text-align: center;\"><a href=\"http:\/\/www.susannavaris.com\/blogg\/wp-content\/uploads\/2012\/10\/DSC_0204-50.jpg\"><img loading=\"lazy\" decoding=\"async\" class=\"aligncenter size-large wp-image-7565\" title=\"DSC_0204-50\" src=\"http:\/\/www.susannavaris.com\/blogg\/wp-content\/uploads\/2012\/10\/DSC_0204-50-1024x682.jpg\" alt=\"\" width=\"640\" height=\"426\" srcset=\"http:\/\/www.susannavaris.com\/blogg\/wp-content\/uploads\/2012\/10\/DSC_0204-50-1024x682.jpg 1024w, http:\/\/www.susannavaris.com\/blogg\/wp-content\/uploads\/2012\/10\/DSC_0204-50-300x200.jpg 300w\" sizes=\"auto, (max-width: 640px) 100vw, 640px\" \/><\/a>\u00a0<em>Vackra miniatyrer och m\u00e5larverktyg, men dessa h\u00f6rde nog, som sagt, inte till utst\u00e4llningen Det Moderna Livet&#8230;<\/em><\/p>\n<p style=\"text-align: center;\"><a href=\"http:\/\/www.susannavaris.com\/blogg\/wp-content\/uploads\/2012\/10\/DSC_0205-50.jpg\"><img loading=\"lazy\" decoding=\"async\" class=\"aligncenter size-large wp-image-7566\" title=\"DSC_0205-50\" src=\"http:\/\/www.susannavaris.com\/blogg\/wp-content\/uploads\/2012\/10\/DSC_0205-50-1024x542.jpg\" alt=\"\" width=\"640\" height=\"338\" srcset=\"http:\/\/www.susannavaris.com\/blogg\/wp-content\/uploads\/2012\/10\/DSC_0205-50-1024x542.jpg 1024w, http:\/\/www.susannavaris.com\/blogg\/wp-content\/uploads\/2012\/10\/DSC_0205-50-300x159.jpg 300w\" sizes=\"auto, (max-width: 640px) 100vw, 640px\" \/><\/a>\u00a0<a href=\"http:\/\/www.susannavaris.com\/blogg\/wp-content\/uploads\/2012\/10\/DSC_0206-50.jpg\"><img loading=\"lazy\" decoding=\"async\" class=\"aligncenter size-large wp-image-7567\" title=\"DSC_0206-50\" src=\"http:\/\/www.susannavaris.com\/blogg\/wp-content\/uploads\/2012\/10\/DSC_0206-50-1024x600.jpg\" alt=\"\" width=\"640\" height=\"375\" srcset=\"http:\/\/www.susannavaris.com\/blogg\/wp-content\/uploads\/2012\/10\/DSC_0206-50-1024x600.jpg 1024w, http:\/\/www.susannavaris.com\/blogg\/wp-content\/uploads\/2012\/10\/DSC_0206-50-300x176.jpg 300w\" sizes=\"auto, (max-width: 640px) 100vw, 640px\" \/><\/a>\u00a0<a href=\"http:\/\/www.susannavaris.com\/blogg\/wp-content\/uploads\/2012\/10\/DSC_0216-50.jpg\"><img loading=\"lazy\" decoding=\"async\" class=\"aligncenter size-large wp-image-7568\" title=\"DSC_0216-50\" src=\"http:\/\/www.susannavaris.com\/blogg\/wp-content\/uploads\/2012\/10\/DSC_0216-50-1024x682.jpg\" alt=\"\" width=\"640\" height=\"426\" srcset=\"http:\/\/www.susannavaris.com\/blogg\/wp-content\/uploads\/2012\/10\/DSC_0216-50-1024x682.jpg 1024w, http:\/\/www.susannavaris.com\/blogg\/wp-content\/uploads\/2012\/10\/DSC_0216-50-300x200.jpg 300w\" sizes=\"auto, (max-width: 640px) 100vw, 640px\" \/><\/a><em>\u00a0Operas\u00e5ngerskan Jenny Lind hade ett eget, vackert inrett rum&#8230;<\/em><\/p>\n<p style=\"text-align: center;\"><a href=\"http:\/\/www.susannavaris.com\/blogg\/wp-content\/uploads\/2012\/10\/DSC_0208-50.jpg\"><img loading=\"lazy\" decoding=\"async\" class=\"aligncenter size-large wp-image-7569\" title=\"DSC_0208-50\" src=\"http:\/\/www.susannavaris.com\/blogg\/wp-content\/uploads\/2012\/10\/DSC_0208-50-682x1024.jpg\" alt=\"\" width=\"640\" height=\"960\" srcset=\"http:\/\/www.susannavaris.com\/blogg\/wp-content\/uploads\/2012\/10\/DSC_0208-50-682x1024.jpg 682w, http:\/\/www.susannavaris.com\/blogg\/wp-content\/uploads\/2012\/10\/DSC_0208-50-200x300.jpg 200w, http:\/\/www.susannavaris.com\/blogg\/wp-content\/uploads\/2012\/10\/DSC_0208-50.jpg 1536w\" sizes=\"auto, (max-width: 640px) 100vw, 640px\" \/><\/a><em>Jenny Lind<\/em><\/p>\n<p style=\"text-align: center;\"><a href=\"http:\/\/www.susannavaris.com\/blogg\/wp-content\/uploads\/2012\/10\/DSC_0209-50.jpg\"><img loading=\"lazy\" decoding=\"async\" class=\"aligncenter size-large wp-image-7570\" title=\"DSC_0209-50\" src=\"http:\/\/www.susannavaris.com\/blogg\/wp-content\/uploads\/2012\/10\/DSC_0209-50-1024x592.jpg\" alt=\"\" width=\"640\" height=\"370\" srcset=\"http:\/\/www.susannavaris.com\/blogg\/wp-content\/uploads\/2012\/10\/DSC_0209-50-1024x592.jpg 1024w, http:\/\/www.susannavaris.com\/blogg\/wp-content\/uploads\/2012\/10\/DSC_0209-50-300x173.jpg 300w\" sizes=\"auto, (max-width: 640px) 100vw, 640px\" \/><\/a><\/p>\n<p style=\"text-align: center;\"><em>Jenny Lind<\/em><\/p>\n<p style=\"text-align: center;\"><a href=\"http:\/\/www.susannavaris.com\/blogg\/wp-content\/uploads\/2012\/10\/DSC_0210-50.jpg\"><img loading=\"lazy\" decoding=\"async\" class=\"aligncenter size-large wp-image-7571\" title=\"DSC_0210-50\" src=\"http:\/\/www.susannavaris.com\/blogg\/wp-content\/uploads\/2012\/10\/DSC_0210-50-1024x624.jpg\" alt=\"\" width=\"640\" height=\"390\" srcset=\"http:\/\/www.susannavaris.com\/blogg\/wp-content\/uploads\/2012\/10\/DSC_0210-50-1024x624.jpg 1024w, http:\/\/www.susannavaris.com\/blogg\/wp-content\/uploads\/2012\/10\/DSC_0210-50-300x183.jpg 300w\" sizes=\"auto, (max-width: 640px) 100vw, 640px\" \/><\/a>\u00a0<em>Som den kr\u00e5kf\u00e5gel jag \u00e4r (Varis = kr\u00e5ka), tycker jag om allt som skiner, bl\u00e4nker och glittrar&#8230; :)<\/em><\/p>\n<p style=\"text-align: center;\"><a href=\"http:\/\/www.susannavaris.com\/blogg\/wp-content\/uploads\/2012\/10\/DSC_0211-50.jpg\"><img loading=\"lazy\" decoding=\"async\" class=\"aligncenter size-large wp-image-7572\" title=\"DSC_0211-50\" src=\"http:\/\/www.susannavaris.com\/blogg\/wp-content\/uploads\/2012\/10\/DSC_0211-50-1024x714.jpg\" alt=\"\" width=\"640\" height=\"446\" srcset=\"http:\/\/www.susannavaris.com\/blogg\/wp-content\/uploads\/2012\/10\/DSC_0211-50-1024x714.jpg 1024w, http:\/\/www.susannavaris.com\/blogg\/wp-content\/uploads\/2012\/10\/DSC_0211-50-300x209.jpg 300w\" sizes=\"auto, (max-width: 640px) 100vw, 640px\" \/><\/a>\u00a0<em>Jennys ordnar och andra utm\u00e4rkelser&#8230;<\/em><\/p>\n<p style=\"text-align: center;\"><a href=\"http:\/\/www.susannavaris.com\/blogg\/wp-content\/uploads\/2012\/10\/DSC_0212-50.jpg\"><img loading=\"lazy\" decoding=\"async\" class=\"aligncenter size-large wp-image-7573\" title=\"DSC_0212-50\" src=\"http:\/\/www.susannavaris.com\/blogg\/wp-content\/uploads\/2012\/10\/DSC_0212-50-856x1024.jpg\" alt=\"\" width=\"640\" height=\"765\" srcset=\"http:\/\/www.susannavaris.com\/blogg\/wp-content\/uploads\/2012\/10\/DSC_0212-50-856x1024.jpg 856w, http:\/\/www.susannavaris.com\/blogg\/wp-content\/uploads\/2012\/10\/DSC_0212-50-250x300.jpg 250w, http:\/\/www.susannavaris.com\/blogg\/wp-content\/uploads\/2012\/10\/DSC_0212-50.jpg 1536w\" sizes=\"auto, (max-width: 640px) 100vw, 640px\" \/><\/a>\u00a0<em>Kejsarinnan Josephine av Frankrike i Jenny Lind-rummet<\/em><\/p>\n<p style=\"text-align: center;\"><a href=\"http:\/\/www.susannavaris.com\/blogg\/wp-content\/uploads\/2012\/10\/DSC_0213-50.jpg\"><img loading=\"lazy\" decoding=\"async\" class=\"aligncenter size-large wp-image-7574\" title=\"DSC_0213-50\" src=\"http:\/\/www.susannavaris.com\/blogg\/wp-content\/uploads\/2012\/10\/DSC_0213-50-856x1024.jpg\" alt=\"\" width=\"640\" height=\"765\" srcset=\"http:\/\/www.susannavaris.com\/blogg\/wp-content\/uploads\/2012\/10\/DSC_0213-50-856x1024.jpg 856w, http:\/\/www.susannavaris.com\/blogg\/wp-content\/uploads\/2012\/10\/DSC_0213-50-250x300.jpg 250w, http:\/\/www.susannavaris.com\/blogg\/wp-content\/uploads\/2012\/10\/DSC_0213-50.jpg 1521w\" sizes=\"auto, (max-width: 640px) 100vw, 640px\" \/><\/a>\u00a0<em>Jenny med sin syster Anna<\/em><\/p>\n<p style=\"text-align: center;\"><a href=\"http:\/\/www.susannavaris.com\/blogg\/wp-content\/uploads\/2012\/10\/DSC_0214-50.jpg\"><img loading=\"lazy\" decoding=\"async\" class=\"aligncenter size-large wp-image-7575\" title=\"DSC_0214-50\" src=\"http:\/\/www.susannavaris.com\/blogg\/wp-content\/uploads\/2012\/10\/DSC_0214-50-759x1024.jpg\" alt=\"\" width=\"640\" height=\"863\" srcset=\"http:\/\/www.susannavaris.com\/blogg\/wp-content\/uploads\/2012\/10\/DSC_0214-50-759x1024.jpg 759w, http:\/\/www.susannavaris.com\/blogg\/wp-content\/uploads\/2012\/10\/DSC_0214-50-222x300.jpg 222w, http:\/\/www.susannavaris.com\/blogg\/wp-content\/uploads\/2012\/10\/DSC_0214-50.jpg 1532w\" sizes=\"auto, (max-width: 640px) 100vw, 640px\" \/><\/a>\u00a0<a href=\"http:\/\/www.susannavaris.com\/blogg\/wp-content\/uploads\/2012\/10\/DSC_0215-50.jpg\"><img loading=\"lazy\" decoding=\"async\" class=\"aligncenter size-large wp-image-7576\" title=\"DSC_0215-50\" src=\"http:\/\/www.susannavaris.com\/blogg\/wp-content\/uploads\/2012\/10\/DSC_0215-50-803x1024.jpg\" alt=\"\" width=\"640\" height=\"816\" srcset=\"http:\/\/www.susannavaris.com\/blogg\/wp-content\/uploads\/2012\/10\/DSC_0215-50-803x1024.jpg 803w, http:\/\/www.susannavaris.com\/blogg\/wp-content\/uploads\/2012\/10\/DSC_0215-50-235x300.jpg 235w, http:\/\/www.susannavaris.com\/blogg\/wp-content\/uploads\/2012\/10\/DSC_0215-50.jpg 1450w\" sizes=\"auto, (max-width: 640px) 100vw, 640px\" \/><\/a>\u00a0<em>1800-talet, sekelskiftet och 1900-talets b\u00f6rjan var mycket estetiska epoker&#8230;<\/em><\/p>\n<p style=\"text-align: center;\"><a href=\"http:\/\/www.susannavaris.com\/blogg\/wp-content\/uploads\/2012\/10\/DSC_0217-50.jpg\"><img loading=\"lazy\" decoding=\"async\" class=\"aligncenter size-large wp-image-7577\" title=\"DSC_0217-50\" src=\"http:\/\/www.susannavaris.com\/blogg\/wp-content\/uploads\/2012\/10\/DSC_0217-50-682x1024.jpg\" alt=\"\" width=\"640\" height=\"960\" srcset=\"http:\/\/www.susannavaris.com\/blogg\/wp-content\/uploads\/2012\/10\/DSC_0217-50-682x1024.jpg 682w, http:\/\/www.susannavaris.com\/blogg\/wp-content\/uploads\/2012\/10\/DSC_0217-50-200x300.jpg 200w, http:\/\/www.susannavaris.com\/blogg\/wp-content\/uploads\/2012\/10\/DSC_0217-50.jpg 1536w\" sizes=\"auto, (max-width: 640px) 100vw, 640px\" \/><\/a>\u00a0<em>En krigsgudinna (!) p\u00e5 v\u00e4gen ut&#8230;<\/em><\/p>\n<p style=\"text-align: center;\"><a href=\"http:\/\/www.susannavaris.com\/blogg\/wp-content\/uploads\/2012\/10\/stolthet_fordom_collage_kampanj_588x297.jpg\"><img loading=\"lazy\" decoding=\"async\" class=\"aligncenter size-full wp-image-7578\" title=\"stolthet_fordom_collage_kampanj_588x297\" src=\"http:\/\/www.susannavaris.com\/blogg\/wp-content\/uploads\/2012\/10\/stolthet_fordom_collage_kampanj_588x297.jpg\" alt=\"\" width=\"588\" height=\"297\" srcset=\"http:\/\/www.susannavaris.com\/blogg\/wp-content\/uploads\/2012\/10\/stolthet_fordom_collage_kampanj_588x297.jpg 588w, http:\/\/www.susannavaris.com\/blogg\/wp-content\/uploads\/2012\/10\/stolthet_fordom_collage_kampanj_588x297-300x151.jpg 300w\" sizes=\"auto, (max-width: 588px) 100vw, 588px\" \/><\/a>\u00a0<em>Efter maten s\u00e5g vi ocks\u00e5 utst\u00e4llningen Stolthet och F\u00f6rdom, om kvinnliga 1800-talskonstn\u00e4rer. En omfattande utst\u00e4llning med framf\u00f6r allt portr\u00e4tt, men \u00e4ven en del landskap i olika tekniker. \u00c4ven svenska, kvinnliga kungligheter fanns representerade som upphovskvinnor&#8230;<\/em><\/p>\n<p style=\"text-align: center;\">Detaljer om bilderna ovan och utst\u00e4llningen finns h\u00e4r:<\/p>\n<p style=\"text-align: center;\"><a href=\"http:\/\/www.nationalmuseum.se\/sv\/Utstallningar\/Aktuella-utstallningar\/Stolthet-och-fordom1\/\">http:\/\/www.nationalmuseum.se\/sv\/Utstallningar\/Aktuella-utstallningar\/Stolthet-och-fordom1\/<\/a><\/p>\n<p style=\"text-align: left;\">Visst var det intressant att ta del av hur villkoren s\u00e5g ut f\u00f6r kvinnliga konstn\u00e4rer f\u00f6r n\u00e5got sekel sedan, att t ex franska, kvinnliga konstn\u00e4rer f\u00f6rbj\u00f6ds att ta del av konstn\u00e4rlig utbildning efter (!) franska revolutionen. Numera finns inte dessa hinder kvar, mycket tack vare en feministisk kamp men \u00e4ven samh\u00e4llsf\u00f6r\u00e4ndringarna som p\u00e5g\u00e5tt under tiden efter denna. Utbildning, upplysning och kunskap \u00e4r de b\u00e4sta, men \u00e4nd\u00e5 inte alltid tillr\u00e4ckliga, \u00a0vapnen mot inskr\u00e4nkthet och f\u00f6rdomar. Men g\u00e5rdagens v\u00e4rld och f\u00f6rdomar kan inte tas som int\u00e4kt f\u00f6r politiken idag. Feminismen av idag har ju tyv\u00e4rr fallit i samma f\u00e5lla som alla de krafter som verkade mot kvinnors m\u00f6jligheter f\u00f6rr; man anser att kvinnor inte kan av egen kraft (eftersom man menar att specialsatsningar och kvoteringar beh\u00f6vs f\u00f6r att kvinnor ska ta sig fram).<\/p>\n<p style=\"text-align: center;\"><a href=\"http:\/\/www.susannavaris.com\/blogg\/wp-content\/uploads\/2012\/10\/SF_421_02.jpg\"><img loading=\"lazy\" decoding=\"async\" class=\"aligncenter size-full wp-image-7579\" title=\"SF_421_02\" src=\"http:\/\/www.susannavaris.com\/blogg\/wp-content\/uploads\/2012\/10\/SF_421_02.jpg\" alt=\"\" width=\"568\" height=\"718\" srcset=\"http:\/\/www.susannavaris.com\/blogg\/wp-content\/uploads\/2012\/10\/SF_421_02.jpg 568w, http:\/\/www.susannavaris.com\/blogg\/wp-content\/uploads\/2012\/10\/SF_421_02-237x300.jpg 237w\" sizes=\"auto, (max-width: 568px) 100vw, 568px\" \/><\/a><em>\u00a0Bild fr\u00e5n Aftonbladet.\u00a0Elisabeth Vig\u00e9e-Lebrun, \u201dBaronessan Bonne-Marie-Jos\u00e9phine-Gabrielle Bernard de Boulainvilliers, g. De Crussol-Florensac\u201d, 1785, olja p\u00e5 tr\u00e4.<\/em><\/p>\n<p style=\"text-align: center;\">Andra artiklar:<\/p>\n<p style=\"text-align: center;\"><a href=\"http:\/\/www.svd.se\/kultur\/konst\/rik-bild-av-stolta-kvinnor_7531840.svd\">http:\/\/www.svd.se\/kultur\/konst\/rik-bild-av-stolta-kvinnor_7531840.svd<\/a><\/p>\n<p style=\"text-align: center;\"><a href=\"http:\/\/www.aftonbladet.se\/kultur\/konst\/article15607532.ab\">http:\/\/www.aftonbladet.se\/kultur\/konst\/article15607532.ab<\/a><\/p>\n<p style=\"text-align: center;\"><a href=\"http:\/\/www.expressen.se\/kultur\/stolthet-och-fordom-nationalmuseum\/\">http:\/\/www.expressen.se\/kultur\/stolthet-och-fordom-nationalmuseum\/<\/a><\/p>\n<p style=\"text-align: center;\"><a href=\"http:\/\/sverigesradio.se\/sida\/artikel.aspx?programid=478&amp;artikel=5292662\">http:\/\/sverigesradio.se\/sida\/artikel.aspx?programid=478&amp;artikel=5292662<\/a><\/p>\n<p style=\"text-align: center;\">\n<p style=\"text-align: center;\">\n<p style=\"text-align: center;\">\n","protected":false},"excerpt":{"rendered":"<p>\u00a0Uffe k\u00f6pte denna, underbara skr\u00e4ckisdocka till mig p\u00e5 Ballongspecialisten (hette det s\u00e5?) p\u00e5 Sveav\u00e4gen&#8230; En extra timme inatt, men jag vaknade 10.30 till klockan likv\u00e4l. Djupt inne i en m\u00e4rklig dr\u00f6m skapad av helgens skr\u00e4ckfilmer och godis\u00e4tande. Det har varit &hellip; <a href=\"http:\/\/www.susannavaris.com\/blogg\/2012\/10\/vacker-och-varm-halloweenhelg\/\">Forts\u00e4tt l\u00e4sa <span class=\"meta-nav\">&rarr;<\/span><\/a><\/p>\n","protected":false},"author":1,"featured_media":0,"comment_status":"open","ping_status":"open","sticky":false,"template":"","format":"standard","meta":{"footnotes":""},"categories":[181,259,674,1321,3,1162,589,1,590,4],"tags":[2436,4900,792,17,21,2435,122],"class_list":["post-7556","post","type-post","status-publish","format-standard","hentry","category-feminism","category-genusvetenskap","category-historia","category-jamstalldhet","category-konst","category-kultur","category-medier","category-okategoriserade","category-politik","category-utstallning","tag-det-moderna-livet","tag-feminism","tag-halloween","tag-konst-2","tag-nationalmuseum","tag-stolthet-och-fordom","tag-utstallning-2"],"_links":{"self":[{"href":"http:\/\/www.susannavaris.com\/blogg\/wp-json\/wp\/v2\/posts\/7556","targetHints":{"allow":["GET"]}}],"collection":[{"href":"http:\/\/www.susannavaris.com\/blogg\/wp-json\/wp\/v2\/posts"}],"about":[{"href":"http:\/\/www.susannavaris.com\/blogg\/wp-json\/wp\/v2\/types\/post"}],"author":[{"embeddable":true,"href":"http:\/\/www.susannavaris.com\/blogg\/wp-json\/wp\/v2\/users\/1"}],"replies":[{"embeddable":true,"href":"http:\/\/www.susannavaris.com\/blogg\/wp-json\/wp\/v2\/comments?post=7556"}],"version-history":[{"count":2,"href":"http:\/\/www.susannavaris.com\/blogg\/wp-json\/wp\/v2\/posts\/7556\/revisions"}],"predecessor-version":[{"id":7581,"href":"http:\/\/www.susannavaris.com\/blogg\/wp-json\/wp\/v2\/posts\/7556\/revisions\/7581"}],"wp:attachment":[{"href":"http:\/\/www.susannavaris.com\/blogg\/wp-json\/wp\/v2\/media?parent=7556"}],"wp:term":[{"taxonomy":"category","embeddable":true,"href":"http:\/\/www.susannavaris.com\/blogg\/wp-json\/wp\/v2\/categories?post=7556"},{"taxonomy":"post_tag","embeddable":true,"href":"http:\/\/www.susannavaris.com\/blogg\/wp-json\/wp\/v2\/tags?post=7556"}],"curies":[{"name":"wp","href":"https:\/\/api.w.org\/{rel}","templated":true}]}}