{"id":7602,"date":"2012-11-02T10:42:02","date_gmt":"2012-11-02T09:42:02","guid":{"rendered":"http:\/\/www.susannavaris.com\/blogg\/?p=7602"},"modified":"2012-11-02T10:42:02","modified_gmt":"2012-11-02T09:42:02","slug":"roots-version-ii","status":"publish","type":"post","link":"http:\/\/www.susannavaris.com\/blogg\/2012\/11\/roots-version-ii\/","title":{"rendered":"Roots, version II"},"content":{"rendered":"<p>Efter lite coaching fr\u00e5n min idol och numera mentor, Mia M\u00e4kil\u00e4, har vi nu andra versionen av Roots h\u00e4r:<\/p>\n<p style=\"text-align: center;\"><a href=\"http:\/\/www.susannavaris.com\/blogg\/wp-content\/uploads\/2012\/11\/Roots-draft-II-50-adj-text.jpg\"><img loading=\"lazy\" decoding=\"async\" class=\"aligncenter size-large wp-image-7603\" title=\"Roots draft II 50 adj text\" src=\"http:\/\/www.susannavaris.com\/blogg\/wp-content\/uploads\/2012\/11\/Roots-draft-II-50-adj-text-788x1024.jpg\" alt=\"\" width=\"640\" height=\"831\" srcset=\"http:\/\/www.susannavaris.com\/blogg\/wp-content\/uploads\/2012\/11\/Roots-draft-II-50-adj-text-788x1024.jpg 788w, http:\/\/www.susannavaris.com\/blogg\/wp-content\/uploads\/2012\/11\/Roots-draft-II-50-adj-text-230x300.jpg 230w, http:\/\/www.susannavaris.com\/blogg\/wp-content\/uploads\/2012\/11\/Roots-draft-II-50-adj-text.jpg 1268w\" sizes=\"auto, (max-width: 640px) 100vw, 640px\" \/><\/a>\u00a0<em>Roots (draft II), mixed media (acrylics and cut-outs), 2012. Susanna Varis\u00a0<\/em><\/p>\n<p style=\"text-align: center;\">Jag m\u00e5ste skaffa mig fler akrylf\u00e4rger. De \u00e4r inte hoppl\u00f6sa att arbeta med och man kan f\u00e5 fram de effekter jag \u00e4r ute efter f\u00f6r mina collage. F\u00f6r portr\u00e4tt och renodlade m\u00e5lningar kommer jag nog att forts\u00e4tta med oljef\u00e4rgerna. De tar tid, men f\u00f6r t ex portr\u00e4ttm\u00e5lning \u00e4r olja mer anv\u00e4ndbart enligt mig. Effekten \u00e4r sv\u00e5rslagen.<\/p>\n","protected":false},"excerpt":{"rendered":"<p>Efter lite coaching fr\u00e5n min idol och numera mentor, Mia M\u00e4kil\u00e4, har vi nu andra versionen av Roots h\u00e4r: \u00a0Roots (draft II), mixed media (acrylics and cut-outs), 2012. Susanna Varis\u00a0 Jag m\u00e5ste skaffa mig fler akrylf\u00e4rger. De \u00e4r inte hoppl\u00f6sa &hellip; <a href=\"http:\/\/www.susannavaris.com\/blogg\/2012\/11\/roots-version-ii\/\">Forts\u00e4tt l\u00e4sa <span class=\"meta-nav\">&rarr;<\/span><\/a><\/p>\n","protected":false},"author":1,"featured_media":0,"comment_status":"open","ping_status":"open","sticky":false,"template":"","format":"standard","meta":{"footnotes":""},"categories":[7,3,1162,415,1,2262],"tags":[418,402,17,4907,414,4924,2447,4921,25],"class_list":["post-7602","post","type-post","status-publish","format-standard","hentry","category-egna-verk","category-konst","category-kultur","category-lowbrow","category-okategoriserade","category-pop-surrealism","tag-art","tag-horror","tag-konst-2","tag-lowbrow","tag-mia-makila","tag-pop-surrealism","tag-roots","tag-skrackkonst","tag-surrealism"],"_links":{"self":[{"href":"http:\/\/www.susannavaris.com\/blogg\/wp-json\/wp\/v2\/posts\/7602","targetHints":{"allow":["GET"]}}],"collection":[{"href":"http:\/\/www.susannavaris.com\/blogg\/wp-json\/wp\/v2\/posts"}],"about":[{"href":"http:\/\/www.susannavaris.com\/blogg\/wp-json\/wp\/v2\/types\/post"}],"author":[{"embeddable":true,"href":"http:\/\/www.susannavaris.com\/blogg\/wp-json\/wp\/v2\/users\/1"}],"replies":[{"embeddable":true,"href":"http:\/\/www.susannavaris.com\/blogg\/wp-json\/wp\/v2\/comments?post=7602"}],"version-history":[{"count":2,"href":"http:\/\/www.susannavaris.com\/blogg\/wp-json\/wp\/v2\/posts\/7602\/revisions"}],"predecessor-version":[{"id":7605,"href":"http:\/\/www.susannavaris.com\/blogg\/wp-json\/wp\/v2\/posts\/7602\/revisions\/7605"}],"wp:attachment":[{"href":"http:\/\/www.susannavaris.com\/blogg\/wp-json\/wp\/v2\/media?parent=7602"}],"wp:term":[{"taxonomy":"category","embeddable":true,"href":"http:\/\/www.susannavaris.com\/blogg\/wp-json\/wp\/v2\/categories?post=7602"},{"taxonomy":"post_tag","embeddable":true,"href":"http:\/\/www.susannavaris.com\/blogg\/wp-json\/wp\/v2\/tags?post=7602"}],"curies":[{"name":"wp","href":"https:\/\/api.w.org\/{rel}","templated":true}]}}