{"id":7628,"date":"2012-11-04T10:56:41","date_gmt":"2012-11-04T09:56:41","guid":{"rendered":"http:\/\/www.susannavaris.com\/blogg\/?p=7628"},"modified":"2012-11-04T10:56:41","modified_gmt":"2012-11-04T09:56:41","slug":"i-forkylningens-klor","status":"publish","type":"post","link":"http:\/\/www.susannavaris.com\/blogg\/2012\/11\/i-forkylningens-klor\/","title":{"rendered":"I f\u00f6rkylningens klor"},"content":{"rendered":"<p>F\u00f6rkylningen har slagit sina onda klor i mig och jag ligger hemma, \u00f6msom i frossa, \u00f6msom svettandes. jag orkade dock l\u00e4gga upp ett videoklipp som jag filat p\u00e5 med mina konstverk p\u00e5 Youtube&#8230;<\/p>\n<p><a href=\"http:\/\/www.youtube.com\/watch?v=E7Px5H5zBGA&amp;feature=plcp\">Artworks 1 by Susanna Varis<\/a><\/p>\n<p>(Hur man b\u00e4ddar in videoklipp h\u00e4r kommer jag f\u00f6rmodligen aldrig att lista ut, s\u00e5 ni f\u00e5r h\u00e5lla till godo med en tr\u00e5kig l\u00e4nk.)<\/p>\n<p>&nbsp;<\/p>\n","protected":false},"excerpt":{"rendered":"<p>F\u00f6rkylningen har slagit sina onda klor i mig och jag ligger hemma, \u00f6msom i frossa, \u00f6msom svettandes. jag orkade dock l\u00e4gga upp ett videoklipp som jag filat p\u00e5 med mina konstverk p\u00e5 Youtube&#8230; Artworks 1 by Susanna Varis (Hur man &hellip; <a href=\"http:\/\/www.susannavaris.com\/blogg\/2012\/11\/i-forkylningens-klor\/\">Forts\u00e4tt l\u00e4sa <span class=\"meta-nav\">&rarr;<\/span><\/a><\/p>\n","protected":false},"author":1,"featured_media":0,"comment_status":"open","ping_status":"open","sticky":false,"template":"","format":"standard","meta":{"footnotes":""},"categories":[7,3,1162,415,589,994,1,2262,4],"tags":[418,2451,2453,2455,17,1992,2452,2454],"class_list":["post-7628","post","type-post","status-publish","format-standard","hentry","category-egna-verk","category-konst","category-kultur","category-lowbrow","category-medier","category-musik","category-okategoriserade","category-pop-surrealism","category-utstallning","tag-art","tag-artworks-1","tag-bildspel","tag-forkylning","tag-konst-2","tag-konstverk","tag-musikvideo","tag-youtube"],"_links":{"self":[{"href":"http:\/\/www.susannavaris.com\/blogg\/wp-json\/wp\/v2\/posts\/7628","targetHints":{"allow":["GET"]}}],"collection":[{"href":"http:\/\/www.susannavaris.com\/blogg\/wp-json\/wp\/v2\/posts"}],"about":[{"href":"http:\/\/www.susannavaris.com\/blogg\/wp-json\/wp\/v2\/types\/post"}],"author":[{"embeddable":true,"href":"http:\/\/www.susannavaris.com\/blogg\/wp-json\/wp\/v2\/users\/1"}],"replies":[{"embeddable":true,"href":"http:\/\/www.susannavaris.com\/blogg\/wp-json\/wp\/v2\/comments?post=7628"}],"version-history":[{"count":2,"href":"http:\/\/www.susannavaris.com\/blogg\/wp-json\/wp\/v2\/posts\/7628\/revisions"}],"predecessor-version":[{"id":7630,"href":"http:\/\/www.susannavaris.com\/blogg\/wp-json\/wp\/v2\/posts\/7628\/revisions\/7630"}],"wp:attachment":[{"href":"http:\/\/www.susannavaris.com\/blogg\/wp-json\/wp\/v2\/media?parent=7628"}],"wp:term":[{"taxonomy":"category","embeddable":true,"href":"http:\/\/www.susannavaris.com\/blogg\/wp-json\/wp\/v2\/categories?post=7628"},{"taxonomy":"post_tag","embeddable":true,"href":"http:\/\/www.susannavaris.com\/blogg\/wp-json\/wp\/v2\/tags?post=7628"}],"curies":[{"name":"wp","href":"https:\/\/api.w.org\/{rel}","templated":true}]}}