{"id":7636,"date":"2012-11-05T11:11:42","date_gmt":"2012-11-05T10:11:42","guid":{"rendered":"http:\/\/www.susannavaris.com\/blogg\/?p=7636"},"modified":"2012-11-05T11:11:42","modified_gmt":"2012-11-05T10:11:42","slug":"feminismen-breder-ut-sig","status":"publish","type":"post","link":"http:\/\/www.susannavaris.com\/blogg\/2012\/11\/feminismen-breder-ut-sig\/","title":{"rendered":"Feminismen breder ut sig"},"content":{"rendered":"<p style=\"text-align: center;\"><a href=\"http:\/\/www.susannavaris.com\/blogg\/wp-content\/uploads\/2012\/11\/vanja4910_1_medium.jpg\"><img loading=\"lazy\" decoding=\"async\" class=\"aligncenter size-full wp-image-7637\" title=\"vanja4910_1_medium\" src=\"http:\/\/www.susannavaris.com\/blogg\/wp-content\/uploads\/2012\/11\/vanja4910_1_medium.jpg\" alt=\"\" width=\"499\" height=\"254\" srcset=\"http:\/\/www.susannavaris.com\/blogg\/wp-content\/uploads\/2012\/11\/vanja4910_1_medium.jpg 499w, http:\/\/www.susannavaris.com\/blogg\/wp-content\/uploads\/2012\/11\/vanja4910_1_medium-300x152.jpg 300w\" sizes=\"auto, (max-width: 499px) 100vw, 499px\" \/><\/a>\u00a0<em>Vanja Hermele<\/em><\/p>\n<p>&#8230;p\u00e5 landets kulturredaktioner. Idag kan vi ta del i SvD Kultur av Lina Kalmtegs recension av genusvetaren och feministen Vanja Hermeles bok <em>In som ett lamm, ut som en tigrinna; Patriarkatet i praktiken,\u00a0<\/em>heter recensionen i papperstidningen.<\/p>\n<p><strong><em>&#8221;Kvinnliga teaterchefer har blivit n\u00e5got vanligare, genusperspektivet \u00e4r ett mindre bespottat begrepp och filmavtalet inneh\u00e5ller numera en formulering om att st\u00f6den\u00a0ska\u201df\u00f6rdelas j\u00e4mnt mellan kvinnor och m\u00e4n\u201d och inte bara\u00a0b\u00f6r\u00a0\u201dvara 40\/60\u201d.&#8221;\u00a0<\/em><\/strong><\/p>\n<p>Detta beskrivs som resultat av Vanja Hermeles arbete med j\u00e4mst\u00e4lldhetsfr\u00e5gor i kulturlivet. Kalmteg: hur \u00e4r det j\u00e4mst\u00e4lldhet att filmst\u00f6det kvoteras 50\/50 % mellan m\u00e4n och kvinnor n\u00e4r underlaget av de s\u00f6kande inte \u00e4r 50\/50 %? De kvinnliga s\u00f6kandes andel ligger enligt uppskattningar kring 30 %. En 50\/50-f\u00f6rdelning av st\u00f6det \u00e4r de facto diskriminering av m\u00e4n.<\/p>\n<p>Men jag antar att det l\u00e4tt blir s\u00e5 h\u00e4r n\u00e4r man med hull och h\u00e5r anammar genusvetarnas och feministernas verklighetsbeskrivningar, n\u00e5got som Kalmteg inte hymlar med att hon g\u00f6r. (Ska inte journalister ens f\u00f6rs\u00f6ka s\u00f6ka efter sanningar&#8230;?):<\/p>\n<p><strong><em>&#8221;I rapporter som \u201dM\u00e4n, m\u00e4n, m\u00e4n och en och annan kvinna\u201d, om filmbranschen, och \u201dI v\u00e4ntan p\u00e5 vad\u00e5?\u201d, om teaterv\u00e4rlden, som jag sj\u00e4lv som journalist tacksamt har anv\u00e4nt mig av, har hon genom statistik och intervjuer visat hur det st\u00e5r till och d\u00e4rigenom gett kulturv\u00e4rlden en spark i skrevet som bidragit till handling.&#8221;<\/em><\/strong><\/p>\n<p>Jag hoppas att Kalmteg har l\u00e4st \u00e4mnet statistik p\u00e5 h\u00f6gskola och d\u00e4rmed f\u00e5tt insikt i \u00e4mnets sv\u00e5righeter. Det finns l\u00f6gn, f\u00f6rbannad l\u00f6gn och statistik, som det s\u00e4gs. Statistiken \u00e4r ett instrument med vars hj\u00e4lp vad som helst kan bevisas och p\u00e5visas, den b\u00f6r anv\u00e4ndas med yttersta f\u00f6rsiktighet, n\u00e5got jag inte f\u00f6r en sekund tror att genusvetarna g\u00f6r i sina f\u00f6rs\u00f6k att uppfylla sina grundantaganden om patriarkatet och k\u00f6nsmaktsordningen.<\/p>\n<p>Nu har Hermele anv\u00e4nt sig av sin genusvetenskapliga verklighetsbeskrivning till att skriva en, i dessa tider s\u00e5 popul\u00e4r, hybrid mellan fakta och fiktion. Nu \u00e4r genusvetenskapen redan fr\u00e5n b\u00f6rjan en h\u00f6gst diskutabel &#8221;vetenskap&#8221; i all sin subjektivitet och med sin ideologiska grund. Hermeles roman spinner vidare p\u00e5 subjektiviteten men med ett f\u00f6rs\u00f6k att ge de egna upplevelserna en sk vetenskaplig kontext. Andemeningen i romanen tycks vara misandrisk, tom recensenten reagerar:<\/p>\n<p><strong><em>&#8221;Ibland \u00e4r det\u00a0ocks\u00e5 lockande att som l\u00e4sare sucka: \u201dNej, alla m\u00e4n \u00e4r faktiskt inte djur, ej heller fiender.\u201d&#8221;\u00a0<\/em><\/strong><\/p>\n<p>Det \u00e4r obegripligt att en person som tydligen ger s\u00e5 starkt uttryck f\u00f6r misandri anses som \u00a0l\u00e4mplig f\u00f6r j\u00e4mst\u00e4lldhetsarbete. T\u00e4nk om situationen var den omv\u00e4nda? En man med starkt misogyna \u00e5sikter hyllas som j\u00e4mst\u00e4lldhetsexpert?<\/p>\n<p><strong><em>&#8221;Det \u00e4r en politisk nutidsskildring som bollar mig mellan uppgiven f\u00f6rtvivlan, \u00f6ver sakernas faktiska tillst\u00e5nd, gl\u00e4dje \u00f6ver hur skickligt Vanja Hermele visar det och en f\u00f6rhoppning om att hon ska forts\u00e4tta orka vara en ih\u00e4rdigt skavande nagel i \u00f6gat, b\u00e5de f\u00f6r kulturlivet och resten av samh\u00e4llet.&#8221;\u00a0<\/em><\/strong><\/p>\n<p>Om nu Kalmteg \u00e4r intresserad av &#8221;sakernas faktiska tillst\u00e5nd&#8221;, kan jag rekommendera henne att \u00e4ven ta del av, vad man skulle kunna kalla, den andra sidan av myntet. Ett par j\u00e4mst\u00e4lldister, P\u00e4r Str\u00f6m och Pelle Billing, har nyligen kommit med var sin bok d\u00e4r en annan sida av j\u00e4mst\u00e4lldheten finns beskriven. F\u00f6r den som \u00e4r intresserad.<\/p>\n<p>Mina tidigare inl\u00e4gg om filmst\u00f6det:<\/p>\n<p><a href=\"http:\/\/www.susannavaris.com\/blogg\/2012\/07\/ratt-kon-viktigast-for-att-erhalla-filmstod\/\">http:\/\/www.susannavaris.com\/blogg\/2012\/07\/ratt-kon-viktigast-for-att-erhalla-filmstod\/<\/a><\/p>\n<p><a href=\"http:\/\/www.susannavaris.com\/blogg\/2012\/10\/dagens-diskriminering\/\">http:\/\/www.susannavaris.com\/blogg\/2012\/10\/dagens-diskriminering\/<\/a><\/p>\n<p>&nbsp;<\/p>\n","protected":false},"excerpt":{"rendered":"<p>\u00a0Vanja Hermele &#8230;p\u00e5 landets kulturredaktioner. Idag kan vi ta del i SvD Kultur av Lina Kalmtegs recension av genusvetaren och feministen Vanja Hermeles bok In som ett lamm, ut som en tigrinna; Patriarkatet i praktiken,\u00a0heter recensionen i papperstidningen. &#8221;Kvinnliga teaterchefer &hellip; <a href=\"http:\/\/www.susannavaris.com\/blogg\/2012\/11\/feminismen-breder-ut-sig\/\">Forts\u00e4tt l\u00e4sa <span class=\"meta-nav\">&rarr;<\/span><\/a><\/p>\n","protected":false},"author":1,"featured_media":0,"comment_status":"open","ping_status":"open","sticky":false,"template":"","format":"standard","meta":{"footnotes":""},"categories":[178,181,259,1321,1162,589,1,590,403],"tags":[2460,4900,2415,4899,2461,1622,2123,2458,1244,548,504,2459],"class_list":["post-7636","post","type-post","status-publish","format-standard","hentry","category-blodtryckshojare","category-feminism","category-genusvetenskap","category-jamstalldhet","category-kultur","category-medier","category-okategoriserade","category-politik","category-pseudovetenskap","tag-2460","tag-feminism","tag-filmstod","tag-genus","tag-genusvetenskapen","tag-jamstalldism","tag-kvotering","tag-lina-kalmteg","tag-par-strom","tag-pelle-billing","tag-svd","tag-vanja-hermele"],"_links":{"self":[{"href":"http:\/\/www.susannavaris.com\/blogg\/wp-json\/wp\/v2\/posts\/7636","targetHints":{"allow":["GET"]}}],"collection":[{"href":"http:\/\/www.susannavaris.com\/blogg\/wp-json\/wp\/v2\/posts"}],"about":[{"href":"http:\/\/www.susannavaris.com\/blogg\/wp-json\/wp\/v2\/types\/post"}],"author":[{"embeddable":true,"href":"http:\/\/www.susannavaris.com\/blogg\/wp-json\/wp\/v2\/users\/1"}],"replies":[{"embeddable":true,"href":"http:\/\/www.susannavaris.com\/blogg\/wp-json\/wp\/v2\/comments?post=7636"}],"version-history":[{"count":4,"href":"http:\/\/www.susannavaris.com\/blogg\/wp-json\/wp\/v2\/posts\/7636\/revisions"}],"predecessor-version":[{"id":7641,"href":"http:\/\/www.susannavaris.com\/blogg\/wp-json\/wp\/v2\/posts\/7636\/revisions\/7641"}],"wp:attachment":[{"href":"http:\/\/www.susannavaris.com\/blogg\/wp-json\/wp\/v2\/media?parent=7636"}],"wp:term":[{"taxonomy":"category","embeddable":true,"href":"http:\/\/www.susannavaris.com\/blogg\/wp-json\/wp\/v2\/categories?post=7636"},{"taxonomy":"post_tag","embeddable":true,"href":"http:\/\/www.susannavaris.com\/blogg\/wp-json\/wp\/v2\/tags?post=7636"}],"curies":[{"name":"wp","href":"https:\/\/api.w.org\/{rel}","templated":true}]}}