{"id":7642,"date":"2012-11-06T21:08:03","date_gmt":"2012-11-06T20:08:03","guid":{"rendered":"http:\/\/www.susannavaris.com\/blogg\/?p=7642"},"modified":"2012-11-06T21:08:03","modified_gmt":"2012-11-06T20:08:03","slug":"feministiska-motioner","status":"publish","type":"post","link":"http:\/\/www.susannavaris.com\/blogg\/2012\/11\/feministiska-motioner\/","title":{"rendered":"Feministiska motioner"},"content":{"rendered":"<p style=\"text-align: center;\"><a href=\"http:\/\/www.susannavaris.com\/blogg\/wp-content\/uploads\/2012\/11\/RiksdagenTOPP.jpeg\"><img loading=\"lazy\" decoding=\"async\" class=\"aligncenter size-full wp-image-7650\" title=\"RiksdagenTOPP\" src=\"http:\/\/www.susannavaris.com\/blogg\/wp-content\/uploads\/2012\/11\/RiksdagenTOPP.jpeg\" alt=\"\" width=\"475\" height=\"180\" srcset=\"http:\/\/www.susannavaris.com\/blogg\/wp-content\/uploads\/2012\/11\/RiksdagenTOPP.jpeg 475w, http:\/\/www.susannavaris.com\/blogg\/wp-content\/uploads\/2012\/11\/RiksdagenTOPP-300x113.jpeg 300w\" sizes=\"auto, (max-width: 475px) 100vw, 475px\" \/><\/a>\u00a0<em>Riksdagen<\/em><\/p>\n<p>Jag \u00e4r hemma och f\u00f6rkyld och har den senaste halvtimmen roat (?) mig med att skumma igenom de motioner inom omr\u00e5det j\u00e4mst\u00e4lldhet som riksdagsledam\u00f6terna lagt under perioden 18. september till 5. oktober i \u00e5r. Vid den \u00f6verslagsm\u00e4ssiga anblicken kan man konstatera att j\u00e4mst\u00e4lldhet i m\u00e5ngt och mycket definieras som den feministiska versionen av densamma och riktar sig fr\u00e4mst till olika f\u00f6rb\u00e4ttringar av villkoren f\u00f6r kvinnor. Moderaterna och kristdemokraterna har ett par motioner g\u00e4llande\u00a0<a href=\"http:\/\/www.riksdagen.se\/sv\/Dokument-Lagar\/Forslag\/Motioner\/Jamstallt-foraldraskap-redan-v_H002C312\/?text=true\">pappans r\u00e4tt<\/a>\u00a0att automatiskt bli erk\u00e4nd som f\u00f6r\u00e4lder i de fall f\u00f6r\u00e4ldraparet inte \u00e4r gift, \u00f6kad <a href=\"http:\/\/www.riksdagen.se\/sv\/Dokument-Lagar\/Forslag\/Motioner\/kad-jamstalldhet-vid-separati_H002C214\/?text=true\">j\u00e4mst\u00e4lldhet vid separationer<\/a>,\u00a0<a href=\"http:\/\/www.riksdagen.se\/sv\/Dokument-Lagar\/Forslag\/Motioner\/Jamstallt-foraldraskap_H002A227\/?text=true\">j\u00e4mst\u00e4llt f\u00f6r\u00e4ldraskap<\/a>\u00a0och <a href=\"http:\/\/www.riksdagen.se\/sv\/Dokument-Lagar\/Forslag\/Motioner\/Stod-till-mans--och-kvinnojour_H002So318\/?text=true\">mans- och kvinnojourer<\/a>, d\u00e4r man konstaterar:<\/p>\n<p><strong><em>&#8221;Sveriges Mansjourers Riksf\u00f6rbund, SMR, \u00e4r ett f\u00f6rbund f\u00f6r Sveriges mansjourer. Cirka sju mansjourer i landet \u00e4r anslutna till f\u00f6rbundet. De arbetar f\u00f6r att hj\u00e4lpa utsatta m\u00e4n och f\u00f6r att verka opinionsm\u00e4ssigt f\u00f6r mansjourernas gemensamma intressen. De ges dock inget statligt st\u00f6d fr\u00e5n Socialstyrelsen, vilket kvinnojourernas organisationer f\u00e5r.&#8221;\u00a0<\/em><\/strong><\/p>\n<p>och<\/p>\n<p><strong><em>&#8221;Enligt socialtj\u00e4nstlagen har kommunerna en skyldighet att ge st\u00f6d och hj\u00e4lp till v\u00e5ldsutsatta kvinnor och barn som lever med v\u00e5ld.&#8221;\u00a0<\/em><\/strong><\/p>\n<p>Hur var det nu igen? K\u00f6nsmaktsordning och kvinnof\u00f6rtryck? Dolda strukturer som gynnar m\u00e4n? Jag kan heller inte hitta en enda motion som tar upp kvinnors v\u00e5ld, medan motioner om &#8221;m\u00e4ns v\u00e5ld mot kvinnor&#8221; finns hos flera partier. Det finns kvinnor med aggressions- och v\u00e5ldsproblematik, men detta talar ingen om. Varf\u00f6r inte?<\/p>\n<p>I \u00f6vrigt (i de jag hunnit l\u00e4sa) \u00e4r fokus p\u00e5 kvinnor. Det som gynnar kvinnor, gynnar j\u00e4mst\u00e4lldhet, tycks den grundl\u00e4ggande id\u00e9en vara. S\u00e4rskilt m\u00e4rks detta, f\u00f6ga f\u00f6rv\u00e5nande, hos partierna till v\u00e4nster. Talar man om m\u00e4n, talar man om problem. Till exempel\u00a0<a href=\"http:\/\/www.riksdagen.se\/sv\/Dokument-Lagar\/Forslag\/Motioner\/Man-och-maskulinitet_H002-EE895982-C306-4767-B858-9F6F91E10385\/?text=true\">denna<\/a>\u00a0motion om m\u00e4n och maskulinitet. Man tar upp en del problematik som speciellt drabbar m\u00e4n, men k\u00e4nner sig sedan n\u00f6dgade att f\u00f6rklara:<\/p>\n<p><strong><em>&#8221;Milj\u00f6partiet menar att inget av det som sagts ovan st\u00e5r i konflikt med en feministisk grundsyn eller feministisk ing\u00e5ng i fr\u00e5gorna. Tv\u00e4rtom \u00e4r fr\u00e5gor om maskulinitet en viktig del av en verklighetsf\u00f6rankrad och radikal j\u00e4mst\u00e4lldhetspolitik. Kunskapsperspektiv om hur makt- och samh\u00e4llsstrukturer bidrar till att forma manlighet \u00e4r ett kompletterande verktyg f\u00f6r att p\u00e5skynda utvecklingen mot ett j\u00e4mst\u00e4llt samh\u00e4lle. Det \u00e4r inte att tappa fokus p\u00e5 kvinnors r\u00e4ttigheter, snarare tv\u00e4rtom.&#8221;\u00a0<\/em><\/strong><\/p>\n<p>Ett fokus p\u00e5 specifika problemomr\u00e5den som m\u00e4n kan ha i sina liv kr\u00e4ver allts\u00e5 en speciellt urs\u00e4ktande f\u00f6rklaring i dessa sammanhang. Och, som vanligt, ligger ju problematiken i mannen sj\u00e4lv, i maskuliniteten:<\/p>\n<p><strong><em>&#8221;Om vi kan f\u00f6rst\u00e5 vad som uppb\u00e4r de problematiska delarna av maskuliniteterna kan vi ocks\u00e5 enklare och med mer riktade \u00e5tg\u00e4rder f\u00e5 till st\u00e5nd en f\u00f6r\u00e4ndring.&#8221;\u00a0<\/em><\/strong><\/p>\n<p>Regeringens tillsatta utredning om m\u00e4n och j\u00e4mst\u00e4lldhet anses beh\u00f6va en komplettering med det sedvanliga feministiska perspektivet om mannen som problem:<\/p>\n<p><strong><em>&#8221;Regeringen har nyligen beslutat att en s\u00e4rskild utredare ska kartl\u00e4gga och analysera fr\u00e5gor som r\u00f6r m\u00e4n och j\u00e4mst\u00e4lldhet. Vi anser att utredningen b\u00f6r ges ett kompletterande uppdrag om mansroll, maskuliniteter och j\u00e4mst\u00e4lldhet s\u00e5 som beskrivs i denna motion.<\/em><\/strong><\/p>\n<p><strong><em>Utredningen ska sammanst\u00e4lla fakta och ta fram utvecklingsv\u00e4gar f\u00f6r hur politiken kan nyttjas som ett verktyg f\u00f6r att skapa f\u00f6r\u00e4ndring av maskuliniteter och b\u00e4ttre f\u00f6rebygga m\u00e4ns v\u00e5ld samt f\u00f6rb\u00e4ttra m\u00e4ns psykiska och fysiska h\u00e4lsa.&#8221;\u00a0<\/em><\/strong><\/p>\n<p>Genuspedagogers n\u00f6dv\u00e4ndighet i <a href=\"http:\/\/www.riksdagen.se\/sv\/Dokument-Lagar\/Forslag\/Motioner\/Politik-for-forskolan_H002Ub466\/?text=true\">f\u00f6rskolan<\/a>\u00a0tycks vara given hos Socialdemokraterna:<\/p>\n<p><strong><em>&#8221;I en j\u00e4mst\u00e4lld f\u00f6rskola trivs, utvecklas och l\u00e4r sig b\u00e5de flickor och pojkar mycket. F\u00f6rskolan ska motverka traditionella k\u00f6nsm\u00f6nster och k\u00f6nsroller. Sv\u00e5righeterna att rekrytera m\u00e4n till f\u00f6rskolan \u00e4r ett stort problem. Det \u00e4r viktigt att personalen best\u00e5r av b\u00e5de m\u00e4n och kvinnor. D\u00e5 j\u00e4mst\u00e4lldhet \u00e4r ett kunskapsomr\u00e5de kr\u00e4vs kompetensutveckling f\u00f6r personalen och genuspedagoger b\u00f6r engageras i verksamheten.&#8221;<\/em><\/strong><\/p>\n<p>Hos Milj\u00f6partiet tycker man att skolan har en uppgift att arbeta mot det h\u00e4grande feministiska paradiset om 50\/50-f\u00f6rdelning mellan k\u00f6nen inom alla sektorer i samh\u00e4llet:<\/p>\n<p><strong><em>&#8221;Unga kvinnor s\u00f6ker sig i st\u00f6rre utstr\u00e4ckning till traditionellt mansdominerade branscher \u00e4n vad unga m\u00e4n s\u00f6ker sig till traditionellt kvinnodominerade branscher. Mot den bakgrunden b\u00f6r det g\u00f6ras s\u00e4rskilda insatser redan i grundskolan f\u00f6r att f\u00e5 fler pojkar att intressera sig f\u00f6r v\u00e5rd och omsorg n\u00e4r det \u00e4r dags att v\u00e4lja inriktning till gymnasiet. Skolan har ett ansvar f\u00f6r att tillhandah\u00e5lla pedagogik som stimulerar b\u00e5de flickor och pojkar att g\u00f6ra icke traditionella utbildningsval.&#8221;<\/em><\/strong><\/p>\n<p>Socialdemokraterna \u00e5ter vill p\u00e5 <a href=\"http:\/\/www.riksdagen.se\/sv\/Dokument-Lagar\/Forslag\/Motioner\/Politik-for-hogre-utbildning_H002-D959D531-FA1C-4F57-89D7-F0F5CA326F74\/?text=true\">h\u00f6gskolan<\/a>\u00a0vill koppla kvalitetsbed\u00f6mningskriterierna till att \u00e4ven g\u00e4lla j\u00e4mst\u00e4lldhet:<\/p>\n<p><strong><em>&#8221;J\u00e4mst\u00e4lldhetsaspekter b\u00f6r ocks\u00e5 i st\u00f6rre utstr\u00e4ckning beaktas inom ramen f\u00f6r det nya kvalitetsutv\u00e4rderingssystemet, och examensbeskrivningarna i h\u00f6gskolef\u00f6rordningen b\u00f6r ses \u00f6ver ur ett j\u00e4mst\u00e4lldhetsperspektiv.&#8221;<\/em><\/strong><\/p>\n<p>Vad man menar sig g\u00f6ra med examensbeskrivningarna vore intressant att veta.<\/p>\n<p>Nu hinner jag inte mera ikv\u00e4ll, ska se filmen Twilight i studiesyfte. Humanvampyren i kontrast mot det mer \u00a0zombieaktiga monstret p\u00e5 medeltiden.<\/p>\n","protected":false},"excerpt":{"rendered":"<p>\u00a0Riksdagen Jag \u00e4r hemma och f\u00f6rkyld och har den senaste halvtimmen roat (?) mig med att skumma igenom de motioner inom omr\u00e5det j\u00e4mst\u00e4lldhet som riksdagsledam\u00f6terna lagt under perioden 18. september till 5. oktober i \u00e5r. Vid den \u00f6verslagsm\u00e4ssiga anblicken kan &hellip; <a href=\"http:\/\/www.susannavaris.com\/blogg\/2012\/11\/feministiska-motioner\/\">Forts\u00e4tt l\u00e4sa <span class=\"meta-nav\">&rarr;<\/span><\/a><\/p>\n","protected":false},"author":1,"featured_media":0,"comment_status":"open","ping_status":"open","sticky":false,"template":"","format":"standard","meta":{"footnotes":""},"categories":[181,259,1321,1162,1,590,403],"tags":[4899,4903,2462,4918,2463,49],"class_list":["post-7642","post","type-post","status-publish","format-standard","hentry","category-feminism","category-genusvetenskap","category-jamstalldhet","category-kultur","category-okategoriserade","category-politik","category-pseudovetenskap","tag-genus","tag-genusvetenskap","tag-hogskolan","tag-jamstalldhet","tag-twilight","tag-vampyr"],"_links":{"self":[{"href":"http:\/\/www.susannavaris.com\/blogg\/wp-json\/wp\/v2\/posts\/7642","targetHints":{"allow":["GET"]}}],"collection":[{"href":"http:\/\/www.susannavaris.com\/blogg\/wp-json\/wp\/v2\/posts"}],"about":[{"href":"http:\/\/www.susannavaris.com\/blogg\/wp-json\/wp\/v2\/types\/post"}],"author":[{"embeddable":true,"href":"http:\/\/www.susannavaris.com\/blogg\/wp-json\/wp\/v2\/users\/1"}],"replies":[{"embeddable":true,"href":"http:\/\/www.susannavaris.com\/blogg\/wp-json\/wp\/v2\/comments?post=7642"}],"version-history":[{"count":8,"href":"http:\/\/www.susannavaris.com\/blogg\/wp-json\/wp\/v2\/posts\/7642\/revisions"}],"predecessor-version":[{"id":7651,"href":"http:\/\/www.susannavaris.com\/blogg\/wp-json\/wp\/v2\/posts\/7642\/revisions\/7651"}],"wp:attachment":[{"href":"http:\/\/www.susannavaris.com\/blogg\/wp-json\/wp\/v2\/media?parent=7642"}],"wp:term":[{"taxonomy":"category","embeddable":true,"href":"http:\/\/www.susannavaris.com\/blogg\/wp-json\/wp\/v2\/categories?post=7642"},{"taxonomy":"post_tag","embeddable":true,"href":"http:\/\/www.susannavaris.com\/blogg\/wp-json\/wp\/v2\/tags?post=7642"}],"curies":[{"name":"wp","href":"https:\/\/api.w.org\/{rel}","templated":true}]}}