{"id":7683,"date":"2012-11-08T15:13:17","date_gmt":"2012-11-08T14:13:17","guid":{"rendered":"http:\/\/www.susannavaris.com\/blogg\/?p=7683"},"modified":"2012-11-08T15:13:17","modified_gmt":"2012-11-08T14:13:17","slug":"par-strom-slutar-med-jamstalldhetsarbete","status":"publish","type":"post","link":"http:\/\/www.susannavaris.com\/blogg\/2012\/11\/par-strom-slutar-med-jamstalldhetsarbete\/","title":{"rendered":"P\u00e4r Str\u00f6m slutar med j\u00e4mst\u00e4lldhetsarbete"},"content":{"rendered":"<p><a href=\"http:\/\/www.susannavaris.com\/blogg\/wp-content\/uploads\/2012\/11\/stromgul.gif\"><img loading=\"lazy\" decoding=\"async\" class=\"aligncenter size-full wp-image-7684\" title=\"stromgul\" src=\"http:\/\/www.susannavaris.com\/blogg\/wp-content\/uploads\/2012\/11\/stromgul.gif\" alt=\"\" width=\"205\" height=\"307\" srcset=\"http:\/\/www.susannavaris.com\/blogg\/wp-content\/uploads\/2012\/11\/stromgul.gif 205w, http:\/\/www.susannavaris.com\/blogg\/wp-content\/uploads\/2012\/11\/stromgul-200x300.gif 200w\" sizes=\"auto, (max-width: 205px) 100vw, 205px\" \/><\/a><\/p>\n<p>Idag meddelar P\u00e4r Str\u00f6m att han <a href=\"http:\/\/genusnytt.wordpress.com\/2012\/11\/08\/jag-avslutar-allt-arbete-for-jamstalldhet-2\/\">avslutar sitt arbete<\/a>\u00a0med j\u00e4mst\u00e4lldhetsfr\u00e5gor pga hot och trakasserier. P\u00e4r Str\u00f6m har f\u00f6rf\u00e4ktat kontroversiella id\u00e9er som att de b\u00e5da k\u00f6nen har lika v\u00e4rde, att samma r\u00e4ttigheter och skyldigheter f\u00f6r kvinnor och m\u00e4n ska g\u00e4lla och propagerat f\u00f6r k\u00f6nsneutral lagstiftning, bland annat. Hoten och hatet pga detta har kr\u00e4vt sin tribut och han v\u00e4ljer att l\u00e4gga av.<\/p>\n<p>Grattis Sverige! Debattklimatet kommer att \u00e4n mer avsmalnas till den enda r\u00e4tta tankens v\u00e4g och de politiska extremisterna kan fira en triumf av att ha tystat \u00e4nnu en kritisk r\u00f6st. Mobbarna och hatarna (hos exempelvis forumet Vita Kr\u00e4nkta M\u00e4n p\u00e5 facebook) kan sl\u00e5 sig sj\u00e4lva f\u00f6r br\u00f6stet, ni ser till att en \u00e5siktsfrihet v\u00e4rd en diktatur h\u00e5lls vid liv. Detta har f\u00f6r \u00f6vrigt varit utm\u00e4rkande f\u00f6r just v\u00e4nster-feminist-h\u00f6rnan: ist\u00e4llet f\u00f6r argumentation i sak, mobbing, h\u00e4rskartekniker och hat.<\/p>\n<p>Debattklimatet i Sverige har inte ens l\u00e5gt i tak, det kryper runt i n\u00e5gon underjordisk h\u00e5la.<\/p>\n<p>Str\u00f6m kommer att medverka i kv\u00e4llens Debatt p\u00e5 SVT.<\/p>\n<p>DN v\u00e4ljer att kalla Str\u00f6m f\u00f6r <a href=\"http:\/\/www.dn.se\/kultur-noje\/par-strom-slutar-debattera-efter-hot\">antifeminist<\/a>\u00a0idag. Han \u00e4r j\u00e4mst\u00e4lldist och st\u00e5r f\u00f6r detta:<\/p>\n<h2>Detta st\u00e5r jag f\u00f6r:<\/h2>\n<div>Jag \u00e4r j\u00e4mst\u00e4lldist, vilket inneb\u00e4r att jag varken \u00e4r partisk f\u00f6r kvinnor (som feminismen) eller f\u00f6r m\u00e4n (som maskulismen). Ist\u00e4llet tycker jag att b\u00e5da k\u00f6n ska ha SAMMA v\u00e4rde, r\u00e4ttigheter och skyldigheter. Idag dominerar en statsfeminism som utm\u00e5lar kvinnor som f\u00f6rtryckta och i behov av curling f\u00f6r att klara sig h\u00e4r i livet. Det \u00e4r fel, och jag anser attityden vara f\u00f6r\u00f6dmjukande f\u00f6r kvinnor. Till skillnad fr\u00e5n feminister anser vi j\u00e4mst\u00e4lldister att kvinnor \u00e4r starka och klarar sig utan curling. Dessutom \u00e4r curling av kvinnor detsamma som diskriminering av m\u00e4n. M\u00e4n \u00e4r den enda grupp i Sverige som \u00e4r formellt diskriminerade. J\u00e4mst\u00e4lldhet \u00e4r INTE exakt lika antal av b\u00e5da k\u00f6n i samtliga sammanhang, det kan aldrig uppn\u00e5s eftersom m\u00e4n och kvinnor i genomsnitt har lite olika preferenser. Det \u00e4r LIKA F\u00d6RUTS\u00c4TTNINGAR f\u00f6r k\u00f6nen som \u00e4r j\u00e4mst\u00e4lldhet, inte lika utfall. Vill du veta mer? L\u00e4s en programf\u00f6rklaring f\u00f6r j\u00e4mst\u00e4lldismen p\u00e5 sidan &#8221;Vad vill j\u00e4mst\u00e4lldisterna?&#8221; som du finner l\u00e4ngre ned i denna spalt.<\/div>\n","protected":false},"excerpt":{"rendered":"<p>Idag meddelar P\u00e4r Str\u00f6m att han avslutar sitt arbete\u00a0med j\u00e4mst\u00e4lldhetsfr\u00e5gor pga hot och trakasserier. P\u00e4r Str\u00f6m har f\u00f6rf\u00e4ktat kontroversiella id\u00e9er som att de b\u00e5da k\u00f6nen har lika v\u00e4rde, att samma r\u00e4ttigheter och skyldigheter f\u00f6r kvinnor och m\u00e4n ska g\u00e4lla och &hellip; <a href=\"http:\/\/www.susannavaris.com\/blogg\/2012\/11\/par-strom-slutar-med-jamstalldhetsarbete\/\">Forts\u00e4tt l\u00e4sa <span class=\"meta-nav\">&rarr;<\/span><\/a><\/p>\n","protected":false},"author":1,"featured_media":0,"comment_status":"open","ping_status":"open","sticky":false,"template":"","format":"standard","meta":{"footnotes":""},"categories":[178,181,259,1321,1162,589,1,590,384],"tags":[719,2469,4900,4899,1467,4903,1622,1244,938],"class_list":["post-7683","post","type-post","status-publish","format-standard","hentry","category-blodtryckshojare","category-feminism","category-genusvetenskap","category-jamstalldhet","category-kultur","category-medier","category-okategoriserade","category-politik","category-tv","tag-debatt","tag-demokrati","tag-feminism","tag-genus","tag-genusnytt","tag-genusvetenskap","tag-jamstalldism","tag-par-strom","tag-svt"],"_links":{"self":[{"href":"http:\/\/www.susannavaris.com\/blogg\/wp-json\/wp\/v2\/posts\/7683","targetHints":{"allow":["GET"]}}],"collection":[{"href":"http:\/\/www.susannavaris.com\/blogg\/wp-json\/wp\/v2\/posts"}],"about":[{"href":"http:\/\/www.susannavaris.com\/blogg\/wp-json\/wp\/v2\/types\/post"}],"author":[{"embeddable":true,"href":"http:\/\/www.susannavaris.com\/blogg\/wp-json\/wp\/v2\/users\/1"}],"replies":[{"embeddable":true,"href":"http:\/\/www.susannavaris.com\/blogg\/wp-json\/wp\/v2\/comments?post=7683"}],"version-history":[{"count":3,"href":"http:\/\/www.susannavaris.com\/blogg\/wp-json\/wp\/v2\/posts\/7683\/revisions"}],"predecessor-version":[{"id":7687,"href":"http:\/\/www.susannavaris.com\/blogg\/wp-json\/wp\/v2\/posts\/7683\/revisions\/7687"}],"wp:attachment":[{"href":"http:\/\/www.susannavaris.com\/blogg\/wp-json\/wp\/v2\/media?parent=7683"}],"wp:term":[{"taxonomy":"category","embeddable":true,"href":"http:\/\/www.susannavaris.com\/blogg\/wp-json\/wp\/v2\/categories?post=7683"},{"taxonomy":"post_tag","embeddable":true,"href":"http:\/\/www.susannavaris.com\/blogg\/wp-json\/wp\/v2\/tags?post=7683"}],"curies":[{"name":"wp","href":"https:\/\/api.w.org\/{rel}","templated":true}]}}