{"id":7688,"date":"2012-11-08T17:25:14","date_gmt":"2012-11-08T16:25:14","guid":{"rendered":"http:\/\/www.susannavaris.com\/blogg\/?p=7688"},"modified":"2012-11-08T17:25:14","modified_gmt":"2012-11-08T16:25:14","slug":"sneak-preview","status":"publish","type":"post","link":"http:\/\/www.susannavaris.com\/blogg\/2012\/11\/sneak-preview\/","title":{"rendered":"Sneak preview"},"content":{"rendered":"<p style=\"text-align: center;\"><a href=\"http:\/\/www.susannavaris.com\/blogg\/wp-content\/uploads\/2012\/11\/DSC_0236-50.jpg\"><img loading=\"lazy\" decoding=\"async\" class=\"aligncenter size-large wp-image-7691\" title=\"DSC_0236-50\" src=\"http:\/\/www.susannavaris.com\/blogg\/wp-content\/uploads\/2012\/11\/DSC_0236-50-682x1024.jpg\" alt=\"\" width=\"640\" height=\"960\" srcset=\"http:\/\/www.susannavaris.com\/blogg\/wp-content\/uploads\/2012\/11\/DSC_0236-50-682x1024.jpg 682w, http:\/\/www.susannavaris.com\/blogg\/wp-content\/uploads\/2012\/11\/DSC_0236-50-200x300.jpg 200w, http:\/\/www.susannavaris.com\/blogg\/wp-content\/uploads\/2012\/11\/DSC_0236-50.jpg 1536w\" sizes=\"auto, (max-width: 640px) 100vw, 640px\" \/><\/a><em>\u00a0Ateljeh\u00f6rnan.<\/em><\/p>\n<p>Jag har k\u00e4nt mig n\u00e5got litet piggare idag och tom orkat att pyssla med ett konstverk. Jag fick rota fram staffliet ur g\u00f6mmorna eftersom verket \u00e4r f\u00f6r stort f\u00f6r att enbart m\u00e5las horisontellt p\u00e5 ett bord, som jag brukar g\u00f6ra.<\/p>\n<p style=\"text-align: center;\"><a href=\"http:\/\/www.susannavaris.com\/blogg\/wp-content\/uploads\/2012\/11\/Sweet-Sixteen-detail-4-50.jpg\"><img loading=\"lazy\" decoding=\"async\" class=\"aligncenter size-large wp-image-7689\" title=\"Sweet Sixteen detail 4 50\" src=\"http:\/\/www.susannavaris.com\/blogg\/wp-content\/uploads\/2012\/11\/Sweet-Sixteen-detail-4-50-1024x682.jpg\" alt=\"\" width=\"640\" height=\"426\" srcset=\"http:\/\/www.susannavaris.com\/blogg\/wp-content\/uploads\/2012\/11\/Sweet-Sixteen-detail-4-50-1024x682.jpg 1024w, http:\/\/www.susannavaris.com\/blogg\/wp-content\/uploads\/2012\/11\/Sweet-Sixteen-detail-4-50-300x200.jpg 300w, http:\/\/www.susannavaris.com\/blogg\/wp-content\/uploads\/2012\/11\/Sweet-Sixteen-detail-4-50.jpg 1152w\" sizes=\"auto, (max-width: 640px) 100vw, 640px\" \/><\/a>\u00a0<em>Sweet Sixteen, under process&#8230;<\/em><\/p>\n<p style=\"text-align: center;\">Verket \u00e4r en blandteknik i akryl, urklipp och tusch och jag har f\u00e5tt lite v\u00e4gledning av min mentor, Mia M\u00e4kil\u00e4. Det \u00e4r fantastiskt smickrande att hon anser mig vara l\u00e4rlingmaterial och jag \u00e4r s\u00e5 glad att jag har m\u00f6jligheten att ha henne som mentor!<\/p>\n<p style=\"text-align: center;\">Verket blir klart f\u00f6rst n\u00e4r jag f\u00e5r hem en gul akrylf\u00e4rg, f\u00f6rhoppningsvis imorgon.<\/p>\n<p style=\"text-align: center;\">\n","protected":false},"excerpt":{"rendered":"<p>\u00a0Ateljeh\u00f6rnan. Jag har k\u00e4nt mig n\u00e5got litet piggare idag och tom orkat att pyssla med ett konstverk. Jag fick rota fram staffliet ur g\u00f6mmorna eftersom verket \u00e4r f\u00f6r stort f\u00f6r att enbart m\u00e5las horisontellt p\u00e5 ett bord, som jag brukar &hellip; <a href=\"http:\/\/www.susannavaris.com\/blogg\/2012\/11\/sneak-preview\/\">Forts\u00e4tt l\u00e4sa <span class=\"meta-nav\">&rarr;<\/span><\/a><\/p>\n","protected":false},"author":1,"featured_media":0,"comment_status":"open","ping_status":"open","sticky":false,"template":"","format":"standard","meta":{"footnotes":""},"categories":[7,3,1162,415,1,2262],"tags":[418,164,17,2470,4907,867,414,103,4924],"class_list":["post-7688","post","type-post","status-publish","format-standard","hentry","category-egna-verk","category-konst","category-kultur","category-lowbrow","category-okategoriserade","category-pop-surrealism","tag-art","tag-collage","tag-konst-2","tag-kunst","tag-lowbrow","tag-maleri","tag-mia-makila","tag-mixed-media","tag-pop-surrealism"],"_links":{"self":[{"href":"http:\/\/www.susannavaris.com\/blogg\/wp-json\/wp\/v2\/posts\/7688","targetHints":{"allow":["GET"]}}],"collection":[{"href":"http:\/\/www.susannavaris.com\/blogg\/wp-json\/wp\/v2\/posts"}],"about":[{"href":"http:\/\/www.susannavaris.com\/blogg\/wp-json\/wp\/v2\/types\/post"}],"author":[{"embeddable":true,"href":"http:\/\/www.susannavaris.com\/blogg\/wp-json\/wp\/v2\/users\/1"}],"replies":[{"embeddable":true,"href":"http:\/\/www.susannavaris.com\/blogg\/wp-json\/wp\/v2\/comments?post=7688"}],"version-history":[{"count":3,"href":"http:\/\/www.susannavaris.com\/blogg\/wp-json\/wp\/v2\/posts\/7688\/revisions"}],"predecessor-version":[{"id":7693,"href":"http:\/\/www.susannavaris.com\/blogg\/wp-json\/wp\/v2\/posts\/7688\/revisions\/7693"}],"wp:attachment":[{"href":"http:\/\/www.susannavaris.com\/blogg\/wp-json\/wp\/v2\/media?parent=7688"}],"wp:term":[{"taxonomy":"category","embeddable":true,"href":"http:\/\/www.susannavaris.com\/blogg\/wp-json\/wp\/v2\/categories?post=7688"},{"taxonomy":"post_tag","embeddable":true,"href":"http:\/\/www.susannavaris.com\/blogg\/wp-json\/wp\/v2\/tags?post=7688"}],"curies":[{"name":"wp","href":"https:\/\/api.w.org\/{rel}","templated":true}]}}