{"id":7694,"date":"2012-11-08T20:55:34","date_gmt":"2012-11-08T19:55:34","guid":{"rendered":"http:\/\/www.susannavaris.com\/blogg\/?p=7694"},"modified":"2012-11-08T22:26:00","modified_gmt":"2012-11-08T21:26:00","slug":"marklig-dag","status":"publish","type":"post","link":"http:\/\/www.susannavaris.com\/blogg\/2012\/11\/marklig-dag\/","title":{"rendered":"M\u00e4rklig dag"},"content":{"rendered":"<p style=\"text-align: center;\"><a href=\"http:\/\/www.susannavaris.com\/blogg\/wp-content\/uploads\/2012\/11\/005-50.jpg\"><img loading=\"lazy\" decoding=\"async\" class=\"aligncenter size-large wp-image-7695\" title=\"005-50\" src=\"http:\/\/www.susannavaris.com\/blogg\/wp-content\/uploads\/2012\/11\/005-50-515x1024.jpg\" alt=\"\" width=\"515\" height=\"1024\" srcset=\"http:\/\/www.susannavaris.com\/blogg\/wp-content\/uploads\/2012\/11\/005-50-515x1024.jpg 515w, http:\/\/www.susannavaris.com\/blogg\/wp-content\/uploads\/2012\/11\/005-50-151x300.jpg 151w\" sizes=\"auto, (max-width: 515px) 100vw, 515px\" \/><\/a>\u00a0<em>Jag, en annan dag&#8230;<\/em><\/p>\n<p>Vilken underlig dag det har varit. F\u00f6rkylningen b\u00f6rjar vika h\u00e4dan och jag k\u00e4nner mig starkare.<\/p>\n<p>Dagen b\u00f6rjade med att en av mina samlare hade satt in pengar p\u00e5 mitt konto f\u00f6r det senaste ink\u00f6pet och jag kunde dra en l\u00e4ttnadens suck inf\u00f6r resten av m\u00e5nadens budgetering. Tack!<\/p>\n<p>N\u00e4sta som h\u00e4nder \u00e4r att jag hittar en l\u00e4nk p\u00e5 facebook till en orov\u00e4ckande <a href=\"http:\/\/www.newsmill.se\/artikel\/2012\/11\/07\/f-rl-t-mig-f-r-att-jag-tog-avst-nd-fr-n-feminismen\">artikel<\/a>\u00a0av Linda Skugge. Jag hoppas innerligt att detta \u00e4r ett pr-trick. Jag k\u00e4nner ju Linda lite grann och tyckte att hon var en frisk fl\u00e4kt i den annars ganska homogena v\u00e4nsterfeministmaffian som huserar inom Stockholms kultur- och mediav\u00e4rld. Jag tyckte ocks\u00e5 om att hon v\u00e5gade g\u00e5 sin v\u00e4g och inte behaga andra, men att bek\u00e4nna sig till feminismen \u00e4r 2012 knappast rebelliskt, det \u00e4r att ansluta sig till den enda r\u00e5dande, till\u00e5tna diskursen.<\/p>\n<p>N\u00e4sta chock blev beskedet att P\u00e4r Str\u00f6m slutar med sitt arbete f\u00f6r j\u00e4mst\u00e4lldhet. Jag har bloggat separat om detta h\u00e4runder.<\/p>\n<p>P\u00e5 dagen arbetade jag lite p\u00e5 mitt nya konstverk Sweet Sixteen och fick r\u00e5d av min mentor, Mia M\u00e4kil\u00e4. Senare lade jag upp en sneak preview b\u00e5de h\u00e4r och p\u00e5 fb. Den v\u00e4ckte ett visst intresse och jag blev kontaktad av en potentiell k\u00f6pare p\u00e5 en g\u00e5ng. Och ett annat konstverk, som en ursprunglig k\u00f6pare ej har betalat f\u00f6r som \u00f6verenskommet, tycks nu hitta ett nytt hem. Pl\u00f6tsligt tycks vinden v\u00e4nda igen och den mycket fattiga tillvaron byttes mot en n\u00e5got mera guldkantad s\u00e5dan.<\/p>\n<p>Med andra ord har dagen varit mycket omtumlande med b\u00e5de mycket bra och mycket d\u00e5liga nyheter. Det onda med det goda.<\/p>\n","protected":false},"excerpt":{"rendered":"<p>\u00a0Jag, en annan dag&#8230; Vilken underlig dag det har varit. F\u00f6rkylningen b\u00f6rjar vika h\u00e4dan och jag k\u00e4nner mig starkare. Dagen b\u00f6rjade med att en av mina samlare hade satt in pengar p\u00e5 mitt konto f\u00f6r det senaste ink\u00f6pet och jag &hellip; <a href=\"http:\/\/www.susannavaris.com\/blogg\/2012\/11\/marklig-dag\/\">Forts\u00e4tt l\u00e4sa <span class=\"meta-nav\">&rarr;<\/span><\/a><\/p>\n","protected":false},"author":1,"featured_media":0,"comment_status":"open","ping_status":"open","sticky":false,"template":"","format":"standard","meta":{"footnotes":""},"categories":[7,181,1321,3,1162,1,590,384],"tags":[719,4900,17,556,414,1244],"class_list":["post-7694","post","type-post","status-publish","format-standard","hentry","category-egna-verk","category-feminism","category-jamstalldhet","category-konst","category-kultur","category-okategoriserade","category-politik","category-tv","tag-debatt","tag-feminism","tag-konst-2","tag-linda-skugge","tag-mia-makila","tag-par-strom"],"_links":{"self":[{"href":"http:\/\/www.susannavaris.com\/blogg\/wp-json\/wp\/v2\/posts\/7694","targetHints":{"allow":["GET"]}}],"collection":[{"href":"http:\/\/www.susannavaris.com\/blogg\/wp-json\/wp\/v2\/posts"}],"about":[{"href":"http:\/\/www.susannavaris.com\/blogg\/wp-json\/wp\/v2\/types\/post"}],"author":[{"embeddable":true,"href":"http:\/\/www.susannavaris.com\/blogg\/wp-json\/wp\/v2\/users\/1"}],"replies":[{"embeddable":true,"href":"http:\/\/www.susannavaris.com\/blogg\/wp-json\/wp\/v2\/comments?post=7694"}],"version-history":[{"count":3,"href":"http:\/\/www.susannavaris.com\/blogg\/wp-json\/wp\/v2\/posts\/7694\/revisions"}],"predecessor-version":[{"id":7698,"href":"http:\/\/www.susannavaris.com\/blogg\/wp-json\/wp\/v2\/posts\/7694\/revisions\/7698"}],"wp:attachment":[{"href":"http:\/\/www.susannavaris.com\/blogg\/wp-json\/wp\/v2\/media?parent=7694"}],"wp:term":[{"taxonomy":"category","embeddable":true,"href":"http:\/\/www.susannavaris.com\/blogg\/wp-json\/wp\/v2\/categories?post=7694"},{"taxonomy":"post_tag","embeddable":true,"href":"http:\/\/www.susannavaris.com\/blogg\/wp-json\/wp\/v2\/tags?post=7694"}],"curies":[{"name":"wp","href":"https:\/\/api.w.org\/{rel}","templated":true}]}}