{"id":7725,"date":"2012-11-09T22:29:53","date_gmt":"2012-11-09T21:29:53","guid":{"rendered":"http:\/\/www.susannavaris.com\/blogg\/?p=7725"},"modified":"2012-11-09T22:29:53","modified_gmt":"2012-11-09T21:29:53","slug":"sweet-sixteen-ar-klar","status":"publish","type":"post","link":"http:\/\/www.susannavaris.com\/blogg\/2012\/11\/sweet-sixteen-ar-klar\/","title":{"rendered":"Sweet Sixteen \u00e4r klar"},"content":{"rendered":"<p style=\"text-align: center;\"><a href=\"http:\/\/www.susannavaris.com\/blogg\/wp-content\/uploads\/2012\/11\/DSC_0239-50.jpg\"><img loading=\"lazy\" decoding=\"async\" class=\"aligncenter size-large wp-image-7726\" title=\"DSC_0239-50\" src=\"http:\/\/www.susannavaris.com\/blogg\/wp-content\/uploads\/2012\/11\/DSC_0239-50-682x1024.jpg\" alt=\"\" width=\"640\" height=\"960\" srcset=\"http:\/\/www.susannavaris.com\/blogg\/wp-content\/uploads\/2012\/11\/DSC_0239-50-682x1024.jpg 682w, http:\/\/www.susannavaris.com\/blogg\/wp-content\/uploads\/2012\/11\/DSC_0239-50-200x300.jpg 200w, http:\/\/www.susannavaris.com\/blogg\/wp-content\/uploads\/2012\/11\/DSC_0239-50.jpg 1536w\" sizes=\"auto, (max-width: 640px) 100vw, 640px\" \/><\/a>\u00a0<em>Tidigare idag: Skarp och sned novembersol p\u00e5 balkongen.<\/em><\/p>\n<p style=\"text-align: center;\"><a href=\"http:\/\/www.susannavaris.com\/blogg\/wp-content\/uploads\/2012\/11\/DSC_0240-50.jpg\"><img loading=\"lazy\" decoding=\"async\" class=\"aligncenter size-large wp-image-7727\" title=\"DSC_0240-50\" src=\"http:\/\/www.susannavaris.com\/blogg\/wp-content\/uploads\/2012\/11\/DSC_0240-50-1024x682.jpg\" alt=\"\" width=\"640\" height=\"426\" srcset=\"http:\/\/www.susannavaris.com\/blogg\/wp-content\/uploads\/2012\/11\/DSC_0240-50-1024x682.jpg 1024w, http:\/\/www.susannavaris.com\/blogg\/wp-content\/uploads\/2012\/11\/DSC_0240-50-300x200.jpg 300w\" sizes=\"auto, (max-width: 640px) 100vw, 640px\" \/><\/a>\u00a0<em>Blommorna ger inte upp. Jo, en och annan verkar ha kastat in handduken, men f\u00f6rv\u00e5nansv\u00e4rt m\u00e5nga orkar blomma p\u00e5.<\/em><\/p>\n<p style=\"text-align: center;\"><a href=\"http:\/\/www.susannavaris.com\/blogg\/wp-content\/uploads\/2012\/11\/Sweet-Sixteen-pre-50.jpg\"><img loading=\"lazy\" decoding=\"async\" class=\"aligncenter size-large wp-image-7728\" title=\"Sweet Sixteen pre 50\" src=\"http:\/\/www.susannavaris.com\/blogg\/wp-content\/uploads\/2012\/11\/Sweet-Sixteen-pre-50-774x1024.jpg\" alt=\"\" width=\"640\" height=\"846\" srcset=\"http:\/\/www.susannavaris.com\/blogg\/wp-content\/uploads\/2012\/11\/Sweet-Sixteen-pre-50-774x1024.jpg 774w, http:\/\/www.susannavaris.com\/blogg\/wp-content\/uploads\/2012\/11\/Sweet-Sixteen-pre-50-226x300.jpg 226w, http:\/\/www.susannavaris.com\/blogg\/wp-content\/uploads\/2012\/11\/Sweet-Sixteen-pre-50.jpg 1491w\" sizes=\"auto, (max-width: 640px) 100vw, 640px\" \/><\/a>\u00a0<em>P\u00e5 kv\u00e4llen kom Uffe \u00e4ntligen med lite gul f\u00e4rg och Sweet Sixteen kunde f\u00e4rdigst\u00e4llas&#8230;<\/em><\/p>\n<p style=\"text-align: center;\"><a href=\"http:\/\/www.susannavaris.com\/blogg\/wp-content\/uploads\/2012\/11\/Sweet-Sixteen-pre-detail-01-50.jpg\"><img loading=\"lazy\" decoding=\"async\" class=\"aligncenter size-full wp-image-7729\" title=\"Sweet Sixteen pre detail 01 50\" src=\"http:\/\/www.susannavaris.com\/blogg\/wp-content\/uploads\/2012\/11\/Sweet-Sixteen-pre-detail-01-50.jpg\" alt=\"\" width=\"754\" height=\"689\" srcset=\"http:\/\/www.susannavaris.com\/blogg\/wp-content\/uploads\/2012\/11\/Sweet-Sixteen-pre-detail-01-50.jpg 754w, http:\/\/www.susannavaris.com\/blogg\/wp-content\/uploads\/2012\/11\/Sweet-Sixteen-pre-detail-01-50-300x274.jpg 300w\" sizes=\"auto, (max-width: 754px) 100vw, 754px\" \/><\/a>\u00a0<em>F\u00f6r mig handlar det om fr\u00f6jderna med den hormonstinna ton\u00e5rstiden, men alternativa tolkningar v\u00e4lkomnas i h\u00f6gsta grad. Alla ser sina egna saker.<\/em><\/p>\n<p style=\"text-align: center;\"><a href=\"http:\/\/www.susannavaris.com\/blogg\/wp-content\/uploads\/2012\/11\/Sweet-Sixteen-pre-detail-02.jpg\"><img loading=\"lazy\" decoding=\"async\" class=\"aligncenter size-large wp-image-7730\" title=\"Sweet Sixteen pre detail 02\" src=\"http:\/\/www.susannavaris.com\/blogg\/wp-content\/uploads\/2012\/11\/Sweet-Sixteen-pre-detail-02-1024x826.jpg\" alt=\"\" width=\"640\" height=\"516\" srcset=\"http:\/\/www.susannavaris.com\/blogg\/wp-content\/uploads\/2012\/11\/Sweet-Sixteen-pre-detail-02-1024x826.jpg 1024w, http:\/\/www.susannavaris.com\/blogg\/wp-content\/uploads\/2012\/11\/Sweet-Sixteen-pre-detail-02-300x242.jpg 300w\" sizes=\"auto, (max-width: 640px) 100vw, 640px\" \/><\/a><\/p>\n<p style=\"text-align: center;\"><a href=\"http:\/\/www.susannavaris.com\/blogg\/wp-content\/uploads\/2012\/11\/Sweet-Sixteen-pre-detail-03-50.jpg\"><img loading=\"lazy\" decoding=\"async\" class=\"aligncenter size-large wp-image-7731\" title=\"Sweet Sixteen pre detail 03 50\" src=\"http:\/\/www.susannavaris.com\/blogg\/wp-content\/uploads\/2012\/11\/Sweet-Sixteen-pre-detail-03-50-722x1024.jpg\" alt=\"\" width=\"640\" height=\"907\" srcset=\"http:\/\/www.susannavaris.com\/blogg\/wp-content\/uploads\/2012\/11\/Sweet-Sixteen-pre-detail-03-50-722x1024.jpg 722w, http:\/\/www.susannavaris.com\/blogg\/wp-content\/uploads\/2012\/11\/Sweet-Sixteen-pre-detail-03-50-211x300.jpg 211w, http:\/\/www.susannavaris.com\/blogg\/wp-content\/uploads\/2012\/11\/Sweet-Sixteen-pre-detail-03-50.jpg 1302w\" sizes=\"auto, (max-width: 640px) 100vw, 640px\" \/><\/a>\u00a0<em>Den \u00e4r 50 x 70 cm och kostar 3200 SEK.<\/em><\/p>\n","protected":false},"excerpt":{"rendered":"<p>\u00a0Tidigare idag: Skarp och sned novembersol p\u00e5 balkongen. \u00a0Blommorna ger inte upp. Jo, en och annan verkar ha kastat in handduken, men f\u00f6rv\u00e5nansv\u00e4rt m\u00e5nga orkar blomma p\u00e5. \u00a0P\u00e5 kv\u00e4llen kom Uffe \u00e4ntligen med lite gul f\u00e4rg och Sweet Sixteen kunde &hellip; <a href=\"http:\/\/www.susannavaris.com\/blogg\/2012\/11\/sweet-sixteen-ar-klar\/\">Forts\u00e4tt l\u00e4sa <span class=\"meta-nav\">&rarr;<\/span><\/a><\/p>\n","protected":false},"author":1,"featured_media":0,"comment_status":"open","ping_status":"open","sticky":false,"template":"","format":"standard","meta":{"footnotes":""},"categories":[7,3,1162,415,1,2262],"tags":[2426,2231,165,164,4907,103,4924,2476],"class_list":["post-7725","post","type-post","status-publish","format-standard","hentry","category-egna-verk","category-konst","category-kultur","category-lowbrow","category-okategoriserade","category-pop-surrealism","tag-akryl","tag-balkongen","tag-blandteknik","tag-collage","tag-lowbrow","tag-mixed-media","tag-pop-surrealism","tag-sweet-sixteen"],"_links":{"self":[{"href":"http:\/\/www.susannavaris.com\/blogg\/wp-json\/wp\/v2\/posts\/7725","targetHints":{"allow":["GET"]}}],"collection":[{"href":"http:\/\/www.susannavaris.com\/blogg\/wp-json\/wp\/v2\/posts"}],"about":[{"href":"http:\/\/www.susannavaris.com\/blogg\/wp-json\/wp\/v2\/types\/post"}],"author":[{"embeddable":true,"href":"http:\/\/www.susannavaris.com\/blogg\/wp-json\/wp\/v2\/users\/1"}],"replies":[{"embeddable":true,"href":"http:\/\/www.susannavaris.com\/blogg\/wp-json\/wp\/v2\/comments?post=7725"}],"version-history":[{"count":2,"href":"http:\/\/www.susannavaris.com\/blogg\/wp-json\/wp\/v2\/posts\/7725\/revisions"}],"predecessor-version":[{"id":7733,"href":"http:\/\/www.susannavaris.com\/blogg\/wp-json\/wp\/v2\/posts\/7725\/revisions\/7733"}],"wp:attachment":[{"href":"http:\/\/www.susannavaris.com\/blogg\/wp-json\/wp\/v2\/media?parent=7725"}],"wp:term":[{"taxonomy":"category","embeddable":true,"href":"http:\/\/www.susannavaris.com\/blogg\/wp-json\/wp\/v2\/categories?post=7725"},{"taxonomy":"post_tag","embeddable":true,"href":"http:\/\/www.susannavaris.com\/blogg\/wp-json\/wp\/v2\/tags?post=7725"}],"curies":[{"name":"wp","href":"https:\/\/api.w.org\/{rel}","templated":true}]}}