{"id":7740,"date":"2012-11-10T21:33:45","date_gmt":"2012-11-10T20:33:45","guid":{"rendered":"http:\/\/www.susannavaris.com\/blogg\/?p=7740"},"modified":"2012-11-10T21:33:45","modified_gmt":"2012-11-10T20:33:45","slug":"dagens-arbete","status":"publish","type":"post","link":"http:\/\/www.susannavaris.com\/blogg\/2012\/11\/dagens-arbete\/","title":{"rendered":"Dagens arbete"},"content":{"rendered":"<p>Dagen har g\u00e5tt i konstens tecken. Jag har f\u00e4rdigst\u00e4llt ett nytt verk, Adam &amp; Eve och m\u00e5lat en bakgrund till ett kommande verk med Alice i Underlandet-tema. V\u00e4lanv\u00e4nt tema, jag vet, men jag har alltid \u00e4lskat Alice i Underlandet och vill g\u00f6ra mina egna varianter av det.<\/p>\n<p style=\"text-align: center;\"><a href=\"http:\/\/www.susannavaris.com\/blogg\/wp-content\/uploads\/2012\/11\/Alice-background-03-50.jpg\"><img loading=\"lazy\" decoding=\"async\" class=\"aligncenter size-large wp-image-7741\" title=\"Alice background 03 50\" src=\"http:\/\/www.susannavaris.com\/blogg\/wp-content\/uploads\/2012\/11\/Alice-background-03-50-1024x682.jpg\" alt=\"\" width=\"640\" height=\"426\" srcset=\"http:\/\/www.susannavaris.com\/blogg\/wp-content\/uploads\/2012\/11\/Alice-background-03-50-1024x682.jpg 1024w, http:\/\/www.susannavaris.com\/blogg\/wp-content\/uploads\/2012\/11\/Alice-background-03-50-300x200.jpg 300w\" sizes=\"auto, (max-width: 640px) 100vw, 640px\" \/><\/a>\u00a0<em>Bakgrunden till Alice. Ska putsas p\u00e5 lite. Kanske. Akryl.<\/em><\/p>\n<p style=\"text-align: center;\"><a href=\"http:\/\/www.susannavaris.com\/blogg\/wp-content\/uploads\/2012\/11\/Adam-Eve-pre-50.jpg\"><img loading=\"lazy\" decoding=\"async\" class=\"aligncenter size-large wp-image-7742\" title=\"Adam &amp; Eve pre 50\" src=\"http:\/\/www.susannavaris.com\/blogg\/wp-content\/uploads\/2012\/11\/Adam-Eve-pre-50-1024x682.jpg\" alt=\"\" width=\"640\" height=\"426\" srcset=\"http:\/\/www.susannavaris.com\/blogg\/wp-content\/uploads\/2012\/11\/Adam-Eve-pre-50-1024x682.jpg 1024w, http:\/\/www.susannavaris.com\/blogg\/wp-content\/uploads\/2012\/11\/Adam-Eve-pre-50-300x200.jpg 300w\" sizes=\"auto, (max-width: 640px) 100vw, 640px\" \/><\/a>\u00a0<em>Adam &amp; Eve. B\u00e4ttre bild kommer imorgon n\u00e4r det finns ljus.<\/em><\/p>\n<p style=\"text-align: center;\">Nu blir det lussebulle, th\u00e9 och umg\u00e4nge.<\/p>\n","protected":false},"excerpt":{"rendered":"<p>Dagen har g\u00e5tt i konstens tecken. Jag har f\u00e4rdigst\u00e4llt ett nytt verk, Adam &amp; Eve och m\u00e5lat en bakgrund till ett kommande verk med Alice i Underlandet-tema. V\u00e4lanv\u00e4nt tema, jag vet, men jag har alltid \u00e4lskat Alice i Underlandet och &hellip; <a href=\"http:\/\/www.susannavaris.com\/blogg\/2012\/11\/dagens-arbete\/\">Forts\u00e4tt l\u00e4sa <span class=\"meta-nav\">&rarr;<\/span><\/a><\/p>\n","protected":false},"author":1,"featured_media":0,"comment_status":"open","ping_status":"open","sticky":false,"template":"","format":"standard","meta":{"footnotes":""},"categories":[7,3,1162,415,1,2262,303],"tags":[2477,1888,2426,298,418,4907,867,1634,4924],"class_list":["post-7740","post","type-post","status-publish","format-standard","hentry","category-egna-verk","category-konst","category-kultur","category-lowbrow","category-okategoriserade","category-pop-surrealism","category-religion","tag-adam-eve","tag-adam-och-eva","tag-akryl","tag-alice-i-underlandet-2","tag-art","tag-lowbrow","tag-maleri","tag-pop-art","tag-pop-surrealism"],"_links":{"self":[{"href":"http:\/\/www.susannavaris.com\/blogg\/wp-json\/wp\/v2\/posts\/7740","targetHints":{"allow":["GET"]}}],"collection":[{"href":"http:\/\/www.susannavaris.com\/blogg\/wp-json\/wp\/v2\/posts"}],"about":[{"href":"http:\/\/www.susannavaris.com\/blogg\/wp-json\/wp\/v2\/types\/post"}],"author":[{"embeddable":true,"href":"http:\/\/www.susannavaris.com\/blogg\/wp-json\/wp\/v2\/users\/1"}],"replies":[{"embeddable":true,"href":"http:\/\/www.susannavaris.com\/blogg\/wp-json\/wp\/v2\/comments?post=7740"}],"version-history":[{"count":2,"href":"http:\/\/www.susannavaris.com\/blogg\/wp-json\/wp\/v2\/posts\/7740\/revisions"}],"predecessor-version":[{"id":7744,"href":"http:\/\/www.susannavaris.com\/blogg\/wp-json\/wp\/v2\/posts\/7740\/revisions\/7744"}],"wp:attachment":[{"href":"http:\/\/www.susannavaris.com\/blogg\/wp-json\/wp\/v2\/media?parent=7740"}],"wp:term":[{"taxonomy":"category","embeddable":true,"href":"http:\/\/www.susannavaris.com\/blogg\/wp-json\/wp\/v2\/categories?post=7740"},{"taxonomy":"post_tag","embeddable":true,"href":"http:\/\/www.susannavaris.com\/blogg\/wp-json\/wp\/v2\/tags?post=7740"}],"curies":[{"name":"wp","href":"https:\/\/api.w.org\/{rel}","templated":true}]}}