{"id":7753,"date":"2012-11-11T14:38:42","date_gmt":"2012-11-11T13:38:42","guid":{"rendered":"http:\/\/www.susannavaris.com\/blogg\/?p=7753"},"modified":"2012-11-11T14:38:42","modified_gmt":"2012-11-11T13:38:42","slug":"bakgrunden-till-alice-i-underlandet","status":"publish","type":"post","link":"http:\/\/www.susannavaris.com\/blogg\/2012\/11\/bakgrunden-till-alice-i-underlandet\/","title":{"rendered":"Bakgrunden till Alice i Underlandet"},"content":{"rendered":"<p style=\"text-align: center;\"><a href=\"http:\/\/www.susannavaris.com\/blogg\/wp-content\/uploads\/2012\/11\/Alice-background-text.jpg\"><img loading=\"lazy\" decoding=\"async\" class=\"aligncenter size-large wp-image-7754\" title=\"Alice background text\" src=\"http:\/\/www.susannavaris.com\/blogg\/wp-content\/uploads\/2012\/11\/Alice-background-text-845x1024.jpg\" alt=\"\" width=\"640\" height=\"775\" srcset=\"http:\/\/www.susannavaris.com\/blogg\/wp-content\/uploads\/2012\/11\/Alice-background-text-845x1024.jpg 845w, http:\/\/www.susannavaris.com\/blogg\/wp-content\/uploads\/2012\/11\/Alice-background-text-247x300.jpg 247w, http:\/\/www.susannavaris.com\/blogg\/wp-content\/uploads\/2012\/11\/Alice-background-text.jpg 1236w\" sizes=\"auto, (max-width: 640px) 100vw, 640px\" \/><\/a>\u00a0<em>Alice in Wonderland-theme background. Acrylics, 2012. Susanna Varis<\/em><\/p>\n<p style=\"text-align: center;\">Den \u00e4r m\u00e5lad efter en fransk 1600-talskonstn\u00e4r, Henri Mauperch\u00e9.<\/p>\n","protected":false},"excerpt":{"rendered":"<p>\u00a0Alice in Wonderland-theme background. Acrylics, 2012. Susanna Varis Den \u00e4r m\u00e5lad efter en fransk 1600-talskonstn\u00e4r, Henri Mauperch\u00e9.<\/p>\n","protected":false},"author":1,"featured_media":0,"comment_status":"open","ping_status":"open","sticky":false,"template":"","format":"standard","meta":{"footnotes":""},"categories":[7,3,1162,1],"tags":[2426,298,299,2478,867],"class_list":["post-7753","post","type-post","status-publish","format-standard","hentry","category-egna-verk","category-konst","category-kultur","category-okategoriserade","tag-akryl","tag-alice-i-underlandet-2","tag-alice-in-wonderland","tag-henri-mauperche","tag-maleri"],"_links":{"self":[{"href":"http:\/\/www.susannavaris.com\/blogg\/wp-json\/wp\/v2\/posts\/7753","targetHints":{"allow":["GET"]}}],"collection":[{"href":"http:\/\/www.susannavaris.com\/blogg\/wp-json\/wp\/v2\/posts"}],"about":[{"href":"http:\/\/www.susannavaris.com\/blogg\/wp-json\/wp\/v2\/types\/post"}],"author":[{"embeddable":true,"href":"http:\/\/www.susannavaris.com\/blogg\/wp-json\/wp\/v2\/users\/1"}],"replies":[{"embeddable":true,"href":"http:\/\/www.susannavaris.com\/blogg\/wp-json\/wp\/v2\/comments?post=7753"}],"version-history":[{"count":2,"href":"http:\/\/www.susannavaris.com\/blogg\/wp-json\/wp\/v2\/posts\/7753\/revisions"}],"predecessor-version":[{"id":7756,"href":"http:\/\/www.susannavaris.com\/blogg\/wp-json\/wp\/v2\/posts\/7753\/revisions\/7756"}],"wp:attachment":[{"href":"http:\/\/www.susannavaris.com\/blogg\/wp-json\/wp\/v2\/media?parent=7753"}],"wp:term":[{"taxonomy":"category","embeddable":true,"href":"http:\/\/www.susannavaris.com\/blogg\/wp-json\/wp\/v2\/categories?post=7753"},{"taxonomy":"post_tag","embeddable":true,"href":"http:\/\/www.susannavaris.com\/blogg\/wp-json\/wp\/v2\/tags?post=7753"}],"curies":[{"name":"wp","href":"https:\/\/api.w.org\/{rel}","templated":true}]}}