{"id":7884,"date":"2012-11-18T18:33:04","date_gmt":"2012-11-18T17:33:04","guid":{"rendered":"http:\/\/www.susannavaris.com\/blogg\/?p=7884"},"modified":"2012-11-18T18:33:04","modified_gmt":"2012-11-18T17:33:04","slug":"smygtitt-pa-alice","status":"publish","type":"post","link":"http:\/\/www.susannavaris.com\/blogg\/2012\/11\/smygtitt-pa-alice\/","title":{"rendered":"Smygtitt p\u00e5 Alice"},"content":{"rendered":"<p>F\u00f6rkylningen v\u00e4grar sl\u00e4ppa sitt grepp och min temperatur \u00e5kte upp igen n\u00e4r jag p\u00e5 dagen lade iordning tavlor f\u00f6r den kommande utst\u00e4llningen p\u00e5 Galleri Kocks (dit ni alla \u00e4r varmt v\u00e4lkomna). Efter en dryg veckas arbete i sm\u00e5 doser \u00e4r nu Alice klar&#8230;<\/p>\n<p style=\"text-align: center;\"><a href=\"http:\/\/www.susannavaris.com\/blogg\/wp-content\/uploads\/2012\/11\/Alice-pre-mixed-media-2012-50.jpg\"><img loading=\"lazy\" decoding=\"async\" class=\"aligncenter size-large wp-image-7886\" title=\"Alice pre mixed media 2012 50\" src=\"http:\/\/www.susannavaris.com\/blogg\/wp-content\/uploads\/2012\/11\/Alice-pre-mixed-media-2012-50-1024x680.jpg\" alt=\"\" width=\"640\" height=\"425\" srcset=\"http:\/\/www.susannavaris.com\/blogg\/wp-content\/uploads\/2012\/11\/Alice-pre-mixed-media-2012-50-1024x680.jpg 1024w, http:\/\/www.susannavaris.com\/blogg\/wp-content\/uploads\/2012\/11\/Alice-pre-mixed-media-2012-50-300x199.jpg 300w\" sizes=\"auto, (max-width: 640px) 100vw, 640px\" \/><\/a>\u00a0<em>Smygtitt p\u00e5 Alice, mixed media 2012.<\/em><\/p>\n<p style=\"text-align: center;\">Jo, utst\u00e4llningen p\u00e5 Galleri Kocks:<\/p>\n<p style=\"text-align: center;\"><a href=\"http:\/\/www.susannavaris.com\/blogg\/wp-content\/uploads\/2012\/11\/global.jpg\"><img loading=\"lazy\" decoding=\"async\" class=\"size-full wp-image-7887 alignnone\" title=\"global\" src=\"http:\/\/www.susannavaris.com\/blogg\/wp-content\/uploads\/2012\/11\/global.jpg\" alt=\"\" width=\"1002\" height=\"257\" srcset=\"http:\/\/www.susannavaris.com\/blogg\/wp-content\/uploads\/2012\/11\/global.jpg 1002w, http:\/\/www.susannavaris.com\/blogg\/wp-content\/uploads\/2012\/11\/global-300x76.jpg 300w\" sizes=\"auto, (max-width: 1002px) 100vw, 1002px\" \/><\/a><\/p>\n<p style=\"text-align: center;\"><strong>Julutst\u00e4llning (Stockholm)<\/strong><\/p>\n<p style=\"text-align: center;\">V\u00e4lkomna till v\u00e5r julutst\u00e4llning den 24-28 november.<\/p>\n<p style=\"text-align: center;\">Missa inte v\u00e5r julutst\u00e4llning den 24-28 november. Ni kan njuta av fin konst och trevligt s\u00e4llskap n\u00e4r en del av v\u00e5ra medlemmar visar upp sina fina konstverk.<br \/>\nKanske hittar ni samtidigt en julklapp eller tv\u00e5.<\/p>\n<p style=\"text-align: center;\">Vernissage<br \/>\nL\u00f6rdag 12:00 \u2013 18:00<br \/>\nKom f\u00f6rbi och avnjut ett glas gl\u00f6gg och lite pepparkakor. Njut av trevliga diskussioner och fina konstverk.<\/p>\n<p style=\"text-align: center;\">\u00d6vriga \u00f6ppettider:<br \/>\nS\u00f6ndag: 12:00-16:00<br \/>\nM\u00e5ndag: 15:00-18:00<br \/>\nTisdag: 15:00-18:00<br \/>\nOnsdag: 12:00-16:00<\/p>\n<p style=\"text-align: center;\">Vart:<br \/>\nGalleri Kocks<br \/>\nKocksgatan 18<br \/>\n116 24 STOCKHOLM<\/p>\n<p style=\"text-align: center;\">Varmt v\u00e4lkomna!<\/p>\n","protected":false},"excerpt":{"rendered":"<p>F\u00f6rkylningen v\u00e4grar sl\u00e4ppa sitt grepp och min temperatur \u00e5kte upp igen n\u00e4r jag p\u00e5 dagen lade iordning tavlor f\u00f6r den kommande utst\u00e4llningen p\u00e5 Galleri Kocks (dit ni alla \u00e4r varmt v\u00e4lkomna). Efter en dryg veckas arbete i sm\u00e5 doser \u00e4r &hellip; <a href=\"http:\/\/www.susannavaris.com\/blogg\/2012\/11\/smygtitt-pa-alice\/\">Forts\u00e4tt l\u00e4sa <span class=\"meta-nav\">&rarr;<\/span><\/a><\/p>\n","protected":false},"author":1,"featured_media":0,"comment_status":"open","ping_status":"open","sticky":false,"template":"","format":"standard","meta":{"footnotes":""},"categories":[7,777,2491,3,1162,415,1,2262,4],"tags":[2493,2492,298,299,418,778,1704,17,103],"class_list":["post-7884","post","type-post","status-publish","format-standard","hentry","category-egna-verk","category-galleri-kocks","category-global-culture-julutstallning-2012","category-konst","category-kultur","category-lowbrow","category-okategoriserade","category-pop-surrealism","category-utstallning","tag-acrylics","tag-alice","tag-alice-i-underlandet-2","tag-alice-in-wonderland","tag-art","tag-galleri-kocks-2","tag-global-culture","tag-konst-2","tag-mixed-media"],"_links":{"self":[{"href":"http:\/\/www.susannavaris.com\/blogg\/wp-json\/wp\/v2\/posts\/7884","targetHints":{"allow":["GET"]}}],"collection":[{"href":"http:\/\/www.susannavaris.com\/blogg\/wp-json\/wp\/v2\/posts"}],"about":[{"href":"http:\/\/www.susannavaris.com\/blogg\/wp-json\/wp\/v2\/types\/post"}],"author":[{"embeddable":true,"href":"http:\/\/www.susannavaris.com\/blogg\/wp-json\/wp\/v2\/users\/1"}],"replies":[{"embeddable":true,"href":"http:\/\/www.susannavaris.com\/blogg\/wp-json\/wp\/v2\/comments?post=7884"}],"version-history":[{"count":2,"href":"http:\/\/www.susannavaris.com\/blogg\/wp-json\/wp\/v2\/posts\/7884\/revisions"}],"predecessor-version":[{"id":7889,"href":"http:\/\/www.susannavaris.com\/blogg\/wp-json\/wp\/v2\/posts\/7884\/revisions\/7889"}],"wp:attachment":[{"href":"http:\/\/www.susannavaris.com\/blogg\/wp-json\/wp\/v2\/media?parent=7884"}],"wp:term":[{"taxonomy":"category","embeddable":true,"href":"http:\/\/www.susannavaris.com\/blogg\/wp-json\/wp\/v2\/categories?post=7884"},{"taxonomy":"post_tag","embeddable":true,"href":"http:\/\/www.susannavaris.com\/blogg\/wp-json\/wp\/v2\/tags?post=7884"}],"curies":[{"name":"wp","href":"https:\/\/api.w.org\/{rel}","templated":true}]}}