{"id":7930,"date":"2012-11-22T20:04:14","date_gmt":"2012-11-22T19:04:14","guid":{"rendered":"http:\/\/www.susannavaris.com\/blogg\/?p=7930"},"modified":"2012-11-22T20:04:14","modified_gmt":"2012-11-22T19:04:14","slug":"kocks-idag","status":"publish","type":"post","link":"http:\/\/www.susannavaris.com\/blogg\/2012\/11\/kocks-idag\/","title":{"rendered":"Kocks idag"},"content":{"rendered":"<p style=\"text-align: center;\"><a href=\"http:\/\/www.susannavaris.com\/blogg\/wp-content\/uploads\/2012\/11\/DSC_0304-50.jpg\"><img loading=\"lazy\" decoding=\"async\" class=\"aligncenter size-large wp-image-7931\" title=\"DSC_0304-50\" src=\"http:\/\/www.susannavaris.com\/blogg\/wp-content\/uploads\/2012\/11\/DSC_0304-50-682x1024.jpg\" alt=\"\" width=\"640\" height=\"960\" srcset=\"http:\/\/www.susannavaris.com\/blogg\/wp-content\/uploads\/2012\/11\/DSC_0304-50-682x1024.jpg 682w, http:\/\/www.susannavaris.com\/blogg\/wp-content\/uploads\/2012\/11\/DSC_0304-50-200x300.jpg 200w, http:\/\/www.susannavaris.com\/blogg\/wp-content\/uploads\/2012\/11\/DSC_0304-50.jpg 1536w\" sizes=\"auto, (max-width: 640px) 100vw, 640px\" \/><\/a>\u00a0<em>Det \u00e4r h\u00e4r det h\u00e4nder p\u00e5 l\u00f6rdag (och fram till och med onsdag)&#8230;<\/em><\/p>\n<p style=\"text-align: center;\"><a href=\"http:\/\/www.susannavaris.com\/blogg\/wp-content\/uploads\/2012\/11\/DSC_0305-50.jpg\"><img loading=\"lazy\" decoding=\"async\" class=\"aligncenter size-large wp-image-7932\" title=\"DSC_0305-50\" src=\"http:\/\/www.susannavaris.com\/blogg\/wp-content\/uploads\/2012\/11\/DSC_0305-50-1024x682.jpg\" alt=\"\" width=\"640\" height=\"426\" srcset=\"http:\/\/www.susannavaris.com\/blogg\/wp-content\/uploads\/2012\/11\/DSC_0305-50-1024x682.jpg 1024w, http:\/\/www.susannavaris.com\/blogg\/wp-content\/uploads\/2012\/11\/DSC_0305-50-300x200.jpg 300w\" sizes=\"auto, (max-width: 640px) 100vw, 640px\" \/><\/a><\/p>\n<p>Idag l\u00e4mnade jag \u00f6ver mina verk till Global Culture och Galleri Kocks. Jag kommer inte att f\u00e5 h\u00e4nga upp tavlorna sj\u00e4lv och kontrollfreaket inom mig k\u00e4nner sig n\u00e5got rasl\u00f6st inf\u00f6r detta, men det blir nog bra \u00e4nd\u00e5. M\u00f6jligheten finns ju att bli kvar imorgon kv\u00e4ll oinbjuden och uts\u00e4tta de som ska sk\u00f6ta upph\u00e4ngningen f\u00f6r glada tillrop och goda r\u00e5d&#8230;agera n\u00e5got av en pain in the ass tills man f\u00e5r sk\u00f6ta upph\u00e4ngningen sj\u00e4lv. Men jag tror att jag avst\u00e5r&#8230; ;)<\/p>\n<p style=\"text-align: center;\"><a href=\"http:\/\/www.susannavaris.com\/blogg\/wp-content\/uploads\/2012\/11\/DSC_0306-50.jpg\"><img loading=\"lazy\" decoding=\"async\" class=\"aligncenter size-large wp-image-7933\" title=\"DSC_0306-50\" src=\"http:\/\/www.susannavaris.com\/blogg\/wp-content\/uploads\/2012\/11\/DSC_0306-50-1024x682.jpg\" alt=\"\" width=\"640\" height=\"426\" srcset=\"http:\/\/www.susannavaris.com\/blogg\/wp-content\/uploads\/2012\/11\/DSC_0306-50-1024x682.jpg 1024w, http:\/\/www.susannavaris.com\/blogg\/wp-content\/uploads\/2012\/11\/DSC_0306-50-300x200.jpg 300w\" sizes=\"auto, (max-width: 640px) 100vw, 640px\" \/><\/a>\u00a0<em>Vid Sergels Torg idag&#8230;<\/em><\/p>\n<p>\u00a0Sedan beh\u00f6vdes ett bord, s\u00e5 ett p\u00e5tvingat bes\u00f6k till IKEA genomf\u00f6rdes ocks\u00e5. Sightseeing i de s\u00f6dra f\u00f6rorterna och deras industriomr\u00e5den&#8230;men det gick f\u00f6rv\u00e5nansv\u00e4rt smidigt \u00e4nd\u00e5. IKEA:s snitslade bana genom precis varje avdelning \u00e4r ju sv\u00e5r att undvika helt (hur m\u00e5nga kilometer g\u00e5r man egentligen p\u00e5 bottenv\u00e5ningen innan man kommer fram till plocklagret&#8230;?)<\/p>\n<p>Nu f\u00e5r det bli en lugn kv\u00e4ll med lite avslappning, imorgon \u00e4r en l\u00e5ng dag och p\u00e5 l\u00f6rdag sm\u00e4ller det! Vernissage 12 18, v\u00e4lkomna!<\/p>\n","protected":false},"excerpt":{"rendered":"<p>\u00a0Det \u00e4r h\u00e4r det h\u00e4nder p\u00e5 l\u00f6rdag (och fram till och med onsdag)&#8230; Idag l\u00e4mnade jag \u00f6ver mina verk till Global Culture och Galleri Kocks. Jag kommer inte att f\u00e5 h\u00e4nga upp tavlorna sj\u00e4lv och kontrollfreaket inom mig k\u00e4nner sig &hellip; <a href=\"http:\/\/www.susannavaris.com\/blogg\/2012\/11\/kocks-idag\/\">Forts\u00e4tt l\u00e4sa <span class=\"meta-nav\">&rarr;<\/span><\/a><\/p>\n","protected":false},"author":1,"featured_media":0,"comment_status":"open","ping_status":"open","sticky":false,"template":"","format":"standard","meta":{"footnotes":""},"categories":[777,2491,3,1162,1,4],"tags":[778,1704,2499,901],"class_list":["post-7930","post","type-post","status-publish","format-standard","hentry","category-galleri-kocks","category-global-culture-julutstallning-2012","category-konst","category-kultur","category-okategoriserade","category-utstallning","tag-galleri-kocks-2","tag-global-culture","tag-julutstallning","tag-sergels-torg"],"_links":{"self":[{"href":"http:\/\/www.susannavaris.com\/blogg\/wp-json\/wp\/v2\/posts\/7930","targetHints":{"allow":["GET"]}}],"collection":[{"href":"http:\/\/www.susannavaris.com\/blogg\/wp-json\/wp\/v2\/posts"}],"about":[{"href":"http:\/\/www.susannavaris.com\/blogg\/wp-json\/wp\/v2\/types\/post"}],"author":[{"embeddable":true,"href":"http:\/\/www.susannavaris.com\/blogg\/wp-json\/wp\/v2\/users\/1"}],"replies":[{"embeddable":true,"href":"http:\/\/www.susannavaris.com\/blogg\/wp-json\/wp\/v2\/comments?post=7930"}],"version-history":[{"count":2,"href":"http:\/\/www.susannavaris.com\/blogg\/wp-json\/wp\/v2\/posts\/7930\/revisions"}],"predecessor-version":[{"id":7935,"href":"http:\/\/www.susannavaris.com\/blogg\/wp-json\/wp\/v2\/posts\/7930\/revisions\/7935"}],"wp:attachment":[{"href":"http:\/\/www.susannavaris.com\/blogg\/wp-json\/wp\/v2\/media?parent=7930"}],"wp:term":[{"taxonomy":"category","embeddable":true,"href":"http:\/\/www.susannavaris.com\/blogg\/wp-json\/wp\/v2\/categories?post=7930"},{"taxonomy":"post_tag","embeddable":true,"href":"http:\/\/www.susannavaris.com\/blogg\/wp-json\/wp\/v2\/tags?post=7930"}],"curies":[{"name":"wp","href":"https:\/\/api.w.org\/{rel}","templated":true}]}}