{"id":7989,"date":"2012-11-25T00:26:29","date_gmt":"2012-11-24T23:26:29","guid":{"rendered":"http:\/\/www.susannavaris.com\/blogg\/?p=7989"},"modified":"2012-11-25T18:28:23","modified_gmt":"2012-11-25T17:28:23","slug":"josses-flickor","status":"publish","type":"post","link":"http:\/\/www.susannavaris.com\/blogg\/2012\/11\/josses-flickor\/","title":{"rendered":"J\u00f6sses flickor"},"content":{"rendered":"<p>Inom ett dygn har jag nu tagit del av tv\u00e5 kr\u00f6nikor i Metro p\u00e5 ungef\u00e4r samma tema. Tv\u00e5 uttalade feminister, Fridah J\u00f6nsson och Cissi Wallin ifr\u00e5gas\u00e4tter nu det som bland andra jag p\u00e5 min blogg ifr\u00e5gasatt l\u00e4nge vad g\u00e4ller feminismen av idag, n\u00e4mligen manshatet och de oh\u00e4mmade dreven mot fr\u00e4mst vita, medel\u00e5lders m\u00e4n (men \u00e4ven andra av manligt k\u00f6n).<\/p>\n<p>N\u00e5got har alldeles uppenbarligen h\u00e4nt. Man kan alltid hoppas att man \u00e5tminstone i sina delar av denna r\u00f6relse b\u00f6rjar se situationen p\u00e5 ett mera nyanserat s\u00e4tt.<\/p>\n<p><a href=\"http:\/\/www.metro.se\/kolumner\/vita-man-far-ocksa-bli-krankta\/EVHlkv!eIc2SfD74uH\/\">Fridah J\u00f6nsson<\/a><\/p>\n<p><a href=\"http:\/\/www.metro.se\/kolumner\/svart-och-vitt-forstor-feminismen\/EVHlkw!1zibQc1kR46F6\/\">Cissi Wallin<\/a><\/p>\n<p>&nbsp;<\/p>\n","protected":false},"excerpt":{"rendered":"<p>Inom ett dygn har jag nu tagit del av tv\u00e5 kr\u00f6nikor i Metro p\u00e5 ungef\u00e4r samma tema. Tv\u00e5 uttalade feminister, Fridah J\u00f6nsson och Cissi Wallin ifr\u00e5gas\u00e4tter nu det som bland andra jag p\u00e5 min blogg ifr\u00e5gasatt l\u00e4nge vad g\u00e4ller feminismen &hellip; <a href=\"http:\/\/www.susannavaris.com\/blogg\/2012\/11\/josses-flickor\/\">Forts\u00e4tt l\u00e4sa <span class=\"meta-nav\">&rarr;<\/span><\/a><\/p>\n","protected":false},"author":1,"featured_media":0,"comment_status":"open","ping_status":"open","sticky":false,"template":"","format":"standard","meta":{"footnotes":""},"categories":[181,259,1321,1162,589,1,590],"tags":[2504,4900,2505,4918,1050],"class_list":["post-7989","post","type-post","status-publish","format-standard","hentry","category-feminism","category-genusvetenskap","category-jamstalldhet","category-kultur","category-medier","category-okategoriserade","category-politik","tag-cissi-wallin","tag-feminism","tag-fridah-jonsson","tag-jamstalldhet","tag-metro"],"_links":{"self":[{"href":"http:\/\/www.susannavaris.com\/blogg\/wp-json\/wp\/v2\/posts\/7989","targetHints":{"allow":["GET"]}}],"collection":[{"href":"http:\/\/www.susannavaris.com\/blogg\/wp-json\/wp\/v2\/posts"}],"about":[{"href":"http:\/\/www.susannavaris.com\/blogg\/wp-json\/wp\/v2\/types\/post"}],"author":[{"embeddable":true,"href":"http:\/\/www.susannavaris.com\/blogg\/wp-json\/wp\/v2\/users\/1"}],"replies":[{"embeddable":true,"href":"http:\/\/www.susannavaris.com\/blogg\/wp-json\/wp\/v2\/comments?post=7989"}],"version-history":[{"count":2,"href":"http:\/\/www.susannavaris.com\/blogg\/wp-json\/wp\/v2\/posts\/7989\/revisions"}],"predecessor-version":[{"id":7991,"href":"http:\/\/www.susannavaris.com\/blogg\/wp-json\/wp\/v2\/posts\/7989\/revisions\/7991"}],"wp:attachment":[{"href":"http:\/\/www.susannavaris.com\/blogg\/wp-json\/wp\/v2\/media?parent=7989"}],"wp:term":[{"taxonomy":"category","embeddable":true,"href":"http:\/\/www.susannavaris.com\/blogg\/wp-json\/wp\/v2\/categories?post=7989"},{"taxonomy":"post_tag","embeddable":true,"href":"http:\/\/www.susannavaris.com\/blogg\/wp-json\/wp\/v2\/tags?post=7989"}],"curies":[{"name":"wp","href":"https:\/\/api.w.org\/{rel}","templated":true}]}}