{"id":8037,"date":"2012-11-26T23:44:41","date_gmt":"2012-11-26T22:44:41","guid":{"rendered":"http:\/\/www.susannavaris.com\/blogg\/?p=8037"},"modified":"2012-11-26T23:44:41","modified_gmt":"2012-11-26T22:44:41","slug":"dark-and-pink-marilyn","status":"publish","type":"post","link":"http:\/\/www.susannavaris.com\/blogg\/2012\/11\/dark-and-pink-marilyn\/","title":{"rendered":"Dark and Pink Marilyn"},"content":{"rendered":"<p>Jag har gjort en variation av Dark Marilyn, Dark and Pink Marilyn, i ett exklusivt exemplar. Den kommer att ing\u00e5 i en auktion anordnad av Du och jag, Alfred hos KFUM i Eskilstuna 1:a december. F\u00f6rtj\u00e4nsten kommer att g\u00e5 till information om psykisk sjukdom och sociala sv\u00e5righeter.<\/p>\n<p><a href=\"http:\/\/www.susannavaris.com\/blogg\/wp-content\/uploads\/2012\/11\/Dark-and-Pink-Marilyn-2012-50-text.jpg\"><img loading=\"lazy\" decoding=\"async\" class=\"aligncenter size-large wp-image-8038\" title=\"Dark and Pink Marilyn 2012 50 text\" src=\"http:\/\/www.susannavaris.com\/blogg\/wp-content\/uploads\/2012\/11\/Dark-and-Pink-Marilyn-2012-50-text-722x1024.jpg\" alt=\"\" width=\"640\" height=\"907\" srcset=\"http:\/\/www.susannavaris.com\/blogg\/wp-content\/uploads\/2012\/11\/Dark-and-Pink-Marilyn-2012-50-text-722x1024.jpg 722w, http:\/\/www.susannavaris.com\/blogg\/wp-content\/uploads\/2012\/11\/Dark-and-Pink-Marilyn-2012-50-text-211x300.jpg 211w, http:\/\/www.susannavaris.com\/blogg\/wp-content\/uploads\/2012\/11\/Dark-and-Pink-Marilyn-2012-50-text.jpg 1219w\" sizes=\"auto, (max-width: 640px) 100vw, 640px\" \/><\/a><\/p>\n<p style=\"text-align: center;\"><em>Dark and Pink Marilyn, acrylic and cut-outs on a fine art gicl\u00e9e print of a original in water color. 2012. Susanna Varis<\/em><\/p>\n<p style=\"text-align: center;\"><a href=\"http:\/\/www.susannavaris.com\/blogg\/wp-content\/uploads\/2012\/11\/One-Flew-Over-the-Crows-Nest-mixed-media-2011-50-text.jpg\"><img loading=\"lazy\" decoding=\"async\" class=\"aligncenter size-large wp-image-8039\" title=\"One Flew Over the Crows Nest mixed media 2011 50 text\" src=\"http:\/\/www.susannavaris.com\/blogg\/wp-content\/uploads\/2012\/11\/One-Flew-Over-the-Crows-Nest-mixed-media-2011-50-text-721x1024.jpg\" alt=\"\" width=\"640\" height=\"908\" srcset=\"http:\/\/www.susannavaris.com\/blogg\/wp-content\/uploads\/2012\/11\/One-Flew-Over-the-Crows-Nest-mixed-media-2011-50-text-721x1024.jpg 721w, http:\/\/www.susannavaris.com\/blogg\/wp-content\/uploads\/2012\/11\/One-Flew-Over-the-Crows-Nest-mixed-media-2011-50-text-211x300.jpg 211w, http:\/\/www.susannavaris.com\/blogg\/wp-content\/uploads\/2012\/11\/One-Flew-Over-the-Crows-Nest-mixed-media-2011-50-text.jpg 1172w\" sizes=\"auto, (max-width: 640px) 100vw, 640px\" \/><\/a><\/p>\n<p style=\"text-align: center;\">\u00a0<em>\u00c4ven detta konstverk, One Flew Over the Crow\u00b4s Nest, kommer att ing\u00e5&#8230;<\/em><\/p>\n<p style=\"text-align: center;\"><a href=\"http:\/\/duochjagalfred.wordpress.com\/\">Du och jag, Alfred<\/a><\/p>\n","protected":false},"excerpt":{"rendered":"<p>Jag har gjort en variation av Dark Marilyn, Dark and Pink Marilyn, i ett exklusivt exemplar. Den kommer att ing\u00e5 i en auktion anordnad av Du och jag, Alfred hos KFUM i Eskilstuna 1:a december. F\u00f6rtj\u00e4nsten kommer att g\u00e5 till &hellip; <a href=\"http:\/\/www.susannavaris.com\/blogg\/2012\/11\/dark-and-pink-marilyn\/\">Forts\u00e4tt l\u00e4sa <span class=\"meta-nav\">&rarr;<\/span><\/a><\/p>\n","protected":false},"author":1,"featured_media":0,"comment_status":"open","ping_status":"open","sticky":false,"template":"","format":"standard","meta":{"footnotes":""},"categories":[7,3,1162,415,285,1],"tags":[2516,2513,836,2515,2514,476],"class_list":["post-8037","post","type-post","status-publish","format-standard","hentry","category-egna-verk","category-konst","category-kultur","category-lowbrow","category-marilyn-monroe","category-okategoriserade","tag-auktion","tag-dark-and-pink-marilyn","tag-dark-marilyn","tag-du-och-jag-alfred","tag-kfum","tag-vernissage"],"_links":{"self":[{"href":"http:\/\/www.susannavaris.com\/blogg\/wp-json\/wp\/v2\/posts\/8037","targetHints":{"allow":["GET"]}}],"collection":[{"href":"http:\/\/www.susannavaris.com\/blogg\/wp-json\/wp\/v2\/posts"}],"about":[{"href":"http:\/\/www.susannavaris.com\/blogg\/wp-json\/wp\/v2\/types\/post"}],"author":[{"embeddable":true,"href":"http:\/\/www.susannavaris.com\/blogg\/wp-json\/wp\/v2\/users\/1"}],"replies":[{"embeddable":true,"href":"http:\/\/www.susannavaris.com\/blogg\/wp-json\/wp\/v2\/comments?post=8037"}],"version-history":[{"count":2,"href":"http:\/\/www.susannavaris.com\/blogg\/wp-json\/wp\/v2\/posts\/8037\/revisions"}],"predecessor-version":[{"id":8041,"href":"http:\/\/www.susannavaris.com\/blogg\/wp-json\/wp\/v2\/posts\/8037\/revisions\/8041"}],"wp:attachment":[{"href":"http:\/\/www.susannavaris.com\/blogg\/wp-json\/wp\/v2\/media?parent=8037"}],"wp:term":[{"taxonomy":"category","embeddable":true,"href":"http:\/\/www.susannavaris.com\/blogg\/wp-json\/wp\/v2\/categories?post=8037"},{"taxonomy":"post_tag","embeddable":true,"href":"http:\/\/www.susannavaris.com\/blogg\/wp-json\/wp\/v2\/tags?post=8037"}],"curies":[{"name":"wp","href":"https:\/\/api.w.org\/{rel}","templated":true}]}}