{"id":8063,"date":"2012-11-29T15:10:03","date_gmt":"2012-11-29T14:10:03","guid":{"rendered":"http:\/\/www.susannavaris.com\/blogg\/?p=8063"},"modified":"2012-11-29T15:10:03","modified_gmt":"2012-11-29T14:10:03","slug":"vinter","status":"publish","type":"post","link":"http:\/\/www.susannavaris.com\/blogg\/2012\/11\/vinter\/","title":{"rendered":"Vinter!"},"content":{"rendered":"<p>En efterl\u00e4ngtad ledig dag och en liten promenad i sn\u00f6landskapet som uppenbarat sig sedan ig\u00e5r kv\u00e4ll&#8230;<\/p>\n<p><a href=\"http:\/\/www.susannavaris.com\/blogg\/wp-content\/uploads\/2012\/11\/IMAG0254.jpg\"><img loading=\"lazy\" decoding=\"async\" class=\"aligncenter size-full wp-image-8064\" title=\"IMAG0254\" src=\"http:\/\/www.susannavaris.com\/blogg\/wp-content\/uploads\/2012\/11\/IMAG0254.jpg\" alt=\"\" width=\"288\" height=\"480\" srcset=\"http:\/\/www.susannavaris.com\/blogg\/wp-content\/uploads\/2012\/11\/IMAG0254.jpg 288w, http:\/\/www.susannavaris.com\/blogg\/wp-content\/uploads\/2012\/11\/IMAG0254-180x300.jpg 180w\" sizes=\"auto, (max-width: 288px) 100vw, 288px\" \/><\/a><\/p>\n<p><a href=\"http:\/\/www.susannavaris.com\/blogg\/wp-content\/uploads\/2012\/11\/IMAG0255.jpg\"><img loading=\"lazy\" decoding=\"async\" class=\"aligncenter size-full wp-image-8065\" title=\"IMAG0255\" src=\"http:\/\/www.susannavaris.com\/blogg\/wp-content\/uploads\/2012\/11\/IMAG0255.jpg\" alt=\"\" width=\"640\" height=\"384\" srcset=\"http:\/\/www.susannavaris.com\/blogg\/wp-content\/uploads\/2012\/11\/IMAG0255.jpg 640w, http:\/\/www.susannavaris.com\/blogg\/wp-content\/uploads\/2012\/11\/IMAG0255-300x180.jpg 300w\" sizes=\"auto, (max-width: 640px) 100vw, 640px\" \/><\/a><\/p>\n<p style=\"text-align: center;\"><a href=\"http:\/\/www.susannavaris.com\/blogg\/wp-content\/uploads\/2012\/11\/IMAG0256.jpg\"><img loading=\"lazy\" decoding=\"async\" class=\"aligncenter size-full wp-image-8066\" title=\"IMAG0256\" src=\"http:\/\/www.susannavaris.com\/blogg\/wp-content\/uploads\/2012\/11\/IMAG0256.jpg\" alt=\"\" width=\"288\" height=\"480\" srcset=\"http:\/\/www.susannavaris.com\/blogg\/wp-content\/uploads\/2012\/11\/IMAG0256.jpg 288w, http:\/\/www.susannavaris.com\/blogg\/wp-content\/uploads\/2012\/11\/IMAG0256-180x300.jpg 180w\" sizes=\"auto, (max-width: 288px) 100vw, 288px\" \/><\/a><a href=\"http:\/\/www.susannavaris.com\/blogg\/wp-content\/uploads\/2012\/11\/DSC_0441-50.jpg\"><img loading=\"lazy\" decoding=\"async\" class=\"aligncenter size-large wp-image-8067\" title=\"DSC_0441-50\" src=\"http:\/\/www.susannavaris.com\/blogg\/wp-content\/uploads\/2012\/11\/DSC_0441-50-1024x682.jpg\" alt=\"\" width=\"640\" height=\"426\" srcset=\"http:\/\/www.susannavaris.com\/blogg\/wp-content\/uploads\/2012\/11\/DSC_0441-50-1024x682.jpg 1024w, http:\/\/www.susannavaris.com\/blogg\/wp-content\/uploads\/2012\/11\/DSC_0441-50-300x200.jpg 300w\" sizes=\"auto, (max-width: 640px) 100vw, 640px\" \/><\/a><em>\u00a0Fick jag in balkongsakerna innan sn\u00f6n f\u00f6ll det h\u00e4r \u00e5ret? Sj\u00e4lvklart inte. Det h\u00e4r \u00e4r balkongl\u00e5dan&#8230;<\/em><\/p>\n","protected":false},"excerpt":{"rendered":"<p>En efterl\u00e4ngtad ledig dag och en liten promenad i sn\u00f6landskapet som uppenbarat sig sedan ig\u00e5r kv\u00e4ll&#8230; \u00a0Fick jag in balkongsakerna innan sn\u00f6n f\u00f6ll det h\u00e4r \u00e5ret? Sj\u00e4lvklart inte. Det h\u00e4r \u00e4r balkongl\u00e5dan&#8230;<\/p>\n","protected":false},"author":1,"featured_media":0,"comment_status":"open","ping_status":"open","sticky":false,"template":"","format":"standard","meta":{"footnotes":""},"categories":[1],"tags":[2523,845,2429,2522],"class_list":["post-8063","post","type-post","status-publish","format-standard","hentry","category-okategoriserade","tag-forsta-snon","tag-promenad","tag-sno","tag-vinter"],"_links":{"self":[{"href":"http:\/\/www.susannavaris.com\/blogg\/wp-json\/wp\/v2\/posts\/8063","targetHints":{"allow":["GET"]}}],"collection":[{"href":"http:\/\/www.susannavaris.com\/blogg\/wp-json\/wp\/v2\/posts"}],"about":[{"href":"http:\/\/www.susannavaris.com\/blogg\/wp-json\/wp\/v2\/types\/post"}],"author":[{"embeddable":true,"href":"http:\/\/www.susannavaris.com\/blogg\/wp-json\/wp\/v2\/users\/1"}],"replies":[{"embeddable":true,"href":"http:\/\/www.susannavaris.com\/blogg\/wp-json\/wp\/v2\/comments?post=8063"}],"version-history":[{"count":2,"href":"http:\/\/www.susannavaris.com\/blogg\/wp-json\/wp\/v2\/posts\/8063\/revisions"}],"predecessor-version":[{"id":8069,"href":"http:\/\/www.susannavaris.com\/blogg\/wp-json\/wp\/v2\/posts\/8063\/revisions\/8069"}],"wp:attachment":[{"href":"http:\/\/www.susannavaris.com\/blogg\/wp-json\/wp\/v2\/media?parent=8063"}],"wp:term":[{"taxonomy":"category","embeddable":true,"href":"http:\/\/www.susannavaris.com\/blogg\/wp-json\/wp\/v2\/categories?post=8063"},{"taxonomy":"post_tag","embeddable":true,"href":"http:\/\/www.susannavaris.com\/blogg\/wp-json\/wp\/v2\/tags?post=8063"}],"curies":[{"name":"wp","href":"https:\/\/api.w.org\/{rel}","templated":true}]}}