{"id":809,"date":"2011-06-14T15:33:49","date_gmt":"2011-06-14T13:33:49","guid":{"rendered":"http:\/\/www.susannavaris.com\/blogg\/?p=809"},"modified":"2023-02-13T19:54:35","modified_gmt":"2023-02-13T18:54:35","slug":"dagens-citat-2-2","status":"publish","type":"post","link":"http:\/\/www.susannavaris.com\/blogg\/2011\/06\/dagens-citat-2-2\/","title":{"rendered":"Dagens citat 2"},"content":{"rendered":"\n<figure class=\"wp-block-image\"><a href=\"http:\/\/www.susannavaris.com\/blogg\/wp-content\/uploads\/2011\/06\/Flock_Wallpaper_FLK_117xyyy.jpg\"><img loading=\"lazy\" decoding=\"async\" width=\"956\" height=\"377\" src=\"http:\/\/www.susannavaris.com\/blogg\/wp-content\/uploads\/2011\/06\/Flock_Wallpaper_FLK_117xyyy.jpg\" alt=\"\" class=\"wp-image-816\" title=\"Flock_Wallpaper_FLK_117xyyy\" srcset=\"http:\/\/www.susannavaris.com\/blogg\/wp-content\/uploads\/2011\/06\/Flock_Wallpaper_FLK_117xyyy.jpg 956w, http:\/\/www.susannavaris.com\/blogg\/wp-content\/uploads\/2011\/06\/Flock_Wallpaper_FLK_117xyyy-300x118.jpg 300w\" sizes=\"auto, (max-width: 956px) 100vw, 956px\" \/><\/a><\/figure>\n\n\n\n<p>Jag k\u00f6r p\u00e5 med ett till citat idag, eftersom det \u00e4r en avknoppning av det f\u00f6rra&#8230;Marilyn Manson, igen :)<\/p>\n\n\n<div class=\"wp-block-image\">\n<figure class=\"aligncenter size-full\"><img loading=\"lazy\" decoding=\"async\" width=\"453\" height=\"604\" src=\"http:\/\/www.susannavaris.com\/blogg\/wp-content\/uploads\/2023\/02\/000-216848_1024111535992_4113_n.jpg\" alt=\"\" class=\"wp-image-17728\" title=\"148251_180963058597023_100000499917166_626641_5708342_n\" srcset=\"http:\/\/www.susannavaris.com\/blogg\/wp-content\/uploads\/2023\/02\/000-216848_1024111535992_4113_n.jpg 453w, http:\/\/www.susannavaris.com\/blogg\/wp-content\/uploads\/2023\/02\/000-216848_1024111535992_4113_n-225x300.jpg 225w\" sizes=\"auto, (max-width: 453px) 100vw, 453px\" \/><figcaption class=\"wp-element-caption\">MM &#8211; Dark II (Deathstarlet), water colour 2008 &#8211; Susanna Varis<\/figcaption><\/figure>\n<\/div>\n\n\n<p class=\"has-text-align-center\"><em>&#8221;We\u00b4re rehabbed and we\u00b4re ready for our 15 minutes of shame.&#8221; (From the song &#8221;I Don\u00b4t Like the Drugs [But the Drugs LIke Me].)<\/em><\/p>\n\n\n\n<p class=\"has-text-align-center\"><strong>Marilyn Manson<\/strong><\/p>\n","protected":false},"excerpt":{"rendered":"<p>Jag k\u00f6r p\u00e5 med ett till citat idag, eftersom det \u00e4r en avknoppning av det f\u00f6rra&#8230;Marilyn Manson, igen :) &#8221;We\u00b4re rehabbed and we\u00b4re ready for our 15 minutes of shame.&#8221; (From the song &#8221;I Don\u00b4t Like the Drugs [But the &hellip; <a href=\"http:\/\/www.susannavaris.com\/blogg\/2011\/06\/dagens-citat-2-2\/\">Forts\u00e4tt l\u00e4sa <span class=\"meta-nav\">&rarr;<\/span><\/a><\/p>\n","protected":false},"author":1,"featured_media":810,"comment_status":"open","ping_status":"open","sticky":false,"template":"","format":"standard","meta":{"footnotes":""},"categories":[231,12,1],"tags":[235,16,236],"class_list":["post-809","post","type-post","status-publish","format-standard","has-post-thumbnail","hentry","category-dagens-citat","category-marilyn-manson","category-okategoriserade","tag-15-minutes-of-fame","tag-marilyn-manson-2","tag-mm"],"_links":{"self":[{"href":"http:\/\/www.susannavaris.com\/blogg\/wp-json\/wp\/v2\/posts\/809","targetHints":{"allow":["GET"]}}],"collection":[{"href":"http:\/\/www.susannavaris.com\/blogg\/wp-json\/wp\/v2\/posts"}],"about":[{"href":"http:\/\/www.susannavaris.com\/blogg\/wp-json\/wp\/v2\/types\/post"}],"author":[{"embeddable":true,"href":"http:\/\/www.susannavaris.com\/blogg\/wp-json\/wp\/v2\/users\/1"}],"replies":[{"embeddable":true,"href":"http:\/\/www.susannavaris.com\/blogg\/wp-json\/wp\/v2\/comments?post=809"}],"version-history":[{"count":7,"href":"http:\/\/www.susannavaris.com\/blogg\/wp-json\/wp\/v2\/posts\/809\/revisions"}],"predecessor-version":[{"id":17730,"href":"http:\/\/www.susannavaris.com\/blogg\/wp-json\/wp\/v2\/posts\/809\/revisions\/17730"}],"wp:featuredmedia":[{"embeddable":true,"href":"http:\/\/www.susannavaris.com\/blogg\/wp-json\/wp\/v2\/media\/810"}],"wp:attachment":[{"href":"http:\/\/www.susannavaris.com\/blogg\/wp-json\/wp\/v2\/media?parent=809"}],"wp:term":[{"taxonomy":"category","embeddable":true,"href":"http:\/\/www.susannavaris.com\/blogg\/wp-json\/wp\/v2\/categories?post=809"},{"taxonomy":"post_tag","embeddable":true,"href":"http:\/\/www.susannavaris.com\/blogg\/wp-json\/wp\/v2\/tags?post=809"}],"curies":[{"name":"wp","href":"https:\/\/api.w.org\/{rel}","templated":true}]}}