{"id":8172,"date":"2012-12-15T22:10:17","date_gmt":"2012-12-15T21:10:17","guid":{"rendered":"http:\/\/www.susannavaris.com\/blogg\/?p=8172"},"modified":"2012-12-15T22:10:17","modified_gmt":"2012-12-15T21:10:17","slug":"feministiskt-museum-i-umea","status":"publish","type":"post","link":"http:\/\/www.susannavaris.com\/blogg\/2012\/12\/feministiskt-museum-i-umea\/","title":{"rendered":"Feministiskt museum i Ume\u00e5"},"content":{"rendered":"<p style=\"text-align: center;\"><a href=\"http:\/\/www.susannavaris.com\/blogg\/wp-content\/uploads\/2012\/12\/umea20121003-151943-pic-735505642.jpg\"><img loading=\"lazy\" decoding=\"async\" class=\"aligncenter size-full wp-image-8173\" title=\"umea20121003-151943-pic-735505642\" src=\"http:\/\/www.susannavaris.com\/blogg\/wp-content\/uploads\/2012\/12\/umea20121003-151943-pic-735505642.jpg\" alt=\"\" width=\"802\" height=\"538\" srcset=\"http:\/\/www.susannavaris.com\/blogg\/wp-content\/uploads\/2012\/12\/umea20121003-151943-pic-735505642.jpg 802w, http:\/\/www.susannavaris.com\/blogg\/wp-content\/uploads\/2012\/12\/umea20121003-151943-pic-735505642-300x201.jpg 300w\" sizes=\"auto, (max-width: 802px) 100vw, 802px\" \/><\/a>\u00a0<em>Bild: Folkbladet<\/em><\/p>\n<p>V\u00e4nsterpartiet i Ume\u00e5 har lyckats tvinga fram ett beslut om ett <a href=\"http:\/\/www.mynewsdesk.com\/se\/pressroom\/umea\/pressrelease\/view\/utformning-och-vision-foer-kvinnohistoriska-museet-i-umeaa-821737\">kvinnohistoriskt museum<\/a>\u00a0i Ume\u00e5 genom att hota med att annars inte samarbeta med socialdemokraterna. Grattis alla skattebetalare i Ume\u00e5 och annanstans, jag antar att mus\u00e9et kommer att erh\u00e5lla n\u00e5gon form av statliga pengar. Nu v\u00e4ntar jag med sp\u00e4nning p\u00e5 att Sverige \u00e4ven beg\u00e5vas med moderata, liberala, stalinistiska, nazistiska, scientologiska m fl trosinriktnings- och ideologibaserade mus\u00e9er.<\/p>\n<p><strong><em>&#8221;Museets vision \u00e4r att vara en plats som genom att samla och lyfta fram ok\u00e4nd historia, f\u00f6rmedla ny kunskap och visa p\u00e5 alternativa perspektiv m\u00f6jligg\u00f6ra nya insikter och uppmuntra till handling. P\u00e5 detta s\u00e4tt blir museet en akt\u00f6r f\u00f6r en j\u00e4mst\u00e4lld f\u00f6rdelning av makt och inflytande och bidrar till att bryta de normer och strukturer som begr\u00e4nsar kvinnors och m\u00e4ns livsval och m\u00f6jligheter att delta i\u00a0 samh\u00e4llet p\u00e5 lika villkor.&#8221;\u00a0<\/em><\/strong><\/p>\n<p>Fr\u00e5n Ume\u00e5 kommuns hemsida:<\/p>\n<p><strong><em>&#8221;F\u00f6r kvinnohistoriska museets verksamhet \u00e4r en stark koppling till relevant och aktuell forskning och vetenskap avg\u00f6rande. Det handlar b\u00e5de om att i basutst\u00e4llningen, i de tillf\u00e4lliga tematiska utst\u00e4llningarna och programverksamhet utg\u00e5 fr\u00e5n forskningsbaserad kunskap och att knyta forskare fr\u00e5n olika discipliner till utvecklingen av museets samling. M\u00e5let \u00e4r att m\u00f6jligg\u00f6ra f\u00f6r ny forskning och utveckling av nya arbetss\u00e4tt vid insamlingar av minnen och ber\u00e4ttelser. En viktig bas \u00e4r det p\u00e5g\u00e5ende utvecklings- och samarbetet med Ume\u00e5 universitet.&#8221;\u00a0<\/em><\/strong><\/p>\n<p>Genusvetenskapen f\u00e5r h\u00e4r ytterligare ett skyltf\u00f6nster, vilket kan k\u00e4nnas m\u00e4rkligt n\u00e4r gud inte ens f\u00e5r n\u00e4mnas f\u00f6r barnen p\u00e5 skolavslutningarna i kyrkan. I mina \u00f6gon \u00e4r det inte n\u00e5gon stor skillnad mellan t ex den kristna guden och de f\u00f6rest\u00e4llningar om k\u00f6nsmaktsordning och annat, som genusvetenskapen anf\u00f6r som absoluta sanningar (fast relativa, allas sanningar \u00e4r ju lika mycket v\u00e4rda. Fast <a href=\"http:\/\/www.unt.se\/debatt\/uppsala-universitet-friar-sig-sjalvt-354172.aspx\">mest v\u00e4rda \u00e4r genusvetarnas<\/a>.)<\/p>\n<p>&nbsp;<\/p>\n","protected":false},"excerpt":{"rendered":"<p>\u00a0Bild: Folkbladet V\u00e4nsterpartiet i Ume\u00e5 har lyckats tvinga fram ett beslut om ett kvinnohistoriskt museum\u00a0i Ume\u00e5 genom att hota med att annars inte samarbeta med socialdemokraterna. Grattis alla skattebetalare i Ume\u00e5 och annanstans, jag antar att mus\u00e9et kommer att erh\u00e5lla &hellip; <a href=\"http:\/\/www.susannavaris.com\/blogg\/2012\/12\/feministiskt-museum-i-umea\/\">Forts\u00e4tt l\u00e4sa <span class=\"meta-nav\">&rarr;<\/span><\/a><\/p>\n","protected":false},"author":1,"featured_media":0,"comment_status":"open","ping_status":"open","sticky":false,"template":"","format":"standard","meta":{"footnotes":""},"categories":[181,259,674,1321,1162,589,1,590,403,303],"tags":[4900,4899,4903,2553,2552],"class_list":["post-8172","post","type-post","status-publish","format-standard","hentry","category-feminism","category-genusvetenskap","category-historia","category-jamstalldhet","category-kultur","category-medier","category-okategoriserade","category-politik","category-pseudovetenskap","category-religion","tag-feminism","tag-genus","tag-genusvetenskap","tag-kvinnohistoriskt-museum","tag-umea"],"_links":{"self":[{"href":"http:\/\/www.susannavaris.com\/blogg\/wp-json\/wp\/v2\/posts\/8172","targetHints":{"allow":["GET"]}}],"collection":[{"href":"http:\/\/www.susannavaris.com\/blogg\/wp-json\/wp\/v2\/posts"}],"about":[{"href":"http:\/\/www.susannavaris.com\/blogg\/wp-json\/wp\/v2\/types\/post"}],"author":[{"embeddable":true,"href":"http:\/\/www.susannavaris.com\/blogg\/wp-json\/wp\/v2\/users\/1"}],"replies":[{"embeddable":true,"href":"http:\/\/www.susannavaris.com\/blogg\/wp-json\/wp\/v2\/comments?post=8172"}],"version-history":[{"count":2,"href":"http:\/\/www.susannavaris.com\/blogg\/wp-json\/wp\/v2\/posts\/8172\/revisions"}],"predecessor-version":[{"id":8175,"href":"http:\/\/www.susannavaris.com\/blogg\/wp-json\/wp\/v2\/posts\/8172\/revisions\/8175"}],"wp:attachment":[{"href":"http:\/\/www.susannavaris.com\/blogg\/wp-json\/wp\/v2\/media?parent=8172"}],"wp:term":[{"taxonomy":"category","embeddable":true,"href":"http:\/\/www.susannavaris.com\/blogg\/wp-json\/wp\/v2\/categories?post=8172"},{"taxonomy":"post_tag","embeddable":true,"href":"http:\/\/www.susannavaris.com\/blogg\/wp-json\/wp\/v2\/tags?post=8172"}],"curies":[{"name":"wp","href":"https:\/\/api.w.org\/{rel}","templated":true}]}}