{"id":8180,"date":"2012-12-17T22:51:56","date_gmt":"2012-12-17T21:51:56","guid":{"rendered":"http:\/\/www.susannavaris.com\/blogg\/?p=8180"},"modified":"2012-12-17T22:51:56","modified_gmt":"2012-12-17T21:51:56","slug":"2012-blev-aret-da-vi-sag-feminismens-dodsryckningar","status":"publish","type":"post","link":"http:\/\/www.susannavaris.com\/blogg\/2012\/12\/2012-blev-aret-da-vi-sag-feminismens-dodsryckningar\/","title":{"rendered":"2012 blev \u00e5ret d\u00e5 vi s\u00e5g feminismens d\u00f6dsryckningar"},"content":{"rendered":"<p style=\"text-align: center;\"><a href=\"http:\/\/www.susannavaris.com\/blogg\/2012\/12\/2012-blev-aret-da-vi-sag-feminismens-dodsryckningar\/dn-flashback-ettan\/\" rel=\"attachment wp-att-8181\"><img loading=\"lazy\" decoding=\"async\" class=\"aligncenter size-full wp-image-8181\" alt=\"dn-flashback-ettan\" src=\"http:\/\/www.susannavaris.com\/blogg\/wp-content\/uploads\/2012\/12\/dn-flashback-ettan.png\" width=\"479\" height=\"324\" srcset=\"http:\/\/www.susannavaris.com\/blogg\/wp-content\/uploads\/2012\/12\/dn-flashback-ettan.png 479w, http:\/\/www.susannavaris.com\/blogg\/wp-content\/uploads\/2012\/12\/dn-flashback-ettan-300x202.png 300w\" sizes=\"auto, (max-width: 479px) 100vw, 479px\" \/><\/a>\u00a0<em>Hultquist i en annan artikel. Bild ur DN<\/em><\/p>\n<p>Catia Hultquist kokar ihop en <a href=\"http:\/\/www.dn.se\/kultur-noje\/catia-hultquist-2012-blev--lite-ovantat--aret-da-vi-skrattade-at-rasismen\">miserabel r\u00f6ra<\/a>\u00a0av f\u00f6rra \u00e5rets v\u00e4nsterfeministp\u00e5hitt &#8221;smeta ner dina ideologiska motst\u00e5ndare med epiteten kvinnohatare och Breivik&#8221; i DN Kultur idag.<\/p>\n<p><em><strong>&#8221;Videoklippen fr\u00e5n Sverigedemokraterna<\/strong>\u00a0Almqvist, Ekeroth och Westlings festnatt, genialiskt presenterade p\u00e5 Expressen.se, blev den givna underh\u00e5llningen till trefikat. M\u00e5nga av oss hanterade de obehagliga sekvenserna genom att b\u00f6rja sk\u00e4mta om \u201dj\u00e4rnr\u00f6rsdemokraterna\u201d och festg\u00e4ngets f\u00e5niga rasistvokabul\u00e4r.&#8221;<\/em><\/p>\n<p>SD n\u00e5r upp till 10 % av partisympatierna i f\u00e4rska opinionsunders\u00f6kningar och detta tyder p\u00e5 n\u00e5gonting. Vad Catia Hultquist som representant f\u00f6r &#8221;mediaetablissemanget&#8221; antagligen lyckas g\u00f6ra med sin h\u00e5nfulla beskrivning \u00e4r att generera \u00e4n fler knutna n\u00e4var i fickorna.<\/p>\n<p><em>&#8221;P\u00e5 Facebook startades gruppen och satirsidan \u201dVita kr\u00e4nkta m\u00e4n\u201d av skribenten Kawa Zolfagary. H\u00e4r samlade han p\u00e5 sig citat fr\u00e5n internetforum, bloggar och kommentarstr\u00e5dar d\u00e4r svenska m\u00e4n ger uttryck f\u00f6r sin rasism och sexism, p\u00e5 ett s\u00e5 korkat s\u00e4tt att det blir underh\u00e5llande. Sidan pryddes ocks\u00e5 av en illustration av en man, f\u00f6rvillande lik den antifeministiska bloggaren P\u00e4r Str\u00f6m. Mot slutet av \u00e5ret hade Zolfagary samlat p\u00e5 sig s\u00e5 m\u00e5nga citat att han kunde ge ut boken \u201dVita kr\u00e4nkta m\u00e4n\u201d.&#8221;<\/em><\/p>\n<p>Artikeln b\u00f6rjar med att Hultquist exemplifierar en vit kr\u00e4nkt man med Anders Behring Breivik. H\u00e4r har den gamla goda guilt-by-association kedjan \u00e5terupprepats. Hultquist verkar inte se n\u00e5gra som helst problem med att n\u00e4mnda facebook-grupp illustreras med en bild p\u00e5 en korsf\u00e4st P\u00e4r Str\u00f6m, en person som under m\u00e5nga \u00e5r bedrivit seri\u00f6s debatt om j\u00e4mst\u00e4lldhetsfr\u00e5gor (visserligen med en viss udd och med exempel som kan liknas vid en spegelv\u00e4nd feminism; f\u00f6reteelser, stora och sm\u00e5, som missgynnar m\u00e4n ses som en matriarkal struktur, precis p\u00e5 samma s\u00e4tt som feminismen ofta resonerar). Har Hultquist ens bem\u00f6dat sig om att l\u00e4sa Str\u00f6ms <a href=\"http:\/\/genusnytt.wordpress.com\/2012\/03\/16\/vad-vill-jamstalldisterna\/\">programf\u00f6rklaring<\/a>? Hultquist ser heller inga som helst problem med att bunta ihop seri\u00f6sa j\u00e4mst\u00e4lldhetsdebatt\u00f6rer med kommentarsf\u00e4ltstroll.<\/p>\n<p><em>&#8221;Boken visar ocks\u00e5 med \u00f6nskv\u00e4rd tydlighet hur fr\u00e4mlingsfientligheten h\u00e4nger ihop med kvinnohatet [&#8230;]&#8221;\u00a0<\/em><\/p>\n<p>Det \u00e4r f\u00f6rst\u00e5s diskutabelt att en skribent p\u00e5 DN anser n\u00e5gonting &#8221;visat&#8221; n\u00e4r det \u00e5terfinns i en antologi \u00f6ver handplockade kommentarer i utvalda internetfora.<\/p>\n<p>Och f\u00f6r s\u00e4kerhets skull m\u00e5ste det bankas in en g\u00e5ng till:<\/p>\n<p><em>&#8221;Och det \u00e4r klart att det \u00e4r befriande att skratta \u00e5t el\u00e4ndet. Men det \u00e4r l\u00e4tt att skrattet fastnar i halsen n\u00e4r man t\u00e4nker p\u00e5 en vit kr\u00e4nkt man som Behring Breivik.&#8221;\u00a0<\/em><\/p>\n<p>Antagligen beh\u00f6ver dock inte detta vara s\u00e5 sorgligt som det l\u00e5ter. Om det enda som \u00e5terst\u00e5r av argumentationen \u00e4r nedsmetning av det ideologiska motst\u00e5ndet med det v\u00e4rsta t\u00e4nkbara s\u00e5 \u00e4r snart kampen \u00f6ver, d\u00e5 finns inte mycket till argument kvar.<\/p>\n","protected":false},"excerpt":{"rendered":"<p>\u00a0Hultquist i en annan artikel. Bild ur DN Catia Hultquist kokar ihop en miserabel r\u00f6ra\u00a0av f\u00f6rra \u00e5rets v\u00e4nsterfeministp\u00e5hitt &#8221;smeta ner dina ideologiska motst\u00e5ndare med epiteten kvinnohatare och Breivik&#8221; i DN Kultur idag. &#8221;Videoklippen fr\u00e5n Sverigedemokraterna\u00a0Almqvist, Ekeroth och Westlings festnatt, genialiskt &hellip; <a href=\"http:\/\/www.susannavaris.com\/blogg\/2012\/12\/2012-blev-aret-da-vi-sag-feminismens-dodsryckningar\/\">Forts\u00e4tt l\u00e4sa <span class=\"meta-nav\">&rarr;<\/span><\/a><\/p>\n","protected":false},"author":1,"featured_media":0,"comment_status":"open","ping_status":"open","sticky":false,"template":"","format":"standard","meta":{"footnotes":""},"categories":[178,181,259,1321,1162,589,1,590],"tags":[2250,175,4900,4918,1460,2555,4917],"class_list":["post-8180","post","type-post","status-publish","format-standard","hentry","category-blodtryckshojare","category-feminism","category-genusvetenskap","category-jamstalldhet","category-kultur","category-medier","category-okategoriserade","category-politik","tag-catia-hultquist","tag-dn","tag-feminism","tag-jamstalldhet","tag-kawa-zolfagary","tag-krankta-vita-man","tag-kultur"],"_links":{"self":[{"href":"http:\/\/www.susannavaris.com\/blogg\/wp-json\/wp\/v2\/posts\/8180","targetHints":{"allow":["GET"]}}],"collection":[{"href":"http:\/\/www.susannavaris.com\/blogg\/wp-json\/wp\/v2\/posts"}],"about":[{"href":"http:\/\/www.susannavaris.com\/blogg\/wp-json\/wp\/v2\/types\/post"}],"author":[{"embeddable":true,"href":"http:\/\/www.susannavaris.com\/blogg\/wp-json\/wp\/v2\/users\/1"}],"replies":[{"embeddable":true,"href":"http:\/\/www.susannavaris.com\/blogg\/wp-json\/wp\/v2\/comments?post=8180"}],"version-history":[{"count":3,"href":"http:\/\/www.susannavaris.com\/blogg\/wp-json\/wp\/v2\/posts\/8180\/revisions"}],"predecessor-version":[{"id":8184,"href":"http:\/\/www.susannavaris.com\/blogg\/wp-json\/wp\/v2\/posts\/8180\/revisions\/8184"}],"wp:attachment":[{"href":"http:\/\/www.susannavaris.com\/blogg\/wp-json\/wp\/v2\/media?parent=8180"}],"wp:term":[{"taxonomy":"category","embeddable":true,"href":"http:\/\/www.susannavaris.com\/blogg\/wp-json\/wp\/v2\/categories?post=8180"},{"taxonomy":"post_tag","embeddable":true,"href":"http:\/\/www.susannavaris.com\/blogg\/wp-json\/wp\/v2\/tags?post=8180"}],"curies":[{"name":"wp","href":"https:\/\/api.w.org\/{rel}","templated":true}]}}