{"id":8195,"date":"2012-12-20T22:10:18","date_gmt":"2012-12-20T21:10:18","guid":{"rendered":"http:\/\/www.susannavaris.com\/blogg\/?p=8195"},"modified":"2012-12-20T22:10:19","modified_gmt":"2012-12-20T21:10:19","slug":"stress","status":"publish","type":"post","link":"http:\/\/www.susannavaris.com\/blogg\/2012\/12\/stress\/","title":{"rendered":"Stress"},"content":{"rendered":"<p><a href=\"http:\/\/www.susannavaris.com\/blogg\/2012\/12\/stress\/dsc_0621-50-sepia\/\" rel=\"attachment wp-att-8196\"><img loading=\"lazy\" decoding=\"async\" class=\"size-full wp-image-8196 alignnone\" alt=\"DSC_0621-50-sepia\" src=\"http:\/\/www.susannavaris.com\/blogg\/wp-content\/uploads\/2012\/12\/DSC_0621-50-sepia.jpg\" width=\"1536\" height=\"1181\" srcset=\"http:\/\/www.susannavaris.com\/blogg\/wp-content\/uploads\/2012\/12\/DSC_0621-50-sepia.jpg 1536w, http:\/\/www.susannavaris.com\/blogg\/wp-content\/uploads\/2012\/12\/DSC_0621-50-sepia-300x230.jpg 300w, http:\/\/www.susannavaris.com\/blogg\/wp-content\/uploads\/2012\/12\/DSC_0621-50-sepia-1024x787.jpg 1024w\" sizes=\"auto, (max-width: 1536px) 100vw, 1536px\" \/><\/a>De senaste tv\u00e5 veckorna har pr\u00e4glats av en hastigt \u00f6kad arbetsbelastning och f\u00f6rl\u00e4ngda resv\u00e4gar till och fr\u00e5n arbetet och allt detta resulterade i att min gamla v\u00e4n stressen slog till med allehanda symptom som hj\u00e4rtklappning, yrsel, huvudv\u00e4rk, krympt t\u00e5lamod etc. S\u00e5 det gick ju inte, jag fick sakta ner p\u00e5 tempot.<\/p>\n<p>Julen n\u00e4rmar sig med stormsteg och inget \u00e4r egentligen riktigt f\u00e4rdigt. Jag har fortfarande inte ens f\u00e5tt upp den elektriska ljusstaken. Var tog december v\u00e4gen? L\u00f6nebeskedet l\u00e4mnar \u00f6vrigt att \u00f6nska, jag hade min maratonf\u00f6rkylning i f\u00f6rra m\u00e5naden. Men det l\u00f6ser sig, billig och nyttig mat g\u00e5r l\u00e4tt att fixa.<\/p>\n<p style=\"text-align: center;\"><a href=\"http:\/\/www.susannavaris.com\/blogg\/2012\/12\/stress\/dsc_0500-50-2\/\" rel=\"attachment wp-att-8197\"><img loading=\"lazy\" decoding=\"async\" class=\"aligncenter size-full wp-image-8197\" alt=\"DSC_0500-50\" src=\"http:\/\/www.susannavaris.com\/blogg\/wp-content\/uploads\/2012\/12\/DSC_0500-50.jpg\" width=\"1536\" height=\"2304\" srcset=\"http:\/\/www.susannavaris.com\/blogg\/wp-content\/uploads\/2012\/12\/DSC_0500-50.jpg 1536w, http:\/\/www.susannavaris.com\/blogg\/wp-content\/uploads\/2012\/12\/DSC_0500-50-200x300.jpg 200w, http:\/\/www.susannavaris.com\/blogg\/wp-content\/uploads\/2012\/12\/DSC_0500-50-682x1024.jpg 682w\" sizes=\"auto, (max-width: 1536px) 100vw, 1536px\" \/><\/a>\u00a0<em>Ur varuhuset P.U.B.s julreklam&#8230;<\/em><\/p>\n<p>Aprop\u00e5 julen. En av de stora varuhusen har precis begripit vad allt handlar om: en offerrit p\u00e5 de moderna gudarna Marknaden och Tillv\u00e4xtens altare. Du kan k\u00f6pa avlatsbreven i ett m\u00e5nglartempel n\u00e4ra dig och ju mer du k\u00f6per, desto lyckligare blir du, eftersom dina barn och n\u00e4rmaste kommer att tindra mest och b\u00e4st i facebook-v\u00e4nnernas, sl\u00e4ktens och grannarnas \u00f6gon. Din lycka blir manifesterad och d\u00e4rigenom \u00e4r du ocks\u00e5 lyckad och erh\u00e5ller h\u00f6gsta vinsten (mest prylar och avundsjuka blickar) n\u00e4r du stupar av n\u00e5got stressrelaterat med fradga runt munnen och med shoppingbootsen p\u00e5. Du \u00e4r ocks\u00e5 en god konsument och medborgare som ser till att hjulen rullar. (Missf\u00f6rst\u00e5 mig r\u00e4tt: visst m\u00e5ste hjulen rulla, annars finns snart skr\u00e4mmande saker runt h\u00f6rnet, men vad g\u00f6ra med konsumtionens baksidor? Vi m\u00e5ste konsumera mera medvetet.)<\/p>\n<p style=\"text-align: center;\"><a href=\"http:\/\/www.susannavaris.com\/blogg\/2012\/12\/stress\/dsc_0501-50\/\" rel=\"attachment wp-att-8198\"><img loading=\"lazy\" decoding=\"async\" class=\"aligncenter size-full wp-image-8198\" alt=\"DSC_0501-50\" src=\"http:\/\/www.susannavaris.com\/blogg\/wp-content\/uploads\/2012\/12\/DSC_0501-50.jpg\" width=\"1536\" height=\"2304\" srcset=\"http:\/\/www.susannavaris.com\/blogg\/wp-content\/uploads\/2012\/12\/DSC_0501-50.jpg 1536w, http:\/\/www.susannavaris.com\/blogg\/wp-content\/uploads\/2012\/12\/DSC_0501-50-200x300.jpg 200w, http:\/\/www.susannavaris.com\/blogg\/wp-content\/uploads\/2012\/12\/DSC_0501-50-682x1024.jpg 682w\" sizes=\"auto, (max-width: 1536px) 100vw, 1536px\" \/><\/a>\u00a0<em>Sj\u00e4lvklart finns \u00e4ven en manlig Madonna-figur i \u00e5r&#8230;<\/em><\/p>\n<p style=\"text-align: center;\">Julen kan vara alldeles alldeles underbar, men den kan ocks\u00e5 vara det v\u00e4rsta som finns. Allt st\u00e4lls p\u00e5 sin spets: \u00e4r du \u00e4lskad, har du n\u00e5gon, bryr sig n\u00e5gon? Kan du ge dina n\u00e4rmaste det som &#8221;alla andra&#8221; ger? De jular som jag helt solo och n\u00f6jd f\u00f6rs\u00f6kt att sk\u00e4rma av mig fr\u00e5n den vederv\u00e4rdiga hetsen har jag \u00e4nd\u00e5 inte till slut lyckats. Hela v\u00e4rlden skriker att det \u00e4r synd om dig om du inte kan visa upp en tindrande gemenskap och h\u00f6gar med klappar. Och d\u00e5 \u00e4r inte jag en person som s\u00e4rskilt mycket bryr mig om vad andra tycker och t\u00e4nker.<\/p>\n<p style=\"text-align: center;\">Jag vet inte, ibland k\u00e4nns det som hela julen borde st\u00e4llas in. Grinchen, kom tillbaka, allt \u00e4r f\u00f6rl\u00e5tet!<\/p>\n","protected":false},"excerpt":{"rendered":"<p>De senaste tv\u00e5 veckorna har pr\u00e4glats av en hastigt \u00f6kad arbetsbelastning och f\u00f6rl\u00e4ngda resv\u00e4gar till och fr\u00e5n arbetet och allt detta resulterade i att min gamla v\u00e4n stressen slog till med allehanda symptom som hj\u00e4rtklappning, yrsel, huvudv\u00e4rk, krympt t\u00e5lamod etc. &hellip; <a href=\"http:\/\/www.susannavaris.com\/blogg\/2012\/12\/stress\/\">Forts\u00e4tt l\u00e4sa <span class=\"meta-nav\">&rarr;<\/span><\/a><\/p>\n","protected":false},"author":1,"featured_media":0,"comment_status":"open","ping_status":"open","sticky":false,"template":"","format":"standard","meta":{"footnotes":""},"categories":[1162,589,1,590,303],"tags":[949,2559,2562,2560,953,2561],"class_list":["post-8195","post","type-post","status-publish","format-standard","hentry","category-kultur","category-medier","category-okategoriserade","category-politik","category-religion","tag-jul","tag-julen","tag-julhandel","tag-kommers","tag-stress","tag-tillvaxt"],"_links":{"self":[{"href":"http:\/\/www.susannavaris.com\/blogg\/wp-json\/wp\/v2\/posts\/8195","targetHints":{"allow":["GET"]}}],"collection":[{"href":"http:\/\/www.susannavaris.com\/blogg\/wp-json\/wp\/v2\/posts"}],"about":[{"href":"http:\/\/www.susannavaris.com\/blogg\/wp-json\/wp\/v2\/types\/post"}],"author":[{"embeddable":true,"href":"http:\/\/www.susannavaris.com\/blogg\/wp-json\/wp\/v2\/users\/1"}],"replies":[{"embeddable":true,"href":"http:\/\/www.susannavaris.com\/blogg\/wp-json\/wp\/v2\/comments?post=8195"}],"version-history":[{"count":6,"href":"http:\/\/www.susannavaris.com\/blogg\/wp-json\/wp\/v2\/posts\/8195\/revisions"}],"predecessor-version":[{"id":8204,"href":"http:\/\/www.susannavaris.com\/blogg\/wp-json\/wp\/v2\/posts\/8195\/revisions\/8204"}],"wp:attachment":[{"href":"http:\/\/www.susannavaris.com\/blogg\/wp-json\/wp\/v2\/media?parent=8195"}],"wp:term":[{"taxonomy":"category","embeddable":true,"href":"http:\/\/www.susannavaris.com\/blogg\/wp-json\/wp\/v2\/categories?post=8195"},{"taxonomy":"post_tag","embeddable":true,"href":"http:\/\/www.susannavaris.com\/blogg\/wp-json\/wp\/v2\/tags?post=8195"}],"curies":[{"name":"wp","href":"https:\/\/api.w.org\/{rel}","templated":true}]}}