{"id":8205,"date":"2012-12-21T00:07:54","date_gmt":"2012-12-20T23:07:54","guid":{"rendered":"http:\/\/www.susannavaris.com\/blogg\/?p=8205"},"modified":"2012-12-21T00:44:57","modified_gmt":"2012-12-20T23:44:57","slug":"leppanen-om-pigdebatten","status":"publish","type":"post","link":"http:\/\/www.susannavaris.com\/blogg\/2012\/12\/leppanen-om-pigdebatten\/","title":{"rendered":"Lepp\u00e4nen om pigdebatten"},"content":{"rendered":"<p style=\"text-align: center;\"><a href=\"http:\/\/www.susannavaris.com\/blogg\/2012\/12\/leppanen-om-pigdebatten\/passupp\/\" rel=\"attachment wp-att-8206\"><img loading=\"lazy\" decoding=\"async\" class=\"aligncenter size-full wp-image-8206\" alt=\"passupp\" src=\"http:\/\/www.susannavaris.com\/blogg\/wp-content\/uploads\/2012\/12\/passupp.jpg\" width=\"457\" height=\"539\" srcset=\"http:\/\/www.susannavaris.com\/blogg\/wp-content\/uploads\/2012\/12\/passupp.jpg 457w, http:\/\/www.susannavaris.com\/blogg\/wp-content\/uploads\/2012\/12\/passupp-254x300.jpg 254w\" sizes=\"auto, (max-width: 457px) 100vw, 457px\" \/><\/a>\u00a0<em>Passup, ett f\u00f6retag i branchen<\/em><\/p>\n<p>Vesa Lepp\u00e4nen, bitr\u00e4dande professor i socialt arbete vid h\u00f6gskolan i Kristianstad, <a href=\"http:\/\/www.dn.se\/debatt\/nedlatande-pigdebatt-ett-arbetsmiljoproblem\">skrev<\/a>\u00a0(med Lars Dahlberg) om attityden till de som arbetar med hush\u00e5llsn\u00e4ra tj\u00e4nster h\u00e4romdagen i DN. Jag har bloggat p\u00e5 samma linje om detta\u00a0<a href=\"http:\/\/www.susannavaris.com\/blogg\/2011\/06\/den-hopplosa-pigdebatten-fortsatter\/\">h\u00e4r.<\/a><\/p>\n<p><em>&#8221;I motsats till vad m\u00e5nga verkar tro s\u00e5 \u00e4r det p\u00e5fallande m\u00e5nga som trivs med sina arbeten. Ungef\u00e4r nio av tio h\u00e5ller med om p\u00e5st\u00e5endet \u201djag trivs med mitt arbete\u201d och n\u00e4stan \u00e5tta av tio s\u00e4ger att arbetet \u00e4r roligare \u00e4n de f\u00f6rst trodde att det skulle vara. Det b\u00e4sta, s\u00e4ger de, \u00e4r kundkontakterna (att f\u00e5 hj\u00e4lpa andra m\u00e4nniskor och f\u00e5 uppskattning f\u00f6r det de g\u00f6r), sj\u00e4lvbest\u00e4mmande och flexibilitet.<\/em><\/p>\n<p><em>Det h\u00e4nger samman med att m\u00e5nga hush\u00e5llsarbetare sj\u00e4lva kommer \u00f6verens med sina kunder om n\u00e4r de ska g\u00f6ra sitt arbete och s\u00e5lunda har m\u00f6jlighet att planera sina arbetstider s\u00e5 att de kan f\u00e5 ihop dem med vardagens olika krav. Vid intervjuer ber\u00e4ttar de om hur de kan anpassa arbetet efter till exempel barnens fritidssysslor och egna l\u00e4karbes\u00f6k.<\/em><\/p>\n<p><em><strong>Hush\u00e5llsarbetarna \u00e4r<\/strong>\u00a0i allm\u00e4nhet inte heller lika \u00f6vervakade som anst\u00e4llda inom m\u00e5nga andra yrken som st\u00e5r till buds f\u00f6r denna grupp. Med tanke p\u00e5 att m\u00e5nga tidigare har arbetat inom yrken d\u00e4r de n\u00e4rmaste cheferna och\/eller kunderna \u00f6vervakat dem och nu slipper det, \u00e4r det kanske inte s\u00e4rskilt f\u00f6rv\u00e5nande att m\u00e5nga trivs. Det verkar som att denna frihet tas f\u00f6r given av m\u00e5nga journalister, debatt\u00f6rer, forskare och andra inom medelklassen.&#8221;<\/em><\/p>\n<p>skriver Lepp\u00e4nen och Dahlberg.<\/p>\n<p>Artikeln har f\u00e5tt en <a href=\"http:\/\/www.dn.se\/debatt\/inte-manga-pratar-om-pigor-i-dag\">replik<\/a>\u00a0av\u00a0Catharina Calleman<strong>,\u00a0<\/strong>docent i arbetsr\u00e4tt vid \u00d6rebro Universitet,\u00a0Anna Gavanas, docent i genusvetenskap och antropologi vid Link\u00f6pings Universitet och\u00a0Elin Kvist<strong>,\u00a0<\/strong>doktor i sociologi vid Ume\u00e5 Universitet. Givetvis vet dessa personer med genusvetenskaplig kompetens b\u00e4ttre \u00e4n de intervjuade personerna\u00a0vad som \u00e4r de st\u00f6rsta arbetsmilj\u00f6problemen f\u00f6r dem:<\/p>\n<p><em>&#8221;Hush\u00e5llsarbetares f\u00f6rh\u00e5llanden p\u00e5verkas inte s\u00e5 mycket av vad n\u00e5gon kan t\u00e4nkas kalla dem som av hur deras arbete v\u00e4rderas och feminiseras och av villkoren p\u00e5 dagens svenska arbetsmarknad.&#8221;\u00a0<\/em><\/p>\n<p>I \u00e4rlighetens namn ska p\u00e5pekas att de tre replikskrivarna tar upp en del metodologikritik, n\u00e5got som man inte s\u00e4rskilt ofta st\u00f6ter p\u00e5 n\u00e4r det g\u00e4ller genusvetenskap. (Kanske kommer inflytandet fr\u00e5n de andra disciplinerna som \u00e4r inblandade h\u00e4r&#8230;?) Jag ger mig inte in i en diskussion om sj\u00e4lva unders\u00f6kningarna, utan tar mest upp detta eftersom jag ofta blir f\u00f6rundrad \u00f6ver attityden till den h\u00e4r slags arbeten hos de som ofta p\u00e5st\u00e5r sig just vara de som m\u00e5nar om de m\u00e4nniskor som innehar dem.<\/p>\n<p><a href=\"http:\/\/www.scb.se\/Pages\/Article____331768.aspx\">SCB &#8211; Fler f\u00f6retag i st\u00e4dbranschen<\/a><\/p>\n<p><a href=\"http:\/\/www.passup.se\/tjanster_foretag.aspx\/\">Passup<\/a><\/p>\n<p>Replikskrivarna (som kommer med en bok snart) p\u00e5 Sekretariatets\u00a0<a href=\"http:\/\/www.genus.se\/om-oss\/nationell-konferens\/n\/\/hushallstjanster-pa-g12.cid1131850\">hemsida.<\/a><\/p>\n<p>&nbsp;<\/p>\n","protected":false},"excerpt":{"rendered":"<p>\u00a0Passup, ett f\u00f6retag i branchen Vesa Lepp\u00e4nen, bitr\u00e4dande professor i socialt arbete vid h\u00f6gskolan i Kristianstad, skrev\u00a0(med Lars Dahlberg) om attityden till de som arbetar med hush\u00e5llsn\u00e4ra tj\u00e4nster h\u00e4romdagen i DN. Jag har bloggat p\u00e5 samma linje om detta\u00a0h\u00e4r. &#8221;I &hellip; <a href=\"http:\/\/www.susannavaris.com\/blogg\/2012\/12\/leppanen-om-pigdebatten\/\">Forts\u00e4tt l\u00e4sa <span class=\"meta-nav\">&rarr;<\/span><\/a><\/p>\n","protected":false},"author":1,"featured_media":0,"comment_status":"open","ping_status":"open","sticky":false,"template":"","format":"standard","meta":{"footnotes":""},"categories":[181,259,1321,589,1,590],"tags":[2567,225,2566,2568,4900,4899,4903,2569,2564,226,227,2563,1836,2565],"class_list":["post-8205","post","type-post","status-publish","format-standard","hentry","category-feminism","category-genusvetenskap","category-jamstalldhet","category-medier","category-okategoriserade","category-politik","tag-anna-gavanas","tag-asa-linderborg","tag-catharina-calleman","tag-elin-kvist","tag-feminism","tag-genus","tag-genusvetenskap","tag-hushallsnara-tjanster","tag-lars-dahlberg","tag-piga","tag-pigdebatt","tag-pigor","tag-rut","tag-vesa-leppanen"],"_links":{"self":[{"href":"http:\/\/www.susannavaris.com\/blogg\/wp-json\/wp\/v2\/posts\/8205","targetHints":{"allow":["GET"]}}],"collection":[{"href":"http:\/\/www.susannavaris.com\/blogg\/wp-json\/wp\/v2\/posts"}],"about":[{"href":"http:\/\/www.susannavaris.com\/blogg\/wp-json\/wp\/v2\/types\/post"}],"author":[{"embeddable":true,"href":"http:\/\/www.susannavaris.com\/blogg\/wp-json\/wp\/v2\/users\/1"}],"replies":[{"embeddable":true,"href":"http:\/\/www.susannavaris.com\/blogg\/wp-json\/wp\/v2\/comments?post=8205"}],"version-history":[{"count":5,"href":"http:\/\/www.susannavaris.com\/blogg\/wp-json\/wp\/v2\/posts\/8205\/revisions"}],"predecessor-version":[{"id":8212,"href":"http:\/\/www.susannavaris.com\/blogg\/wp-json\/wp\/v2\/posts\/8205\/revisions\/8212"}],"wp:attachment":[{"href":"http:\/\/www.susannavaris.com\/blogg\/wp-json\/wp\/v2\/media?parent=8205"}],"wp:term":[{"taxonomy":"category","embeddable":true,"href":"http:\/\/www.susannavaris.com\/blogg\/wp-json\/wp\/v2\/categories?post=8205"},{"taxonomy":"post_tag","embeddable":true,"href":"http:\/\/www.susannavaris.com\/blogg\/wp-json\/wp\/v2\/tags?post=8205"}],"curies":[{"name":"wp","href":"https:\/\/api.w.org\/{rel}","templated":true}]}}