{"id":8401,"date":"2013-01-03T22:42:55","date_gmt":"2013-01-03T21:42:55","guid":{"rendered":"http:\/\/www.susannavaris.com\/blogg\/?p=8401"},"modified":"2013-01-03T22:45:16","modified_gmt":"2013-01-03T21:45:16","slug":"inledning-pa-aret","status":"publish","type":"post","link":"http:\/\/www.susannavaris.com\/blogg\/2013\/01\/inledning-pa-aret\/","title":{"rendered":"Inledning p\u00e5 \u00e5ret"},"content":{"rendered":"<p><a href=\"http:\/\/www.susannavaris.com\/blogg\/2013\/01\/inledning-pa-aret\/karinmagnusson\/\" rel=\"attachment wp-att-8402\"><img loading=\"lazy\" decoding=\"async\" class=\"aligncenter size-full wp-image-8402\" alt=\"karinmagnusson\" src=\"http:\/\/www.susannavaris.com\/blogg\/wp-content\/uploads\/2013\/01\/karinmagnusson.jpg\" width=\"512\" height=\"386\" srcset=\"http:\/\/www.susannavaris.com\/blogg\/wp-content\/uploads\/2013\/01\/karinmagnusson.jpg 512w, http:\/\/www.susannavaris.com\/blogg\/wp-content\/uploads\/2013\/01\/karinmagnusson-300x226.jpg 300w\" sizes=\"auto, (max-width: 512px) 100vw, 512px\" \/><\/a><\/p>\n<p>Karin Magnusson p\u00e5 Aftonbladet <a href=\"http:\/\/www.aftonbladet.se\/nyheter\/kolumnister\/karinmagnusson\/article16011659.ab\">inleder<\/a>\u00a0\u00e5ret med att visa att rasism och sexism \u00e4r helt i sin ordning, s\u00e5 l\u00e4nge det riktar sig mot r\u00e4tt grupp. Epitetet vita kr\u00e4nkta m\u00e4n anv\u00e4nds numera lite varstans och \u00e4r antagligen sprungen ur en diskurs d\u00e4r den vita, medel\u00e5lders mannen per definition \u00e4r en figur i maktposition och som det d\u00e4rf\u00f6r \u00e4r helt i sin ordning att h\u00e5na. H\u00e4rmed bef\u00e4ster man ju tyv\u00e4rr bara f\u00f6rdomen om att det just skulle handla om en grupp som specifikt har makt. Dessutom anv\u00e4nds uttrycket \u00e4ven n\u00e4r det g\u00e4ller legitim kritik mot diskriminering och missf\u00f6rh\u00e5llanden. Vita, medel\u00e5lders m\u00e4n ska helt enkelt inte yttra sig \u00e4r andemeningen. De personer som nu faller in i kategorin f\u00e5r h\u00e5lla k\u00e4ft och kl\u00e4 skott f\u00f6r allehanda illd\u00e5d, diskriminering och allm\u00e4nt el\u00e4nde sedan tusentals \u00e5r som det manliga k\u00f6net (enligt feministisk ideologi) \u00e4r ansvarigt f\u00f6r. Det verkar kunna bli en del att blogga om \u00e4ven detta \u00e5r.<\/p>\n","protected":false},"excerpt":{"rendered":"<p>Karin Magnusson p\u00e5 Aftonbladet inleder\u00a0\u00e5ret med att visa att rasism och sexism \u00e4r helt i sin ordning, s\u00e5 l\u00e4nge det riktar sig mot r\u00e4tt grupp. Epitetet vita kr\u00e4nkta m\u00e4n anv\u00e4nds numera lite varstans och \u00e4r antagligen sprungen ur en diskurs &hellip; <a href=\"http:\/\/www.susannavaris.com\/blogg\/2013\/01\/inledning-pa-aret\/\">Forts\u00e4tt l\u00e4sa <span class=\"meta-nav\">&rarr;<\/span><\/a><\/p>\n","protected":false},"author":1,"featured_media":0,"comment_status":"open","ping_status":"open","sticky":false,"template":"","format":"standard","meta":{"footnotes":""},"categories":[181,1321,1162,589,1,590],"tags":[149,4900,2590,2589,2555],"class_list":["post-8401","post","type-post","status-publish","format-standard","hentry","category-feminism","category-jamstalldhet","category-kultur","category-medier","category-okategoriserade","category-politik","tag-aftonbladet","tag-feminism","tag-jamtalldhet","tag-karin-magnusson","tag-krankta-vita-man"],"_links":{"self":[{"href":"http:\/\/www.susannavaris.com\/blogg\/wp-json\/wp\/v2\/posts\/8401","targetHints":{"allow":["GET"]}}],"collection":[{"href":"http:\/\/www.susannavaris.com\/blogg\/wp-json\/wp\/v2\/posts"}],"about":[{"href":"http:\/\/www.susannavaris.com\/blogg\/wp-json\/wp\/v2\/types\/post"}],"author":[{"embeddable":true,"href":"http:\/\/www.susannavaris.com\/blogg\/wp-json\/wp\/v2\/users\/1"}],"replies":[{"embeddable":true,"href":"http:\/\/www.susannavaris.com\/blogg\/wp-json\/wp\/v2\/comments?post=8401"}],"version-history":[{"count":4,"href":"http:\/\/www.susannavaris.com\/blogg\/wp-json\/wp\/v2\/posts\/8401\/revisions"}],"predecessor-version":[{"id":8406,"href":"http:\/\/www.susannavaris.com\/blogg\/wp-json\/wp\/v2\/posts\/8401\/revisions\/8406"}],"wp:attachment":[{"href":"http:\/\/www.susannavaris.com\/blogg\/wp-json\/wp\/v2\/media?parent=8401"}],"wp:term":[{"taxonomy":"category","embeddable":true,"href":"http:\/\/www.susannavaris.com\/blogg\/wp-json\/wp\/v2\/categories?post=8401"},{"taxonomy":"post_tag","embeddable":true,"href":"http:\/\/www.susannavaris.com\/blogg\/wp-json\/wp\/v2\/tags?post=8401"}],"curies":[{"name":"wp","href":"https:\/\/api.w.org\/{rel}","templated":true}]}}