{"id":8445,"date":"2013-01-05T00:03:11","date_gmt":"2013-01-04T23:03:11","guid":{"rendered":"http:\/\/www.susannavaris.com\/blogg\/?p=8445"},"modified":"2013-01-05T00:38:55","modified_gmt":"2013-01-04T23:38:55","slug":"tva-bra-artiklar-i-dn-idag","status":"publish","type":"post","link":"http:\/\/www.susannavaris.com\/blogg\/2013\/01\/tva-bra-artiklar-i-dn-idag\/","title":{"rendered":"Tv\u00e5 bra artiklar i DN idag!"},"content":{"rendered":"<p><a href=\"http:\/\/www.susannavaris.com\/blogg\/2013\/01\/tva-bra-artiklar-i-dn-idag\/dn_14dec_big\/\" rel=\"attachment wp-att-8446\"><img loading=\"lazy\" decoding=\"async\" class=\"aligncenter size-full wp-image-8446\" alt=\"dn_14dec_big\" src=\"http:\/\/www.susannavaris.com\/blogg\/wp-content\/uploads\/2013\/01\/dn_14dec_big.jpg\" width=\"736\" height=\"134\" srcset=\"http:\/\/www.susannavaris.com\/blogg\/wp-content\/uploads\/2013\/01\/dn_14dec_big.jpg 736w, http:\/\/www.susannavaris.com\/blogg\/wp-content\/uploads\/2013\/01\/dn_14dec_big-300x54.jpg 300w\" sizes=\"auto, (max-width: 736px) 100vw, 736px\" \/><\/a><\/p>\n<p>Allt hopp kanske \u00e4nd\u00e5 inte \u00e4r ute \u00e4n f\u00f6r DN. Erik Helmersson skriver en ytterst l\u00e4sv\u00e4rd\u00a0<a href=\"http:\/\/www.dn.se\/ledare\/signerat\/ohlsson-och-vanstern-utanforskapet-som-privilegium\">artikel<\/a>\u00a0p\u00e5 ledarsidan och Bengt Ohlssons\u00a0<a href=\"http:\/\/www.dn.se\/blogg\/pa-stan\/skribent\/ohlsson\/\">kr\u00f6nika<\/a>\u00a0i stockholmsdelen \u00e4r ocks\u00e5 bra.<\/p>\n","protected":false},"excerpt":{"rendered":"<p>Allt hopp kanske \u00e4nd\u00e5 inte \u00e4r ute \u00e4n f\u00f6r DN. Erik Helmersson skriver en ytterst l\u00e4sv\u00e4rd\u00a0artikel\u00a0p\u00e5 ledarsidan och Bengt Ohlssons\u00a0kr\u00f6nika\u00a0i stockholmsdelen \u00e4r ocks\u00e5 bra.<\/p>\n","protected":false},"author":1,"featured_media":0,"comment_status":"open","ping_status":"open","sticky":false,"template":"","format":"standard","meta":{"footnotes":""},"categories":[181,259,3,1162,589,1,590],"tags":[174,175,784],"class_list":["post-8445","post","type-post","status-publish","format-standard","hentry","category-feminism","category-genusvetenskap","category-konst","category-kultur","category-medier","category-okategoriserade","category-politik","tag-bengt-ohlsson","tag-dn","tag-erik-helmersson"],"_links":{"self":[{"href":"http:\/\/www.susannavaris.com\/blogg\/wp-json\/wp\/v2\/posts\/8445","targetHints":{"allow":["GET"]}}],"collection":[{"href":"http:\/\/www.susannavaris.com\/blogg\/wp-json\/wp\/v2\/posts"}],"about":[{"href":"http:\/\/www.susannavaris.com\/blogg\/wp-json\/wp\/v2\/types\/post"}],"author":[{"embeddable":true,"href":"http:\/\/www.susannavaris.com\/blogg\/wp-json\/wp\/v2\/users\/1"}],"replies":[{"embeddable":true,"href":"http:\/\/www.susannavaris.com\/blogg\/wp-json\/wp\/v2\/comments?post=8445"}],"version-history":[{"count":3,"href":"http:\/\/www.susannavaris.com\/blogg\/wp-json\/wp\/v2\/posts\/8445\/revisions"}],"predecessor-version":[{"id":8449,"href":"http:\/\/www.susannavaris.com\/blogg\/wp-json\/wp\/v2\/posts\/8445\/revisions\/8449"}],"wp:attachment":[{"href":"http:\/\/www.susannavaris.com\/blogg\/wp-json\/wp\/v2\/media?parent=8445"}],"wp:term":[{"taxonomy":"category","embeddable":true,"href":"http:\/\/www.susannavaris.com\/blogg\/wp-json\/wp\/v2\/categories?post=8445"},{"taxonomy":"post_tag","embeddable":true,"href":"http:\/\/www.susannavaris.com\/blogg\/wp-json\/wp\/v2\/tags?post=8445"}],"curies":[{"name":"wp","href":"https:\/\/api.w.org\/{rel}","templated":true}]}}