{"id":8450,"date":"2013-01-05T21:37:26","date_gmt":"2013-01-05T20:37:26","guid":{"rendered":"http:\/\/www.susannavaris.com\/blogg\/?p=8450"},"modified":"2013-01-09T23:20:45","modified_gmt":"2013-01-09T22:20:45","slug":"helene-schjerfbeck-pa-waldemarsudde","status":"publish","type":"post","link":"http:\/\/www.susannavaris.com\/blogg\/2013\/01\/helene-schjerfbeck-pa-waldemarsudde\/","title":{"rendered":"Helene Schjerfbeck p\u00e5 Waldemarsudde"},"content":{"rendered":"<p>Idag var det dags f\u00f6r lite kulturella aktiviteter igen, p\u00e5 Prins Eugens Waldemarsudde p\u00e5g\u00e5r en stor utst\u00e4llning med Helene Schjerfbeck och den ville jag naturligtvis se. Jag har varit n\u00e5got \u00f6verm\u00e4tt p\u00e5 Schjerfbeck eftersom hon alltid har hyllats av moderskan med andra kulturtanter i sl\u00e4kten och ett tag blev det n\u00e5got av en \u00f6verdos. Det g\u00e5r dock inte att undg\u00e5 faktumet att hon var ett geni och nu k\u00e4nde jag mig \u00e5ter nyfiken p\u00e5 denne konstn\u00e4r.<\/p>\n<p>Framme i Stockholm, precis utanf\u00f6r Centralstation p\u00e5 Vasagatan m\u00f6tte vi dock en annan finsk k\u00e4ndis; Tuksu. Eller Johanna Tukiainen, som scandal beautyn (?) i fr\u00e5ga egentligen heter. Tuksu blev v\u00e4rldsber\u00f6md i hela Finland efter att den f\u00f6re detta utrikesministern Kanerva skickat hundratals tvivelaktiga sms till denne glamourmodell, som vid tiden turnerade med sin stripp-ensemble Glamour Dolls. Kanerva \u00e5kte fast och blev tvungen att avg\u00e5 och Tuksu har sedan dess levt ett allt mer urartat liv i skandalpress och p\u00e5 sin blogg och nu hade hon allts\u00e5 f\u00f6r\u00e4rat Stockholm ett bes\u00f6k.<\/p>\n<p style=\"text-align: center;\"><a href=\"http:\/\/www.susannavaris.com\/blogg\/2013\/01\/helene-schjerfbeck-pa-waldemarsudde\/tuksu2\/\" rel=\"attachment wp-att-8453\"><img loading=\"lazy\" decoding=\"async\" class=\"aligncenter size-full wp-image-8453\" alt=\"tuksu2\" src=\"http:\/\/www.susannavaris.com\/blogg\/wp-content\/uploads\/2013\/01\/tuksu2.jpg\" width=\"973\" height=\"372\" srcset=\"http:\/\/www.susannavaris.com\/blogg\/wp-content\/uploads\/2013\/01\/tuksu2.jpg 973w, http:\/\/www.susannavaris.com\/blogg\/wp-content\/uploads\/2013\/01\/tuksu2-300x114.jpg 300w\" sizes=\"auto, (max-width: 973px) 100vw, 973px\" \/><\/a>\u00a0<em>Tuksus blogg<\/em><\/p>\n<p style=\"text-align: center;\">Exempel p\u00e5 Tuksus artisteri kan ses\u00a0<a href=\"http:\/\/www.youtube.com\/watch?v=oBE0m_xcmhY\">h\u00e4r<\/a>. Hennes n\u00e5got tilltygade uppenbarelse h\u00e4rr\u00f6r fr\u00e5n ett slagsm\u00e5l som hon hamnade i under en kryssning till Tallinn. Hon skriver p\u00e5 sin blogg att hon har blivit kontaktad av en svensk, kvinnlig artist f\u00f6r ett samarbete.<\/p>\n<p style=\"text-align: center;\"><a href=\"http:\/\/www.susannavaris.com\/blogg\/2013\/01\/helene-schjerfbeck-pa-waldemarsudde\/tuksufinnish-foreign-minister-ilkka-kanerva-and-johanna-t-5962948\/\" rel=\"attachment wp-att-8451\"><img loading=\"lazy\" decoding=\"async\" class=\"aligncenter size-full wp-image-8451\" alt=\"tuksuFinnish-Foreign-Minister-Ilkka-Kanerva-and-Johanna-T-5962948\" src=\"http:\/\/www.susannavaris.com\/blogg\/wp-content\/uploads\/2013\/01\/tuksuFinnish-Foreign-Minister-Ilkka-Kanerva-and-Johanna-T-5962948.jpg\" width=\"350\" height=\"240\" srcset=\"http:\/\/www.susannavaris.com\/blogg\/wp-content\/uploads\/2013\/01\/tuksuFinnish-Foreign-Minister-Ilkka-Kanerva-and-Johanna-T-5962948.jpg 350w, http:\/\/www.susannavaris.com\/blogg\/wp-content\/uploads\/2013\/01\/tuksuFinnish-Foreign-Minister-Ilkka-Kanerva-and-Johanna-T-5962948-300x205.jpg 300w\" sizes=\"auto, (max-width: 350px) 100vw, 350px\" \/><\/a>\u00a0<em>Exminister Ilkka Kanerva och Tuksu<\/em><\/p>\n<p style=\"text-align: center;\"><a href=\"http:\/\/www.susannavaris.com\/blogg\/2013\/01\/helene-schjerfbeck-pa-waldemarsudde\/tuksut5004\/\" rel=\"attachment wp-att-8452\"><img loading=\"lazy\" decoding=\"async\" class=\"aligncenter size-full wp-image-8452\" alt=\"tuksut5004\" src=\"http:\/\/www.susannavaris.com\/blogg\/wp-content\/uploads\/2013\/01\/tuksut5004.jpg\" width=\"500\" height=\"375\" srcset=\"http:\/\/www.susannavaris.com\/blogg\/wp-content\/uploads\/2013\/01\/tuksut5004.jpg 500w, http:\/\/www.susannavaris.com\/blogg\/wp-content\/uploads\/2013\/01\/tuksut5004-300x225.jpg 300w\" sizes=\"auto, (max-width: 500px) 100vw, 500px\" \/><\/a>\u00a0<em>Tuksu firar jul hos sin familj \u00a0i Sverige. Bild fr\u00e5n Johanna Tukiainens blogg.<\/em><\/p>\n<p style=\"text-align: center;\">Efter att ha h\u00e4mtat oss fr\u00e5n glamourchocken vid Centralen begav vi oss mot Nationalmuseum och favoritrestaurangen Atrium&#8230;<\/p>\n<p style=\"text-align: center;\"><a href=\"http:\/\/www.susannavaris.com\/blogg\/2013\/01\/helene-schjerfbeck-pa-waldemarsudde\/dsc_0563-50\/\" rel=\"attachment wp-att-8454\"><img loading=\"lazy\" decoding=\"async\" class=\"aligncenter size-full wp-image-8454\" alt=\"DSC_0563-50\" src=\"http:\/\/www.susannavaris.com\/blogg\/wp-content\/uploads\/2013\/01\/DSC_0563-50.jpg\" width=\"1536\" height=\"2304\" srcset=\"http:\/\/www.susannavaris.com\/blogg\/wp-content\/uploads\/2013\/01\/DSC_0563-50.jpg 1536w, http:\/\/www.susannavaris.com\/blogg\/wp-content\/uploads\/2013\/01\/DSC_0563-50-200x300.jpg 200w, http:\/\/www.susannavaris.com\/blogg\/wp-content\/uploads\/2013\/01\/DSC_0563-50-682x1024.jpg 682w\" sizes=\"auto, (max-width: 1536px) 100vw, 1536px\" \/><\/a>\u00a0<em>Konst (?) i Str\u00f6mmen<\/em><\/p>\n<p style=\"text-align: center;\"><a href=\"http:\/\/www.susannavaris.com\/blogg\/2013\/01\/helene-schjerfbeck-pa-waldemarsudde\/dsc_0565\/\" rel=\"attachment wp-att-8455\"><img loading=\"lazy\" decoding=\"async\" class=\"aligncenter size-full wp-image-8455\" alt=\"DSC_0565\" src=\"http:\/\/www.susannavaris.com\/blogg\/wp-content\/uploads\/2013\/01\/DSC_0565.jpg\" width=\"1018\" height=\"1276\" srcset=\"http:\/\/www.susannavaris.com\/blogg\/wp-content\/uploads\/2013\/01\/DSC_0565.jpg 1018w, http:\/\/www.susannavaris.com\/blogg\/wp-content\/uploads\/2013\/01\/DSC_0565-239x300.jpg 239w, http:\/\/www.susannavaris.com\/blogg\/wp-content\/uploads\/2013\/01\/DSC_0565-816x1024.jpg 816w\" sizes=\"auto, (max-width: 1018px) 100vw, 1018px\" \/><\/a>\u00a0<em>En prins med r\u00e5narmask och &#8211; s\u00e4ck<\/em><\/p>\n<p style=\"text-align: center;\"><a href=\"http:\/\/www.susannavaris.com\/blogg\/2013\/01\/helene-schjerfbeck-pa-waldemarsudde\/dsc_0566-50\/\" rel=\"attachment wp-att-8456\"><img loading=\"lazy\" decoding=\"async\" class=\"aligncenter size-full wp-image-8456\" alt=\"DSC_0566-50\" src=\"http:\/\/www.susannavaris.com\/blogg\/wp-content\/uploads\/2013\/01\/DSC_0566-50.jpg\" width=\"2066\" height=\"1534\" srcset=\"http:\/\/www.susannavaris.com\/blogg\/wp-content\/uploads\/2013\/01\/DSC_0566-50.jpg 2066w, http:\/\/www.susannavaris.com\/blogg\/wp-content\/uploads\/2013\/01\/DSC_0566-50-300x222.jpg 300w, http:\/\/www.susannavaris.com\/blogg\/wp-content\/uploads\/2013\/01\/DSC_0566-50-1024x760.jpg 1024w\" sizes=\"auto, (max-width: 2066px) 100vw, 2066px\" \/><\/a>\u00a0<em>Fj\u00e4derf\u00e4bonanza i samma str\u00f6m<\/em><\/p>\n<p style=\"text-align: center;\"><a href=\"http:\/\/www.susannavaris.com\/blogg\/2013\/01\/helene-schjerfbeck-pa-waldemarsudde\/dsc_0567-50\/\" rel=\"attachment wp-att-8457\"><img loading=\"lazy\" decoding=\"async\" class=\"aligncenter size-full wp-image-8457\" alt=\"DSC_0567-50\" src=\"http:\/\/www.susannavaris.com\/blogg\/wp-content\/uploads\/2013\/01\/DSC_0567-50.jpg\" width=\"2304\" height=\"1407\" srcset=\"http:\/\/www.susannavaris.com\/blogg\/wp-content\/uploads\/2013\/01\/DSC_0567-50.jpg 2304w, http:\/\/www.susannavaris.com\/blogg\/wp-content\/uploads\/2013\/01\/DSC_0567-50-300x183.jpg 300w, http:\/\/www.susannavaris.com\/blogg\/wp-content\/uploads\/2013\/01\/DSC_0567-50-1024x625.jpg 1024w\" sizes=\"auto, (max-width: 2304px) 100vw, 2304px\" \/><\/a>\u00a0<a href=\"http:\/\/www.susannavaris.com\/blogg\/2013\/01\/helene-schjerfbeck-pa-waldemarsudde\/dsc_0568-50\/\" rel=\"attachment wp-att-8458\"><img loading=\"lazy\" decoding=\"async\" class=\"aligncenter size-full wp-image-8458\" alt=\"DSC_0568-50\" src=\"http:\/\/www.susannavaris.com\/blogg\/wp-content\/uploads\/2013\/01\/DSC_0568-50.jpg\" width=\"2298\" height=\"1384\" srcset=\"http:\/\/www.susannavaris.com\/blogg\/wp-content\/uploads\/2013\/01\/DSC_0568-50.jpg 2298w, http:\/\/www.susannavaris.com\/blogg\/wp-content\/uploads\/2013\/01\/DSC_0568-50-300x180.jpg 300w, http:\/\/www.susannavaris.com\/blogg\/wp-content\/uploads\/2013\/01\/DSC_0568-50-1024x616.jpg 1024w\" sizes=\"auto, (max-width: 2298px) 100vw, 2298px\" \/><\/a>\u00a0<em>Gr\u00f6nsaksbuff\u00e9 med lax till&#8230;yammy<\/em><\/p>\n<p style=\"text-align: center;\"><a href=\"http:\/\/www.susannavaris.com\/blogg\/2013\/01\/helene-schjerfbeck-pa-waldemarsudde\/dsc_0569-50\/\" rel=\"attachment wp-att-8459\"><img loading=\"lazy\" decoding=\"async\" class=\"aligncenter size-full wp-image-8459\" alt=\"DSC_0569-50\" src=\"http:\/\/www.susannavaris.com\/blogg\/wp-content\/uploads\/2013\/01\/DSC_0569-50.jpg\" width=\"2304\" height=\"1536\" srcset=\"http:\/\/www.susannavaris.com\/blogg\/wp-content\/uploads\/2013\/01\/DSC_0569-50.jpg 2304w, http:\/\/www.susannavaris.com\/blogg\/wp-content\/uploads\/2013\/01\/DSC_0569-50-300x200.jpg 300w, http:\/\/www.susannavaris.com\/blogg\/wp-content\/uploads\/2013\/01\/DSC_0569-50-1024x682.jpg 1024w\" sizes=\"auto, (max-width: 2304px) 100vw, 2304px\" \/><\/a>\u00a0<em>Uffe tog ryggbiff<\/em><\/p>\n<p style=\"text-align: center;\">F\u00f6rst\u00e4rkta av maten bar det av mot Waldemarsudde, dit vi tog oss med djurg\u00e5rdsf\u00e4rjan&#8230;<\/p>\n<p style=\"text-align: center;\"><a href=\"http:\/\/www.susannavaris.com\/blogg\/2013\/01\/helene-schjerfbeck-pa-waldemarsudde\/dsc_0570-50\/\" rel=\"attachment wp-att-8460\"><img loading=\"lazy\" decoding=\"async\" class=\"aligncenter size-full wp-image-8460\" alt=\"DSC_0570-50\" src=\"http:\/\/www.susannavaris.com\/blogg\/wp-content\/uploads\/2013\/01\/DSC_0570-50.jpg\" width=\"2304\" height=\"1536\" srcset=\"http:\/\/www.susannavaris.com\/blogg\/wp-content\/uploads\/2013\/01\/DSC_0570-50.jpg 2304w, http:\/\/www.susannavaris.com\/blogg\/wp-content\/uploads\/2013\/01\/DSC_0570-50-300x200.jpg 300w, http:\/\/www.susannavaris.com\/blogg\/wp-content\/uploads\/2013\/01\/DSC_0570-50-1024x682.jpg 1024w\" sizes=\"auto, (max-width: 2304px) 100vw, 2304px\" \/><\/a><em>\u00a0S\/S Orion p\u00e5 Skeppsholmen<\/em><\/p>\n<p style=\"text-align: center;\"><a href=\"http:\/\/www.susannavaris.com\/blogg\/2013\/01\/helene-schjerfbeck-pa-waldemarsudde\/dsc_0571-50\/\" rel=\"attachment wp-att-8461\"><img loading=\"lazy\" decoding=\"async\" class=\"aligncenter size-full wp-image-8461\" alt=\"DSC_0571-50\" src=\"http:\/\/www.susannavaris.com\/blogg\/wp-content\/uploads\/2013\/01\/DSC_0571-50.jpg\" width=\"2302\" height=\"1225\" srcset=\"http:\/\/www.susannavaris.com\/blogg\/wp-content\/uploads\/2013\/01\/DSC_0571-50.jpg 2302w, http:\/\/www.susannavaris.com\/blogg\/wp-content\/uploads\/2013\/01\/DSC_0571-50-300x159.jpg 300w, http:\/\/www.susannavaris.com\/blogg\/wp-content\/uploads\/2013\/01\/DSC_0571-50-1024x544.jpg 1024w\" sizes=\"auto, (max-width: 2302px) 100vw, 2302px\" \/><\/a>\u00a0<a href=\"http:\/\/www.susannavaris.com\/blogg\/2013\/01\/helene-schjerfbeck-pa-waldemarsudde\/dsc_0157-50-3\/\" rel=\"attachment wp-att-8462\"><img loading=\"lazy\" decoding=\"async\" class=\"aligncenter size-full wp-image-8462\" alt=\"DSC_0157-50\" src=\"http:\/\/www.susannavaris.com\/blogg\/wp-content\/uploads\/2013\/01\/DSC_0157-50.jpg\" width=\"1424\" height=\"2144\" srcset=\"http:\/\/www.susannavaris.com\/blogg\/wp-content\/uploads\/2013\/01\/DSC_0157-50.jpg 1424w, http:\/\/www.susannavaris.com\/blogg\/wp-content\/uploads\/2013\/01\/DSC_0157-50-199x300.jpg 199w, http:\/\/www.susannavaris.com\/blogg\/wp-content\/uploads\/2013\/01\/DSC_0157-50-680x1024.jpg 680w\" sizes=\"auto, (max-width: 1424px) 100vw, 1424px\" \/><\/a>\u00a0<em>P\u00e5 utst\u00e4llningen<\/em><\/p>\n<p style=\"text-align: center;\"><a href=\"http:\/\/www.susannavaris.com\/blogg\/2013\/01\/helene-schjerfbeck-pa-waldemarsudde\/dsc_0572-50\/\" rel=\"attachment wp-att-8463\"><img loading=\"lazy\" decoding=\"async\" class=\"aligncenter size-full wp-image-8463\" alt=\"DSC_0572-50\" src=\"http:\/\/www.susannavaris.com\/blogg\/wp-content\/uploads\/2013\/01\/DSC_0572-50.jpg\" width=\"1987\" height=\"1534\" srcset=\"http:\/\/www.susannavaris.com\/blogg\/wp-content\/uploads\/2013\/01\/DSC_0572-50.jpg 1987w, http:\/\/www.susannavaris.com\/blogg\/wp-content\/uploads\/2013\/01\/DSC_0572-50-300x231.jpg 300w, http:\/\/www.susannavaris.com\/blogg\/wp-content\/uploads\/2013\/01\/DSC_0572-50-1024x790.jpg 1024w\" sizes=\"auto, (max-width: 1987px) 100vw, 1987px\" \/><\/a>\u00a0<em>Detta verk hade hittats under ett annat verk och man har lyckats separera de tv\u00e5. \u00c4ven verket som hade m\u00e5lats ovanp\u00e5 denna fanns med vid utst\u00e4llningen. Moder med barn, heter denna.<\/em><\/p>\n<p style=\"text-align: center;\"><a href=\"http:\/\/www.susannavaris.com\/blogg\/2013\/01\/helene-schjerfbeck-pa-waldemarsudde\/dsc_0573-50\/\" rel=\"attachment wp-att-8464\"><img loading=\"lazy\" decoding=\"async\" class=\"aligncenter size-full wp-image-8464\" alt=\"DSC_0573-50\" src=\"http:\/\/www.susannavaris.com\/blogg\/wp-content\/uploads\/2013\/01\/DSC_0573-50.jpg\" width=\"1405\" height=\"1910\" srcset=\"http:\/\/www.susannavaris.com\/blogg\/wp-content\/uploads\/2013\/01\/DSC_0573-50.jpg 1405w, http:\/\/www.susannavaris.com\/blogg\/wp-content\/uploads\/2013\/01\/DSC_0573-50-220x300.jpg 220w, http:\/\/www.susannavaris.com\/blogg\/wp-content\/uploads\/2013\/01\/DSC_0573-50-753x1024.jpg 753w\" sizes=\"auto, (max-width: 1405px) 100vw, 1405px\" \/><\/a>\u00a0<em>Mor syr<\/em><\/p>\n<p style=\"text-align: center;\"><a href=\"http:\/\/www.susannavaris.com\/blogg\/2013\/01\/helene-schjerfbeck-pa-waldemarsudde\/dsc_0574-50-2\/\" rel=\"attachment wp-att-8465\"><img loading=\"lazy\" decoding=\"async\" class=\"aligncenter size-full wp-image-8465\" alt=\"DSC_0574-50\" src=\"http:\/\/www.susannavaris.com\/blogg\/wp-content\/uploads\/2013\/01\/DSC_0574-50.jpg\" width=\"1536\" height=\"2304\" srcset=\"http:\/\/www.susannavaris.com\/blogg\/wp-content\/uploads\/2013\/01\/DSC_0574-50.jpg 1536w, http:\/\/www.susannavaris.com\/blogg\/wp-content\/uploads\/2013\/01\/DSC_0574-50-200x300.jpg 200w, http:\/\/www.susannavaris.com\/blogg\/wp-content\/uploads\/2013\/01\/DSC_0574-50-682x1024.jpg 682w\" sizes=\"auto, (max-width: 1536px) 100vw, 1536px\" \/><\/a>\u00a0<em>Framf\u00f6r Bastun. Sj\u00e4lvklart finns en bastu med p\u00e5 ett h\u00f6rn&#8230;<\/em><\/p>\n<p style=\"text-align: center;\"><a href=\"http:\/\/www.susannavaris.com\/blogg\/2013\/01\/helene-schjerfbeck-pa-waldemarsudde\/dsc_0575-50\/\" rel=\"attachment wp-att-8466\"><img loading=\"lazy\" decoding=\"async\" class=\"aligncenter size-full wp-image-8466\" alt=\"DSC_0575-50\" src=\"http:\/\/www.susannavaris.com\/blogg\/wp-content\/uploads\/2013\/01\/DSC_0575-50.jpg\" width=\"1529\" height=\"2099\" srcset=\"http:\/\/www.susannavaris.com\/blogg\/wp-content\/uploads\/2013\/01\/DSC_0575-50.jpg 1529w, http:\/\/www.susannavaris.com\/blogg\/wp-content\/uploads\/2013\/01\/DSC_0575-50-218x300.jpg 218w, http:\/\/www.susannavaris.com\/blogg\/wp-content\/uploads\/2013\/01\/DSC_0575-50-745x1024.jpg 745w\" sizes=\"auto, (max-width: 1529px) 100vw, 1529px\" \/><\/a>\u00a0<em>Cirkusflickan<\/em><\/p>\n<p style=\"text-align: center;\"><a href=\"http:\/\/www.susannavaris.com\/blogg\/2013\/01\/helene-schjerfbeck-pa-waldemarsudde\/dsc_0576-50-2\/\" rel=\"attachment wp-att-8467\"><img loading=\"lazy\" decoding=\"async\" class=\"aligncenter size-full wp-image-8467\" alt=\"DSC_0576-50\" src=\"http:\/\/www.susannavaris.com\/blogg\/wp-content\/uploads\/2013\/01\/DSC_0576-50.jpg\" width=\"1536\" height=\"2054\" srcset=\"http:\/\/www.susannavaris.com\/blogg\/wp-content\/uploads\/2013\/01\/DSC_0576-50.jpg 1536w, http:\/\/www.susannavaris.com\/blogg\/wp-content\/uploads\/2013\/01\/DSC_0576-50-224x300.jpg 224w, http:\/\/www.susannavaris.com\/blogg\/wp-content\/uploads\/2013\/01\/DSC_0576-50-765x1024.jpg 765w\" sizes=\"auto, (max-width: 1536px) 100vw, 1536px\" \/><\/a>\u00a0<em>Ett av de fam\u00f6sa sj\u00e4lvportr\u00e4tten, som med tiden kom att bli allt mer d\u00f6dskalleaktiga.<\/em><\/p>\n<p style=\"text-align: center;\">Utst\u00e4llningen var gedigen, s\u00e5 \u00e4ven m\u00e4ngden bes\u00f6kare. Det var trevligt att f\u00e5 m\u00f6jligheten att se s\u00e5 m\u00e5nga verk p\u00e5 en och samma g\u00e5ng och \u00e4ven m\u00e5nga av de variationer hon gjorde av samma motiv. Schjerfbecks utveckling fr\u00e5n de Zorn- eller Larsson-liknande naturalistiska m\u00e5lningarna till det modernistiska, avskalade uttrycket var sp\u00e4nnande i verkligheten. Jag har tidigare bara sett ett par eller ett f\u00e5tal i olika sammanhang. Den mera avskalade stilen \u00e4r troligen mycket mera sv\u00e5rbem\u00e4strad \u00e4n den detaljerade, fotolika. Med en enkel, liten klick f\u00e4rg \u00e5stadkoms en hel belysning i ett verk. Det \u00e4r skickligt, allra helst eftersom hon verkar ha anv\u00e4nt m\u00e5larkniv i m\u00e5nga verk.<\/p>\n<p style=\"text-align: center;\">Det har med andra ord varit en stor bredd p\u00e5 de kulturella upplevelserna idag.<\/p>\n<p style=\"text-align: center;\">\n","protected":false},"excerpt":{"rendered":"<p>Idag var det dags f\u00f6r lite kulturella aktiviteter igen, p\u00e5 Prins Eugens Waldemarsudde p\u00e5g\u00e5r en stor utst\u00e4llning med Helene Schjerfbeck och den ville jag naturligtvis se. Jag har varit n\u00e5got \u00f6verm\u00e4tt p\u00e5 Schjerfbeck eftersom hon alltid har hyllats av moderskan &hellip; <a href=\"http:\/\/www.susannavaris.com\/blogg\/2013\/01\/helene-schjerfbeck-pa-waldemarsudde\/\">Forts\u00e4tt l\u00e4sa <span class=\"meta-nav\">&rarr;<\/span><\/a><\/p>\n","protected":false},"author":1,"featured_media":0,"comment_status":"open","ping_status":"open","sticky":false,"template":"","format":"standard","meta":{"footnotes":""},"categories":[680,107,674,13,3,1162,589,994,1,590,4],"tags":[2214,2596,2599,2598,17,21,2600,2597,839],"class_list":["post-8450","post","type-post","status-publish","format-standard","hentry","category-angfartyg","category-finland","category-historia","category-inspiration","category-konst","category-kultur","category-medier","category-musik","category-okategoriserade","category-politik","category-utstallning","tag-atrium","tag-helene-schjerfbeck","tag-ilkka-kanerva","tag-johanna-tukiainen","tag-konst-2","tag-nationalmuseum","tag-stockholms-strom","tag-tuksu","tag-waldemarsudde"],"_links":{"self":[{"href":"http:\/\/www.susannavaris.com\/blogg\/wp-json\/wp\/v2\/posts\/8450","targetHints":{"allow":["GET"]}}],"collection":[{"href":"http:\/\/www.susannavaris.com\/blogg\/wp-json\/wp\/v2\/posts"}],"about":[{"href":"http:\/\/www.susannavaris.com\/blogg\/wp-json\/wp\/v2\/types\/post"}],"author":[{"embeddable":true,"href":"http:\/\/www.susannavaris.com\/blogg\/wp-json\/wp\/v2\/users\/1"}],"replies":[{"embeddable":true,"href":"http:\/\/www.susannavaris.com\/blogg\/wp-json\/wp\/v2\/comments?post=8450"}],"version-history":[{"count":6,"href":"http:\/\/www.susannavaris.com\/blogg\/wp-json\/wp\/v2\/posts\/8450\/revisions"}],"predecessor-version":[{"id":8516,"href":"http:\/\/www.susannavaris.com\/blogg\/wp-json\/wp\/v2\/posts\/8450\/revisions\/8516"}],"wp:attachment":[{"href":"http:\/\/www.susannavaris.com\/blogg\/wp-json\/wp\/v2\/media?parent=8450"}],"wp:term":[{"taxonomy":"category","embeddable":true,"href":"http:\/\/www.susannavaris.com\/blogg\/wp-json\/wp\/v2\/categories?post=8450"},{"taxonomy":"post_tag","embeddable":true,"href":"http:\/\/www.susannavaris.com\/blogg\/wp-json\/wp\/v2\/tags?post=8450"}],"curies":[{"name":"wp","href":"https:\/\/api.w.org\/{rel}","templated":true}]}}