{"id":8474,"date":"2013-01-07T11:54:40","date_gmt":"2013-01-07T10:54:40","guid":{"rendered":"http:\/\/www.susannavaris.com\/blogg\/?p=8474"},"modified":"2013-01-07T11:54:40","modified_gmt":"2013-01-07T10:54:40","slug":"marilyn-mansons-fodelsedagspresent","status":"publish","type":"post","link":"http:\/\/www.susannavaris.com\/blogg\/2013\/01\/marilyn-mansons-fodelsedagspresent\/","title":{"rendered":"Marilyn Mansons f\u00f6delsedagspresent"},"content":{"rendered":"<p>Till min stora \u00f6verraskning och gl\u00e4dje, valde Marilyn Mansons far att ge min m\u00e5lning till sin son som f\u00f6delsedagspresent i helgen. Jag hade ingen aning om detta, jag hade gett m\u00e5lningen till fadern Hugh som g\u00e5va f\u00f6r ungef\u00e4r ett \u00e5r sedan. Jag \u00e4r fortfarande i ett sm\u00e4rre chocktillst\u00e5nd&#8230;<\/p>\n<p style=\"text-align: center;\"><a href=\"http:\/\/www.susannavaris.com\/blogg\/2013\/01\/marilyn-mansons-fodelsedagspresent\/hugh-and-barb-50-text\/\" rel=\"attachment wp-att-8475\"><img loading=\"lazy\" decoding=\"async\" class=\"aligncenter size-full wp-image-8475\" alt=\"Hugh and Barb-50-text\" src=\"http:\/\/www.susannavaris.com\/blogg\/wp-content\/uploads\/2013\/01\/Hugh-and-Barb-50-text.jpg\" width=\"1348\" height=\"1910\" srcset=\"http:\/\/www.susannavaris.com\/blogg\/wp-content\/uploads\/2013\/01\/Hugh-and-Barb-50-text.jpg 1348w, http:\/\/www.susannavaris.com\/blogg\/wp-content\/uploads\/2013\/01\/Hugh-and-Barb-50-text-211x300.jpg 211w, http:\/\/www.susannavaris.com\/blogg\/wp-content\/uploads\/2013\/01\/Hugh-and-Barb-50-text-722x1024.jpg 722w\" sizes=\"auto, (max-width: 1348px) 100vw, 1348px\" \/><\/a>\u00a0<em>Hugh and Barbara, water colour 2012. Susanna Varis<\/em><\/p>\n<p style=\"text-align: center;\">\n","protected":false},"excerpt":{"rendered":"<p>Till min stora \u00f6verraskning och gl\u00e4dje, valde Marilyn Mansons far att ge min m\u00e5lning till sin son som f\u00f6delsedagspresent i helgen. Jag hade ingen aning om detta, jag hade gett m\u00e5lningen till fadern Hugh som g\u00e5va f\u00f6r ungef\u00e4r ett \u00e5r &hellip; <a href=\"http:\/\/www.susannavaris.com\/blogg\/2013\/01\/marilyn-mansons-fodelsedagspresent\/\">Forts\u00e4tt l\u00e4sa <span class=\"meta-nav\">&rarr;<\/span><\/a><\/p>\n","protected":false},"author":1,"featured_media":0,"comment_status":"open","ping_status":"open","sticky":false,"template":"","format":"standard","meta":{"footnotes":""},"categories":[7,3,1162,12,994,1],"tags":[31,1403,2601,17,16,837],"class_list":["post-8474","post","type-post","status-publish","format-standard","hentry","category-egna-verk","category-konst","category-kultur","category-marilyn-manson","category-musik","category-okategoriserade","tag-akvarell","tag-hugh-and-barb","tag-hugh-and-barbara","tag-konst-2","tag-marilyn-manson-2","tag-water-colour"],"_links":{"self":[{"href":"http:\/\/www.susannavaris.com\/blogg\/wp-json\/wp\/v2\/posts\/8474","targetHints":{"allow":["GET"]}}],"collection":[{"href":"http:\/\/www.susannavaris.com\/blogg\/wp-json\/wp\/v2\/posts"}],"about":[{"href":"http:\/\/www.susannavaris.com\/blogg\/wp-json\/wp\/v2\/types\/post"}],"author":[{"embeddable":true,"href":"http:\/\/www.susannavaris.com\/blogg\/wp-json\/wp\/v2\/users\/1"}],"replies":[{"embeddable":true,"href":"http:\/\/www.susannavaris.com\/blogg\/wp-json\/wp\/v2\/comments?post=8474"}],"version-history":[{"count":3,"href":"http:\/\/www.susannavaris.com\/blogg\/wp-json\/wp\/v2\/posts\/8474\/revisions"}],"predecessor-version":[{"id":8479,"href":"http:\/\/www.susannavaris.com\/blogg\/wp-json\/wp\/v2\/posts\/8474\/revisions\/8479"}],"wp:attachment":[{"href":"http:\/\/www.susannavaris.com\/blogg\/wp-json\/wp\/v2\/media?parent=8474"}],"wp:term":[{"taxonomy":"category","embeddable":true,"href":"http:\/\/www.susannavaris.com\/blogg\/wp-json\/wp\/v2\/categories?post=8474"},{"taxonomy":"post_tag","embeddable":true,"href":"http:\/\/www.susannavaris.com\/blogg\/wp-json\/wp\/v2\/tags?post=8474"}],"curies":[{"name":"wp","href":"https:\/\/api.w.org\/{rel}","templated":true}]}}