{"id":8482,"date":"2013-01-08T00:00:45","date_gmt":"2013-01-07T23:00:45","guid":{"rendered":"http:\/\/www.susannavaris.com\/blogg\/?p=8482"},"modified":"2013-01-08T00:39:13","modified_gmt":"2013-01-07T23:39:13","slug":"jag-ar-oskyldig","status":"publish","type":"post","link":"http:\/\/www.susannavaris.com\/blogg\/2013\/01\/jag-ar-oskyldig\/","title":{"rendered":"Jag \u00e4r oskyldig!"},"content":{"rendered":"<p style=\"text-align: center;\"><a href=\"http:\/\/www.susannavaris.com\/blogg\/2013\/01\/jag-ar-oskyldig\/imag0286\/\" rel=\"attachment wp-att-8483\"><img loading=\"lazy\" decoding=\"async\" class=\"aligncenter size-full wp-image-8483\" alt=\"IMAG0286\" src=\"http:\/\/www.susannavaris.com\/blogg\/wp-content\/uploads\/2013\/01\/IMAG0286.jpg\" width=\"640\" height=\"384\" srcset=\"http:\/\/www.susannavaris.com\/blogg\/wp-content\/uploads\/2013\/01\/IMAG0286.jpg 640w, http:\/\/www.susannavaris.com\/blogg\/wp-content\/uploads\/2013\/01\/IMAG0286-300x180.jpg 300w\" sizes=\"auto, (max-width: 640px) 100vw, 640px\" \/><\/a><em>\u00a0 \u00c5ter har en av mina gamla skolor drabbats av brand, men tyv\u00e4rr \u00e4r jag inte <a href=\"http:\/\/www.susannavaris.com\/blogg\/2011\/05\/det-brinner-det-brinner\/\">denna g\u00e5ngen heller<\/a>\u00a0skyldig.\u00a0<\/em><\/p>\n<p style=\"text-align: center;\"><a href=\"http:\/\/www.susannavaris.com\/blogg\/2013\/01\/jag-ar-oskyldig\/img_0041-crop\/\" rel=\"attachment wp-att-8484\"><img loading=\"lazy\" decoding=\"async\" class=\"aligncenter size-full wp-image-8484\" alt=\"IMG_0041-crop\" src=\"http:\/\/www.susannavaris.com\/blogg\/wp-content\/uploads\/2013\/01\/IMG_0041-crop.jpg\" width=\"2759\" height=\"1745\" srcset=\"http:\/\/www.susannavaris.com\/blogg\/wp-content\/uploads\/2013\/01\/IMG_0041-crop.jpg 2759w, http:\/\/www.susannavaris.com\/blogg\/wp-content\/uploads\/2013\/01\/IMG_0041-crop-300x189.jpg 300w, http:\/\/www.susannavaris.com\/blogg\/wp-content\/uploads\/2013\/01\/IMG_0041-crop-1024x647.jpg 1024w\" sizes=\"auto, (max-width: 2759px) 100vw, 2759px\" \/><\/a>\u00a0<em>T3M (4-\u00e5rig teknisk linje, maskinteknik, \u00e5k 3) 1988-89, V\u00e4sterg\u00e5rdsgymnasiet. Jo, det \u00e4r vi som \u00e4r punkarna; Pia och jag l\u00e4ngst ner till h\u00f6ger bredvid klassf\u00f6rest\u00e5ndaren Granlund.<\/em><\/p>\n<p style=\"text-align: center;\">&#8211; : &#8211; : &#8211; : &#8211;<\/p>\n<p style=\"text-align: center;\">En skola d\u00e4r vi f\u00f6r \u00f6vrigt anv\u00e4nde en\u00a0<a href=\"http:\/\/www.barometern.se\/kronika\/radslan-for-kunskap(3593947).gm\">litteraturkanon<\/a>. V\u00e5r eminenta svenskal\u00e4rarinna Margareta Solander var str\u00e4ng, men r\u00e4ttvis. Jag var den ende i min klass som kammade hem en 5:a, dvs det h\u00f6gsta betyget, i svenska spr\u00e5ket i \u00e5k 1. :) (M\u00e4rkligt, med tanke p\u00e5 att jag \u00e5ret innan i vederv\u00e4rdiga Hovsj\u00f6-skolan ans\u00e5gs med n\u00f6d och n\u00e4ppe v\u00e4rd en 3:a. V\u00e4sterg\u00e5rd innebar en helt annan m\u00f6jlighet till studiero, men lite underligt \u00e4r det \u00e4nd\u00e5. F\u00f6rsta \u00e5rskurs i gymnasiet var ocks\u00e5 mitt sj\u00e4tte \u00e5r i Sverige.) Jag fortsatte att f\u00f6lja denne litteraturkanon \u00e4ven under sommarjobbet p\u00e5 Scania, d\u00e5 jag l\u00e4ste det som inte hanns med under terminerna. Jag tyckte att det var fantastiskt bra att f\u00e5 kvalificerade tips p\u00e5 bra litteratur. Visst, hemma r\u00e5dde ett intellektuellt klimat, men jag s\u00f6g i mig som en svamp av allt som kunde utveckla mina f\u00f6rm\u00e5gor eller berika mig och kunde inte f\u00e5 nog med v\u00e4gledning. Tiden \u00e4r verkligen ur led om en litteraturkanon kan bli allt det som beskrivs i artikeln.<\/p>\n","protected":false},"excerpt":{"rendered":"<p>\u00a0 \u00c5ter har en av mina gamla skolor drabbats av brand, men tyv\u00e4rr \u00e4r jag inte denna g\u00e5ngen heller\u00a0skyldig.\u00a0 \u00a0T3M (4-\u00e5rig teknisk linje, maskinteknik, \u00e5k 3) 1988-89, V\u00e4sterg\u00e5rdsgymnasiet. Jo, det \u00e4r vi som \u00e4r punkarna; Pia och jag l\u00e4ngst ner &hellip; <a href=\"http:\/\/www.susannavaris.com\/blogg\/2013\/01\/jag-ar-oskyldig\/\">Forts\u00e4tt l\u00e4sa <span class=\"meta-nav\">&rarr;<\/span><\/a><\/p>\n","protected":false},"author":1,"featured_media":0,"comment_status":"open","ping_status":"open","sticky":false,"template":"","format":"standard","meta":{"footnotes":""},"categories":[1200,674,1162,589,1,889],"tags":[84,2603,82,2604,2602],"class_list":["post-8482","post","type-post","status-publish","format-standard","hentry","category-fran-arkiven","category-historia","category-kultur","category-medier","category-okategoriserade","category-teknik","tag-brand","tag-gymnasieskola","tag-hovsjo","tag-litteraturkanon","tag-vastergard"],"_links":{"self":[{"href":"http:\/\/www.susannavaris.com\/blogg\/wp-json\/wp\/v2\/posts\/8482","targetHints":{"allow":["GET"]}}],"collection":[{"href":"http:\/\/www.susannavaris.com\/blogg\/wp-json\/wp\/v2\/posts"}],"about":[{"href":"http:\/\/www.susannavaris.com\/blogg\/wp-json\/wp\/v2\/types\/post"}],"author":[{"embeddable":true,"href":"http:\/\/www.susannavaris.com\/blogg\/wp-json\/wp\/v2\/users\/1"}],"replies":[{"embeddable":true,"href":"http:\/\/www.susannavaris.com\/blogg\/wp-json\/wp\/v2\/comments?post=8482"}],"version-history":[{"count":5,"href":"http:\/\/www.susannavaris.com\/blogg\/wp-json\/wp\/v2\/posts\/8482\/revisions"}],"predecessor-version":[{"id":8489,"href":"http:\/\/www.susannavaris.com\/blogg\/wp-json\/wp\/v2\/posts\/8482\/revisions\/8489"}],"wp:attachment":[{"href":"http:\/\/www.susannavaris.com\/blogg\/wp-json\/wp\/v2\/media?parent=8482"}],"wp:term":[{"taxonomy":"category","embeddable":true,"href":"http:\/\/www.susannavaris.com\/blogg\/wp-json\/wp\/v2\/categories?post=8482"},{"taxonomy":"post_tag","embeddable":true,"href":"http:\/\/www.susannavaris.com\/blogg\/wp-json\/wp\/v2\/tags?post=8482"}],"curies":[{"name":"wp","href":"https:\/\/api.w.org\/{rel}","templated":true}]}}