{"id":8505,"date":"2013-01-09T21:01:36","date_gmt":"2013-01-09T20:01:36","guid":{"rendered":"http:\/\/www.susannavaris.com\/blogg\/?p=8505"},"modified":"2013-01-09T21:01:36","modified_gmt":"2013-01-09T20:01:36","slug":"underhuggare-valkomna-som-tjanstefolk-pa-asas-party","status":"publish","type":"post","link":"http:\/\/www.susannavaris.com\/blogg\/2013\/01\/underhuggare-valkomna-som-tjanstefolk-pa-asas-party\/","title":{"rendered":"Underhuggare v\u00e4lkomna som tj\u00e4nstefolk p\u00e5 \u00c5sas party"},"content":{"rendered":"<p><a href=\"http:\/\/www.susannavaris.com\/blogg\/2013\/01\/underhuggare-valkomna-som-tjanstefolk-pa-asas-party\/imag0293\/\" rel=\"attachment wp-att-8506\"><img loading=\"lazy\" decoding=\"async\" class=\"aligncenter size-full wp-image-8506\" alt=\"IMAG0293\" src=\"http:\/\/www.susannavaris.com\/blogg\/wp-content\/uploads\/2013\/01\/IMAG0293.jpg\" width=\"640\" height=\"384\" srcset=\"http:\/\/www.susannavaris.com\/blogg\/wp-content\/uploads\/2013\/01\/IMAG0293.jpg 640w, http:\/\/www.susannavaris.com\/blogg\/wp-content\/uploads\/2013\/01\/IMAG0293-300x180.jpg 300w\" sizes=\"auto, (max-width: 640px) 100vw, 640px\" \/><\/a><\/p>\n<p>Att ge m\u00e4nniskor rej\u00e4la l\u00f6ner, goda anst\u00e4llningsvillkor och allt annat lagstadgat som tillh\u00f6r ett gott arbetsliv \u00e4r tydligen inte Linderborgs melodi, trots att det oftast \u00e4r just det som v\u00e4nstern mest agiterar f\u00f6r. Nej, p\u00e5 \u00c5sas party f\u00e5r underhuggare som inte f\u00e5tt plats komma och frottera sig med h\u00f6gdjuren om de samtidigt agerar tj\u00e4nstefolk. N\u00e5gon ers\u00e4ttning \u00e4r inte aktuell, den best\u00e5r av det h\u00f6ga n\u00f6jet att f\u00e5 delta p\u00e5 det \u00e5tr\u00e5v\u00e4rda kalaset. Lite som gammaldags sk\u00e5demiddagar (hette det s\u00e5?), d\u00e4r plebejen kunde bjudas in \u00a0i finfolkets salonger som publik till \u00e4tandet och drickandet. Men \u00c5sas underhuggare f\u00e5r \u00e5tminstone mat&#8230;<\/p>\n","protected":false},"excerpt":{"rendered":"<p>Att ge m\u00e4nniskor rej\u00e4la l\u00f6ner, goda anst\u00e4llningsvillkor och allt annat lagstadgat som tillh\u00f6r ett gott arbetsliv \u00e4r tydligen inte Linderborgs melodi, trots att det oftast \u00e4r just det som v\u00e4nstern mest agiterar f\u00f6r. Nej, p\u00e5 \u00c5sas party f\u00e5r underhuggare som &hellip; <a href=\"http:\/\/www.susannavaris.com\/blogg\/2013\/01\/underhuggare-valkomna-som-tjanstefolk-pa-asas-party\/\">Forts\u00e4tt l\u00e4sa <span class=\"meta-nav\">&rarr;<\/span><\/a><\/p>\n","protected":false},"author":1,"featured_media":0,"comment_status":"open","ping_status":"open","sticky":false,"template":"","format":"standard","meta":{"footnotes":""},"categories":[181,674,1162,589,1,590],"tags":[225,2611,1836,2612],"class_list":["post-8505","post","type-post","status-publish","format-standard","hentry","category-feminism","category-historia","category-kultur","category-medier","category-okategoriserade","category-politik","tag-asa-linderborg","tag-personalfest","tag-rut","tag-tjanstefolk"],"_links":{"self":[{"href":"http:\/\/www.susannavaris.com\/blogg\/wp-json\/wp\/v2\/posts\/8505","targetHints":{"allow":["GET"]}}],"collection":[{"href":"http:\/\/www.susannavaris.com\/blogg\/wp-json\/wp\/v2\/posts"}],"about":[{"href":"http:\/\/www.susannavaris.com\/blogg\/wp-json\/wp\/v2\/types\/post"}],"author":[{"embeddable":true,"href":"http:\/\/www.susannavaris.com\/blogg\/wp-json\/wp\/v2\/users\/1"}],"replies":[{"embeddable":true,"href":"http:\/\/www.susannavaris.com\/blogg\/wp-json\/wp\/v2\/comments?post=8505"}],"version-history":[{"count":4,"href":"http:\/\/www.susannavaris.com\/blogg\/wp-json\/wp\/v2\/posts\/8505\/revisions"}],"predecessor-version":[{"id":8510,"href":"http:\/\/www.susannavaris.com\/blogg\/wp-json\/wp\/v2\/posts\/8505\/revisions\/8510"}],"wp:attachment":[{"href":"http:\/\/www.susannavaris.com\/blogg\/wp-json\/wp\/v2\/media?parent=8505"}],"wp:term":[{"taxonomy":"category","embeddable":true,"href":"http:\/\/www.susannavaris.com\/blogg\/wp-json\/wp\/v2\/categories?post=8505"},{"taxonomy":"post_tag","embeddable":true,"href":"http:\/\/www.susannavaris.com\/blogg\/wp-json\/wp\/v2\/tags?post=8505"}],"curies":[{"name":"wp","href":"https:\/\/api.w.org\/{rel}","templated":true}]}}