{"id":8526,"date":"2013-01-12T21:52:39","date_gmt":"2013-01-12T20:52:39","guid":{"rendered":"http:\/\/www.susannavaris.com\/blogg\/?p=8526"},"modified":"2013-01-13T12:29:37","modified_gmt":"2013-01-13T11:29:37","slug":"sveriges-kvinnolobby-del-3","status":"publish","type":"post","link":"http:\/\/www.susannavaris.com\/blogg\/2013\/01\/sveriges-kvinnolobby-del-3\/","title":{"rendered":"Sveriges Kvinnolobby del 3"},"content":{"rendered":"<p><a href=\"http:\/\/www.susannavaris.com\/blogg\/2013\/01\/sveriges-kvinnolobby-del-3\/kvinnolobby\/\" rel=\"attachment wp-att-8527\"><img loading=\"lazy\" decoding=\"async\" class=\"aligncenter size-full wp-image-8527\" alt=\"kvinnolobby\" src=\"http:\/\/www.susannavaris.com\/blogg\/wp-content\/uploads\/2013\/01\/kvinnolobby.gif\" width=\"450\" height=\"233\" \/><\/a><\/p>\n<p>Genomg\u00e5ngen av\u00a0<a href=\"http:\/\/www.sverigeskvinnolobby.se\/\">Sveriges Kvinnolobbys<\/a>\u00a0rekommendationer till regeringen ang\u00e5ende FN:s <a href=\"http:\/\/www.fn.se\/fn-info\/vad-gor-fn\/manskliga-rattigheter-och-demokrati\/karnkonventionerna\/konventionen-om-avskaffande-av-all-slags-diskriminering-av-kvinnor-cedaw\/\/\">CEDAW-lista<\/a>\u00a0om kvinnors m\u00e4nskliga r\u00e4ttigheter forts\u00e4tter&#8230;<\/p>\n<blockquote><p>&#8221;Vi uppmanar regeringen att i aktiebolagslagen,\u00a0i likhet med Norge, inf\u00f6ra k\u00f6nskvotering\u00a0till bolagsstyrelser med minst 40 procent\u00a0av endera k\u00f6nen.&#8221;<\/p><\/blockquote>\n<p>Den underliggande genusvetenskapliga teoribildningen som s\u00e4ger att k\u00f6net \u00e4r en social konstruktion (Judith Butler) syftar till att m\u00e4nniskor inte skulle ha n\u00e5gra k\u00f6nsspecifika egenskaper om inte en socialiseringsprocess medf\u00f6rde dessa. Varf\u00f6r \u00e4r det d\u00e5 viktigt att r\u00e4kna biologiskt k\u00f6n \u00f6verhuvudtaget? Eller menar man att innan det k\u00f6nl\u00f6sa paradiset under genuspedagogernas kompetenta ledning har frambringats s\u00e5 \u00e4r vi hj\u00e4lpl\u00f6st k\u00f6nssocialiserade och ska tvingas in i en 50\/50-f\u00f6rdelning vare sig vi vill eller inte? Man kanske utg\u00e5r ifr\u00e5n att det kryllar av kompetenta kvinnor som vill sitta i bolagsstyrelser men som inte sl\u00e4pps in? Det faktum att kvinnor b\u00f6rjar bli mera v\u00e4lutbildade i genomsnitt \u00e4n m\u00e4nnen \u00e4r inte direkt \u00f6verf\u00f6rbart till att det r\u00e5der diskriminering av potentiella kvinnliga styrelsemedlemmar. Hur ser dessa kvinnors egna preferenser ut? Vill kvinnor i samma utstr\u00e4ckning viga sina liv \u00e5t karri\u00e4ren som m\u00e4n? T ex feministen Aase Berg uttrycker f\u00f6rv\u00e5ning \u00f6ver hur en fysikers arbete kan t\u00e4nkas se ut i sin m\u00e4rkliga recension (jahapp, fanns inte p\u00e5 n\u00e4tet, enbart \u00c5sa Mobergs <a href=\"http:\/\/www.dn.se\/kultur-noje\/debatt-essa\/asa-moberg-en-kritik-som-reducerar-kvinnors-garning\/\">kommentar<\/a>\u00a0finns) av en bok om Lise Meitner och Maria Sveland har tidigare <a href=\"http:\/\/www.youtube.com\/watch?v=Fybj9xs0X5E&amp;feature=relmfu\/\">uttalat sig<\/a>\u00a0(vid 36.00) om problemet med m\u00e4nniskors fria vilja och fria val n\u00e4r det g\u00e4ller j\u00e4mst\u00e4lldhet.<\/p>\n<p style=\"text-align: center;\"><strong>Rekommendation 26 &#8211; 27: Arbetsmarknad<\/strong><\/p>\n<blockquote><p>&#8221;Regeringen fokuserar bland annat p\u00e5 entrepren\u00f6rskap\u00a0f\u00f6r att motverka k\u00f6nsuppdelningen\u00a0p\u00e5 arbetsmarknaden och i n\u00e4ringslivet\u00a0och har utsett 880 ambassad\u00f6rer f\u00f6r kvinnligt<br \/>\nf\u00f6retagande som ska inspirera kvinnor och\u00a0flickor att bli egenf\u00f6retagare. Samtidigt har\u00a0regeringen genomf\u00f6rt f\u00f6r\u00e4ndringar som gjort\u00a0det enklare att starta f\u00f6retag inom h\u00e4lso- och\u00a0sjukv\u00e5rd, samt omsorg. I strategier som dessa<br \/>\ntydligg\u00f6rs den \u00f6verv\u00e4gande individcentrerade\u00a0f\u00f6rst\u00e5elsen av arbete. Att att kvinnor blir\u00a0egenf\u00f6retagare inom v\u00e5rd och omsorg bryter\u00a0inte den k\u00f6nssegregerade arbetsmarknaden.<br \/>\nMed detta individcentrerade perspektiv \u00e4r\u00a0risken att \u00f6vergripande m\u00f6nster och strukturer\u00a0om hur k\u00f6nsrelaterade skillnader i arbete\u00a0uppst\u00e5r och hur de kan l\u00f6sas f\u00f6rbises, och<br \/>\natt den k\u00f6nssegregerade arbetsmarknaden\u00a0best\u00e5r. Vi efterlyser fler satsningar p\u00e5 strukturella\u00a0l\u00f6sningar p\u00e5 \u00a0arbetsmarknadsproblem.&#8221;<\/p><\/blockquote>\n<p>Sj\u00e4lvklart \u00e4r man i sann v\u00e4nstervriden anda skeptisk till rut och kvinnligt f\u00f6retagande, strukturer \u00e4r mera intressant.<\/p>\n<blockquote><p>&#8221;Kvinnor arbetar i h\u00f6g grad i l\u00e5gstatus- och\u00a0l\u00e5gl\u00f6neyrken som ett resultat av r\u00e5dande\u00a0samh\u00e4llsnormer. N\u00e4ringslivet och skolan har\u00a0stor betydelse f\u00f6r kunskapen om hur dagens\u00a0arbetsmarknad ser ut och \u00e4r viktiga informationsb\u00e4rare\u00a0f\u00f6r att utj\u00e4mna den skeva k\u00f6nsf\u00f6rdelningen\u00a0i yrkesvalet.&#8221;<\/p><\/blockquote>\n<p>Trots ett massivt, feministiskt kampanjande och uppvaknande under fyra decennier \u00e4r allts\u00e5 flickor och kvinnor fortfarande offer f\u00f6r r\u00e5dande samh\u00e4llsnormer. Uppenbarligen v\u00e4ljer de inte yrke efter l\u00f6n och arbetsvillkor. Men undervisar man dem bara b\u00e4ttre s\u00e5 kommer den feministiska visionen om 50\/50-f\u00f6rdelning av k\u00f6nen inom alla sektorer av samh\u00e4llet att bli sann&#8230;eller? Ja, ungef\u00e4r s\u00e5:<\/p>\n<blockquote><p>&#8221;F\u00f6r att motverka k\u00f6nsuppdelningen p\u00e5\u00a0arbetsmarknaden och i n\u00e4ringslivet har\u00a0regering sedan \u00e5r 2008, f\u00f6rutom Delegationen<br \/>\nf\u00f6r j\u00e4mst\u00e4lldhet i h\u00f6gskolan, bland annat\u00a0genomf\u00f6rt j\u00e4mst\u00e4lldhetsinsatser i skolan;\u00a0tillsatt en Delegation f\u00f6r j\u00e4mst\u00e4lldhet i skolan;\u00a0samt tillsatt Teknikdelegationen f\u00f6r att intressera\u00a0kvinnliga elever f\u00f6r de tekniska \u00e4mnena.\u00a0Detta \u00e4r viktiga insatser, men i stort saknas en\u00a0uttalad ambition och konkreta f\u00f6rslag f\u00f6r att\u00a0bryta k\u00f6nssegregeringen p\u00e5 arbetsmarknaden\u00a0i insatserna och rapporterna, med undantag<br \/>\nf\u00f6r Teknikdelegationen.<\/p>\n<p>Vi uppmanar regeringen att st\u00f6dja studie-och yrkesv\u00e4gledarnas arbete i Sveriges\u00a0skolor f\u00f6r att hitta metoder f\u00f6r ett friare\u00a0studie- och yrkesliv bland de unga.&#8221;<\/p><\/blockquote>\n<p>Friare \u00e4r ordet. Har m\u00e4nniskor en fri vilja nu, eller uttrycks den f\u00f6rst n\u00e4r beviset (f\u00f6r de genusvetenskapliga teorierna) i form av den n\u00e4mnda 50\/50-f\u00f6rdelningen r\u00e5der?<\/p>\n<p style=\"text-align: center;\"><strong>Rekommendation 9 och 28 &#8211; 33: V\u00e5ld\u00a0<\/strong><\/p>\n<p style=\"text-align: left;\">Som sagt, det handlar om en kvinnolobby, men uppenbarligen bryr man sig inte ett skvatt om v\u00e5ld, prostitution, trafficing eller m\u00e4nniskohandel som drabbar m\u00e4n. J\u00e4mst\u00e4lldhet verkar det inte handla om i det h\u00e4r fallet, eftersom n\u00e4mnda omr\u00e5den knappast kan s\u00e4gas vara t\u00e4ckta f\u00f6r m\u00e4nnens del.<\/p>\n<blockquote><p>&#8221;Under rekommendation 9 och 28\u201329 ber\u00f6mmer\u00a0Kvinnokommitt\u00e9n regeringens inf\u00f6rande\u00a0av handlingsplanen f\u00f6r att bek\u00e4mpa m\u00e4ns v\u00e5ld\u00a0mot kvinnor, hedersrelaterat v\u00e5ld och v\u00e5ld\u00a0i samk\u00f6nade relationer \u00e5r 2007. Kommitt\u00e9n\u00a0uttrycker oro \u00f6ver den omfattande utbeddheten\u00a0av detta v\u00e5ld samt v\u00e5ldet mot flickor\u00a0och uppmanar Sverige att forts\u00e4tta arbeta\u00a0f\u00f6r att motverka detta. Sverige uppmanas att\u00a0avs\u00e4tta tillr\u00e4ckliga ekonomiska resurser f\u00f6r\u00a0att s\u00e4kerst\u00e4lla en effektiv implementering av\u00a0handlingsplanen; utreda fall av v\u00e5ld mot kvinnor,\u00a0s\u00e4rskilt kvinnomordsfallen; implementera\u00a0\u00e5tg\u00e4rder f\u00f6r att f\u00f6rebygga s\u00e5dant v\u00e5ld; ge\u00a0skydd, st\u00f6d och service till brottsoffren; samt\u00a0straffa och rehabilitera f\u00f6r\u00f6varna.&#8221;<\/p><\/blockquote>\n<p>Samk\u00f6nade relationer n\u00e4mns, men inte kvinnors v\u00e5ld mot m\u00e4n.<\/p>\n<blockquote><p>&#8221;Under rekommendation 30\u201331 uttrycker\u00a0Kvinnokommitt\u00e9n oro \u00f6ver utbreddheten av,\u00a0och bristen p\u00e5 statistik om, m\u00e4nniskohandel\u00a0av kvinnor och flickor i Sverige. Kommitt\u00e9n \u00e4r<br \/>\nocks\u00e5 oroad \u00f6ver f\u00f6rekomsten av m\u00e4nniskohandel\u00a0av flickor, prostitution och relaterade\u00a0brott som beg\u00e5s av svenska medborgare\u00a0utomlands. Sverige uppmanas att vidta alla<br \/>\nl\u00e4mpliga \u00e5tg\u00e4rder f\u00f6r att bek\u00e4mpa all slags\u00a0m\u00e4nniskohandel med kvinnor och tillhandah\u00e5lla\u00a0statistik om m\u00e4nniskohandel med kvinnor\u00a0och flickor samt information om effekten\u00a0av vidtagna \u00e5tg\u00e4rder och uppn\u00e5dda resultat,\u00a0inklusive den kommande handlingsplanen mot\u00a0m\u00e4nniskohandel.&#8221;<\/p>\n<p><a href=\"http:\/\/www.susannavaris.com\/blogg\/2013\/01\/sveriges-kvinnolobby-del-3\/man-and-woman-fighting\/\" rel=\"attachment wp-att-8532\"><img loading=\"lazy\" decoding=\"async\" class=\"aligncenter size-full wp-image-8532\" alt=\"man and woman fighting\" src=\"http:\/\/www.susannavaris.com\/blogg\/wp-content\/uploads\/2013\/01\/man-and-woman-fighting.jpg\" width=\"316\" height=\"388\" srcset=\"http:\/\/www.susannavaris.com\/blogg\/wp-content\/uploads\/2013\/01\/man-and-woman-fighting.jpg 316w, http:\/\/www.susannavaris.com\/blogg\/wp-content\/uploads\/2013\/01\/man-and-woman-fighting-244x300.jpg 244w\" sizes=\"auto, (max-width: 316px) 100vw, 316px\" \/><\/a><\/p>\n<p>&#8221;Sverige uppmanas\u00a0att st\u00e4rka lagstiftning genom att till\u00e5ta<br \/>\n\u00e5tal av svenska medborgare som \u00e4r delaktiga\u00a0i sexuellt utnyttjande av flickor i utlandet och\u00a0inf\u00f6ra ett f\u00f6rbud mot att \u00e5terutf\u00e4rda pass till\u00a0personer som sl\u00e4ppts mot borgen.&#8221;<\/p><\/blockquote>\n<p>Jag vill p\u00e5 intet s\u00e4tt f\u00f6rsvara m\u00e4nniskor som utnyttjar prostituerade i utlandet, men man b\u00f6r \u00e4nd\u00e5 vara f\u00f6rsiktig med att \u00e4ska p\u00e5 bestraffning f\u00f6r n\u00e5got som i det aktuella landet \u00e4r lagligt i Sverige. Vad s\u00e4ger man d\u00e5 till de l\u00e4nder som eventuellt vill bestraffa kvinnor som \u00e5ker till Sverige f\u00f6r abort? Med andra ord \u00e4r det vanskligt att l\u00e4gga sig i andra l\u00e4nders r\u00e4ttssystem.<\/p>\n<p>Det forts\u00e4tter i samma stil; enbart kvinnor \u00e4r offer. Av n\u00e5gon anledning vill man ocks\u00e5 att kvinnojourerna ska forts\u00e4tta vara sj\u00e4lvst\u00e4ndiga, ideella organisationer (men med bibeh\u00e5llna och \u00f6kade resurser), ist\u00e4llet f\u00f6r att ing\u00e5 i den ordinarie, kommunala, sociala verksamheten och drabbas av samma upphandlingsprinciper som annan kommunal verksamhet.*<\/p>\n<p>M\u00e4n finns med som ut\u00f6vare (hur var det nu med de traditionella k\u00f6nsrollerna, skulle de motverkas&#8230;?):<\/p>\n<blockquote><p>&#8221;Socialstyrelsen fick ocks\u00e5 i uppdrag att se till\u00a0att kommunerna satsade p\u00e5 behandlingar\u00a0f\u00f6r v\u00e5ldsamma m\u00e4n. Uppdraget inkluderade\u00a0att utv\u00e4rdera de behandlingar som fanns i<br \/>\nolika kommuner via egen verksamhet eller via\u00a0mansmottagningar och mansjourer. F\u00f6r att\u00a0f\u00f6rhindra upprepad brottslighet \u00e4r det av stor\u00a0vikt att f\u00f6r\u00f6vare f\u00e5r adekvat behandling. Det\u00a0\u00e4r dock sv\u00e5rt att utl\u00e4sa vilka e-ekter dessa behandlingar\u00a0har. En av de orsaker som ofta lyfts\u00a0fram som anledning till att behandlingarna\u00a0inte alltid fungerar p\u00e5 det s\u00e4tt som \u00f6nskas, \u00e4r\u00a0att m\u00e4n l\u00f6per liten risk att bli d\u00f6mda samt att<br \/>\nm\u00e4nnen efter behandling g\u00e5r tillbaka till ett\u00a0ett oj\u00e4mst\u00e4llt samh\u00e4lle d\u00e4r m\u00e4n som ut\u00f6var\u00a0v\u00e5ld och kontroll har makt.&#8221;<\/p><\/blockquote>\n<p>Vad fint att feminister inte har f\u00f6rdomar om m\u00e4n och ger uttryck f\u00f6r s\u00e5dana fina och positiva tankar om de b\u00e5da k\u00f6nens lika v\u00e4rde. (Obs! Sarkasm.)<\/p>\n<p><a href=\"http:\/\/www.susannavaris.com\/blogg\/2013\/01\/sveriges-kvinnolobby-del-3\/kvinno28270825\/\" rel=\"attachment wp-att-8533\"><img loading=\"lazy\" decoding=\"async\" class=\"aligncenter size-full wp-image-8533\" alt=\"kvinno28270825\" src=\"http:\/\/www.susannavaris.com\/blogg\/wp-content\/uploads\/2013\/01\/kvinno28270825.jpg\" width=\"400\" height=\"400\" srcset=\"http:\/\/www.susannavaris.com\/blogg\/wp-content\/uploads\/2013\/01\/kvinno28270825.jpg 400w, http:\/\/www.susannavaris.com\/blogg\/wp-content\/uploads\/2013\/01\/kvinno28270825-150x150.jpg 150w, http:\/\/www.susannavaris.com\/blogg\/wp-content\/uploads\/2013\/01\/kvinno28270825-300x300.jpg 300w\" sizes=\"auto, (max-width: 400px) 100vw, 400px\" \/><\/a><\/p>\n<blockquote><p>&#8221;Planen f\u00f6r att bek\u00e4mpa m\u00e4ns v\u00e5ld mot kvinnor,\u00a0hedersrelaterat v\u00e5ld och f\u00f6rtryck samt v\u00e5ld\u00a0i samk\u00f6nade relationer f\u00f6r perioden var mycket\u00a0v\u00e4lkommen. Problematiskt \u00e4r dock att regering\u00a0och myndigheter alltmer har \u00f6verg\u00e5tt till att\u00a0beskriva problemen som \u201dv\u00e5ld i n\u00e4ra relationer\u201d,\u00a0i st\u00e4llet f\u00f6r som \u201dm\u00e4ns v\u00e5ld mot kvinnor\u201d. Att\u00a0problemformuleringen inte l\u00e4ngre grundas i en\u00a0k\u00f6nsanalys inneb\u00e4r att m\u00e4ns v\u00e5ld mot kvinnor\u00a0p\u00e5 andra arenor \u00e4n i relationer osynligg\u00f6rs.&#8221;<\/p><\/blockquote>\n<p>Jahapp. Inga konserverande k\u00f6nsroller h\u00e4r inte??? Sveriges Kvinnolobby ser allts\u00e5 ett problem med att man beskriver v\u00e5ld i n\u00e4ra relationer som just detta och inte som &#8221;m\u00e4ns v\u00e5ld mot kvinnor&#8221;. M\u00e4n ska allts\u00e5 enbart ses som ut\u00f6vare och kvinnor som offer.<\/p>\n<blockquote><p>&#8221;Vi uppmanar regeringen att i skrivelser\u00a0och beslut anv\u00e4nda formuleringen \u201dm\u00e4ns v\u00e5ld\u00a0mot kvinnor\u201d och synligg\u00f6ra och motverka\u00a0kvinnors strukturella underordning, vilket\u00a0m\u00e4ns v\u00e5ld mot kvinnor \u00e4r ett uttryck f\u00f6r.&#8221;<\/p><\/blockquote>\n<p>Javisstja, strukturen m\u00e5ste ju bevaras!! Hur skulle det se ut om fakta fr\u00e5n verkligheten skulle komma och st\u00f6ra det ih\u00e4rdiga arbetet med att inpr\u00e4nta strukturen &#8221;kvinnors strukturella underordning&#8221; i medborgarna? Redan en utvidgning av offerbegreppet till att \u00e4ven inkludera m\u00e4n ses allts\u00e5 som ett hot mot strukturbygget.<\/p>\n<p style=\"text-align: center;\"><a href=\"http:\/\/www.susannavaris.com\/blogg\/2013\/01\/sveriges-kvinnolobby-del-3\/kvinno5783_9-delt_hjerne_med_arterier_eanatomi\/\" rel=\"attachment wp-att-8534\"><img loading=\"lazy\" decoding=\"async\" class=\"aligncenter size-full wp-image-8534\" alt=\"kvinno5783_9-delt_hjerne_med_arterier_eanatomi\" src=\"http:\/\/www.susannavaris.com\/blogg\/wp-content\/uploads\/2013\/01\/kvinno5783_9-delt_hjerne_med_arterier_eanatomi.jpg\" width=\"360\" height=\"360\" srcset=\"http:\/\/www.susannavaris.com\/blogg\/wp-content\/uploads\/2013\/01\/kvinno5783_9-delt_hjerne_med_arterier_eanatomi.jpg 360w, http:\/\/www.susannavaris.com\/blogg\/wp-content\/uploads\/2013\/01\/kvinno5783_9-delt_hjerne_med_arterier_eanatomi-150x150.jpg 150w, http:\/\/www.susannavaris.com\/blogg\/wp-content\/uploads\/2013\/01\/kvinno5783_9-delt_hjerne_med_arterier_eanatomi-300x300.jpg 300w\" sizes=\"auto, (max-width: 360px) 100vw, 360px\" \/><\/a>\u00a0<em>Den kvinnof\u00f6rtryckande, patriarkala strukturen m\u00e5ste h\u00e5llas intakt&#8230;<\/em><\/p>\n<blockquote><p>&#8221;I svenska domstolar finns fortfarande stereotypa uppfattningar om kvinnor och m\u00e4n.&#8221;<\/p><\/blockquote>\n<p>Ja, det verkar det finnas hos svenska kvinno-organisationer ocks\u00e5. Se ovan.<\/p>\n<blockquote><p>&#8221;Under r\u00e4tteg\u00e5ngar \u00e4r det vanligt att kvinnor\u00a0som anm\u00e4lt m\u00e4n f\u00f6r v\u00e5lds-, sexual- eller kvinnofridsbrott\u00a0ifr\u00e5gas\u00e4tts.&#8221;<\/p><\/blockquote>\n<p>Ja, det \u00e4r f\u00f6rsvarsadvokatens uppgift. Annars \u00e4r det ingen r\u00e4tteg\u00e5ng. Hur skulle det annars se ut? Att man bara som kvinna beh\u00f6ver anm\u00e4la n\u00e5got av ovanst\u00e5ende s\u00e5 f\u00e5r mannen en dom p\u00e5 posten? (Vissa inslag av idogt rotande i t ex v\u00e5ldt\u00e4ktsoffers tidigare privatliv kan ifr\u00e5gas\u00e4ttas, om det nu \u00e4r s\u00e5dant man menar, men man skriver enbart det som citeras ovan och det \u00e4r det jag kommenterar).<\/p>\n<p>I avsnittet v\u00e5ld finner vi ocks\u00e5 surrogatm\u00f6draskap (?):<\/p>\n<blockquote><p>&#8221;Surrogatm\u00f6draskap \u00e4r\u00a0ett allvarligt problem som utnyttjar kvinnors\u00a0kroppar och reproduktiva organ. Vi ser surrogatm\u00f6draskap\u00a0som handel med kvinnors\u00a0kroppar och med barn. Surrogatm\u00f6draskap\u00a0inneb\u00e4r att kvinnors r\u00e4ttigheter f\u00f6rhandlas\u00a0bort medan de betalande kvinnorna och m\u00e4nnens,<br \/>\noch s\u00e4rskilt pappans biologiska, r\u00e4tt\u00a0garanteras.<\/p>\n<p>Vi uppmanar regeringen att inte till\u00e5ta\u00a0surrogatm\u00f6draskaps\u00f6verenskommelser.&#8221;<\/p><\/blockquote>\n<p>F\u00f6rhandlas inte <a href=\"http:\/\/www.susannavaris.com\/blogg\/2012\/03\/hon-har-ju-ingen-pappa\/\/\">pappors r\u00e4tt<\/a>\u00a0bort vid r\u00e4tten till insemination f\u00f6r ensamst\u00e5ende kvinnor?<\/p>\n<p>Det f\u00e5r bli allt f\u00f6r ikv\u00e4ll, forts\u00e4ttning f\u00f6ljer&#8230;<\/p>\n<p style=\"text-align: center;\">\u00a0&#8211; : &#8211; : &#8211; : &#8211;<\/p>\n<p style=\"text-align: left;\">*Mer om kvinnojourer i\u00a0<a href=\"http:\/\/kimhzabremersbodega.wordpress.com\/2013\/01\/11\/pizzeys-berattelse-ar-viktig-for-att-forsta-svensk-statsfeminism\/\/\">detta inl\u00e4gg<\/a>\u00a0i Kimhza Bremers blogg.<\/p>\n<p>&nbsp;<\/p>\n<p>&nbsp;<\/p>\n","protected":false},"excerpt":{"rendered":"<p>Genomg\u00e5ngen av\u00a0Sveriges Kvinnolobbys\u00a0rekommendationer till regeringen ang\u00e5ende FN:s CEDAW-lista\u00a0om kvinnors m\u00e4nskliga r\u00e4ttigheter forts\u00e4tter&#8230; &#8221;Vi uppmanar regeringen att i aktiebolagslagen,\u00a0i likhet med Norge, inf\u00f6ra k\u00f6nskvotering\u00a0till bolagsstyrelser med minst 40 procent\u00a0av endera k\u00f6nen.&#8221; Den underliggande genusvetenskapliga teoribildningen som s\u00e4ger att k\u00f6net \u00e4r en &hellip; <a href=\"http:\/\/www.susannavaris.com\/blogg\/2013\/01\/sveriges-kvinnolobby-del-3\/\">Forts\u00e4tt l\u00e4sa <span class=\"meta-nav\">&rarr;<\/span><\/a><\/p>\n","protected":false},"author":1,"featured_media":0,"comment_status":"open","ping_status":"open","sticky":false,"template":"","format":"standard","meta":{"footnotes":""},"categories":[181,259,1321,1162,589,1,590,403],"tags":[2460,2280,1463,2593,4900,2592,4918,1285,2591],"class_list":["post-8526","post","type-post","status-publish","format-standard","hentry","category-feminism","category-genusvetenskap","category-jamstalldhet","category-kultur","category-medier","category-okategoriserade","category-politik","category-pseudovetenskap","tag-2460","tag-5050-fordelning","tag-aase-berg","tag-cedaw","tag-feminism","tag-fn","tag-jamstalldhet","tag-maria-sveland","tag-sveriges-kvinnolobby"],"_links":{"self":[{"href":"http:\/\/www.susannavaris.com\/blogg\/wp-json\/wp\/v2\/posts\/8526","targetHints":{"allow":["GET"]}}],"collection":[{"href":"http:\/\/www.susannavaris.com\/blogg\/wp-json\/wp\/v2\/posts"}],"about":[{"href":"http:\/\/www.susannavaris.com\/blogg\/wp-json\/wp\/v2\/types\/post"}],"author":[{"embeddable":true,"href":"http:\/\/www.susannavaris.com\/blogg\/wp-json\/wp\/v2\/users\/1"}],"replies":[{"embeddable":true,"href":"http:\/\/www.susannavaris.com\/blogg\/wp-json\/wp\/v2\/comments?post=8526"}],"version-history":[{"count":10,"href":"http:\/\/www.susannavaris.com\/blogg\/wp-json\/wp\/v2\/posts\/8526\/revisions"}],"predecessor-version":[{"id":8541,"href":"http:\/\/www.susannavaris.com\/blogg\/wp-json\/wp\/v2\/posts\/8526\/revisions\/8541"}],"wp:attachment":[{"href":"http:\/\/www.susannavaris.com\/blogg\/wp-json\/wp\/v2\/media?parent=8526"}],"wp:term":[{"taxonomy":"category","embeddable":true,"href":"http:\/\/www.susannavaris.com\/blogg\/wp-json\/wp\/v2\/categories?post=8526"},{"taxonomy":"post_tag","embeddable":true,"href":"http:\/\/www.susannavaris.com\/blogg\/wp-json\/wp\/v2\/tags?post=8526"}],"curies":[{"name":"wp","href":"https:\/\/api.w.org\/{rel}","templated":true}]}}