{"id":8638,"date":"2013-01-20T13:13:30","date_gmt":"2013-01-20T12:13:30","guid":{"rendered":"http:\/\/www.susannavaris.com\/blogg\/?p=8638"},"modified":"2013-03-29T17:29:23","modified_gmt":"2013-03-29T16:29:23","slug":"skabbteatern","status":"publish","type":"post","link":"http:\/\/www.susannavaris.com\/blogg\/2013\/01\/skabbteatern\/","title":{"rendered":"Skabbteatern"},"content":{"rendered":"<p style=\"text-align: center;\"><a href=\"http:\/\/www.susannavaris.com\/blogg\/2013\/01\/skabbteatern\/skabbteatern\/\" rel=\"attachment wp-att-8640\"><img loading=\"lazy\" decoding=\"async\" class=\"aligncenter size-full wp-image-8640\" alt=\"skabbteatern\" src=\"http:\/\/www.susannavaris.com\/blogg\/wp-content\/uploads\/2013\/01\/skabbteatern.jpg\" width=\"300\" height=\"400\" srcset=\"http:\/\/www.susannavaris.com\/blogg\/wp-content\/uploads\/2013\/01\/skabbteatern.jpg 300w, http:\/\/www.susannavaris.com\/blogg\/wp-content\/uploads\/2013\/01\/skabbteatern-225x300.jpg 225w\" sizes=\"auto, (max-width: 300px) 100vw, 300px\" \/><\/a>\u00a0<em>Skabbteatern. Foto fr\u00e5n SR<\/em><\/p>\n<p>Jag hade f\u00f6rst inte t\u00e4nkt att blogga om detta, eftersom jag inte vill ge denna ensemble mera uppm\u00e4rksamhet, men g\u00f6r det nu \u00e4nd\u00e5. S\u00e5 h\u00e4r kan det se ut n\u00e4r kulturkreddiga feminister ut\u00f6var aktivismteater:<\/p>\n<p><a href=\"http:\/\/www.youtube.com\/watch?feature=player_embedded&amp;v=Avz7RX9EXd8\/\">Skabbteatern<\/a><\/p>\n<p>Kimhza Bremer\u00a0<a href=\"http:\/\/kimhzabremersbodega.wordpress.com\/2013\/01\/14\/varfor-ar-sa-manga-feminismkritiker-anonyma-eller-tysta\/\">beskriver<\/a>\u00a0det vi ser i filmen p\u00e5 ett mycket bra s\u00e4tt:<\/p>\n<blockquote><p>&#8221;Det \u00e4r ganska l\u00e4tt. F\u00f6rst en v\u00e5ldsf\u00f6rh\u00e4rligande feministisk estetik; vapen, motst\u00e5nd, gerilla, muskler, kvinnor, r\u00e5narluvor (inspiration Stieg Larsson?). M\u00f6rkt och kallt. Namnen p\u00e5 fienden (P\u00e4r Str\u00f6m, Pelle Billing bland andra) uttalas i ekande h\u00f6gtalare. Men sedan? Aha, pl\u00f6tsligt ser vi \u00e4nnu fler vapen, riktade mot kvinnorna. Patriarkatet st\u00e5r pl\u00f6tsligt d\u00e4r med dragna vapen. D\u00e5 f\u00f6rst\u00e5r vi att de (kvinnorna), egentligen befinner sig i en underordning och \u00e4r dessutom f\u00e4rre \u00e4n m\u00e4nnen. Det \u00e4r allts\u00e5 dem vi skall sympatisera med. Ocks\u00e5 n\u00e4r en av dem st\u00e4ller sig upp och slutligen g\u00f6r en klassisk, filmisk laddningsr\u00f6relse med sitt vapen (Clo-tjoff \u2013 nu ligger det en hagelpatron i gev\u00e4ret),\u00a0 \u00e4r det en romantiserad bild av det v\u00e4pnade motst\u00e5ndet mot \u00f6verheten (m\u00e4nnen), vi antas sympatisera med. Det \u00e4r s\u00e5 sm\u00e4rtsamt dumt och f\u00f6rvirrat att det \u00e4r sv\u00e5rt att ta det p\u00e5 allvar. Men allvar beh\u00f6ver vi faktiskt ta det p\u00e5.&#8221;<\/p><\/blockquote>\n<p>Skabbteatern har p\u00e5 sin\u00a0<a href=\"http:\/\/skabbteatern.se\/\">hemsida<\/a>\u00a0ett \u00f6ppet brev och en\u00a0<a href=\"http:\/\/skabbteatern.se\/the_men\/\">lista<\/a>\u00a0p\u00e5 de m\u00e4n som n\u00e4mns i filmen och beskrivning av varf\u00f6r just dessa m\u00e4n finns d\u00e4r.<\/p>\n<blockquote><p><strong>&#8221;Skabbteatern tog initiativ till kortfilmen Du e en fitta din fitta f\u00f6r att vi k\u00e4nde ett starkt behov av att synligg\u00f6ra att det existerar en konflikt mellan kvinnor som k\u00e4mpar f\u00f6r sina r\u00e4ttigheter \u2013 allts\u00e5 feminister \u2013 och m\u00e4n som hatar kvinnor.&#8221;\u00a0<\/strong><\/p><\/blockquote>\n<p>Vilka r\u00e4ttigheter \u00e4r det som kvinnor i Sverige saknar?<\/p>\n<blockquote><p><strong>&#8221;Fr\u00e5gan blir d\u00e5: Hur i helvete ska man kunna resonera med m\u00e4nniskor som inte ens vill erk\u00e4nna att det finns n\u00e5gonting att prata om?&#8221;<br \/>\n<\/strong><\/p><\/blockquote>\n<p>Ja, tillbaka till fr\u00e5gan ovan, vilka r\u00e4ttigheter \u00e4r det som kvinnor i Sverige saknar? Kan resonerandet starta d\u00e4r kanske?<\/p>\n<blockquote><p><strong>&#8221;Vi valde inte ut de arton personer som vi namnger i filmen f\u00f6r att de \u00e4r de enda personer som hatar och motarbetar feminister, utan f\u00f6r att visa att de delar samma syn, \u00e4ven om deras metoder \u00e4r olika.&#8221;<br \/>\n<\/strong><\/p><\/blockquote>\n<p>Alla dessa personer buntas ihop och p\u00e5st\u00e5s allts\u00e5 hata och motarbeta feminister (i hata och motarbeta inkluderas uppenbarligen att inte dela \u00e5sikt med): P\u00e4r Str\u00f6m, Pelle Billing, Jan Bj\u00f6rklund, Fredrik Reinfeldt, Bo Svensson (fd ordf\u00f6rande i h\u00f6gsta domstolen), Rolf Hillegren (fd \u00e5klagare), Anders Borg, Anders Breivik, G\u00f6ran Lindberg (fd polischef), John &#8221;CaptainBatman&#8221; Strandberg (som lade upp bilden med tjejen med orakade armh\u00e5lan p\u00e5 internet), G\u00f6ran Lindblad (moderat riksdagsman), Medborgare X, David Mohsen (grundare av Antifeministiska samfundet), David Kenezevic (medlem av moderatm\u00e4nnen), \u00a0Johan Lundberg (chefredakt\u00f6r av Axess), Kalle Strokirk och Jimmie \u00c5kesson.<\/p>\n<blockquote><p><strong>&#8221;Du e en fitta din fitta \u00e4r inte en krigsf\u00f6rklaring, det \u00e4r ett svar p\u00e5 det krig som har f\u00f6rts mot oss \u00e4nda sedan vi b\u00f6rjade \u00f6ppna v\u00e5r k\u00e4ft och v\u00e5rt budskap \u00e4r enkelt: alla som inte h\u00e5ller med oss kan dra \u00e5t helvete. Vi har inte l\u00e4ngre lust att dalta med det imperium av kvinnofientliga, rasistiska och kapitalistiska svin som f\u00f6rtrycker oss brudar och andra i samh\u00e4llet f\u00f6r att f\u00f6rs\u00f6ka bevisa f\u00f6r dem att vi \u00e4r v\u00e4rda n\u00e5got.&#8221;<br \/>\n<\/strong><\/p><\/blockquote>\n<p>Nyss efterlystes ju resonemang, hur ska man ha det? Givetvis kan man inte v\u00e4lja positionen som &#8221;krigshetsare&#8221; sj\u00e4lv, det ger inte lika mycket sympatipo\u00e4ng. En antagen underdog-position \u00e4r k\u00e4nnetecknande f\u00f6r feminister. Man anv\u00e4nder ocks\u00e5 retorik fr\u00e5n sj\u00e4lvaste George W Bush: &#8221;Alla som inte h\u00e5ller med oss kan dra \u00e5t helvete&#8221;.<\/p>\n<blockquote><p><strong>&#8221;Vi t\u00e4nker inte heller ge dem privilegiet att definiera hur vi b\u00f6r reagera p\u00e5 deras f\u00f6rtryck, som drabbar oss h\u00f6gst personligt i v\u00e5ra liv. Vi har all r\u00e4tt att vara f\u00f6rbannade, och vi tar oss den r\u00e4tten utan n\u00e5gon skyldighet att beh\u00f6va f\u00f6rklara oss f\u00f6r idioter som inte \u00e4r intresserade av att omv\u00e4rdera sin uppfattning om kvinnor eller j\u00e4mst\u00e4lldhet. Detta har aldrig handlat om brist p\u00e5 information.&#8221;<br \/>\n<\/strong><\/p><\/blockquote>\n<p>\u00c5terigen l\u00e5ter man mera som en terroristorganisation \u00e4n en &#8221;kulturgrupp&#8221;. Fl\u00f6rtandet med terrorism och terrororganisationer \u00e4r f\u00f6rst\u00e5s inget nytt fr\u00e5n vare sig den v\u00e4nsterorienterade kultursektorn eller vissa feminister.<\/p>\n<blockquote><p><strong>&#8221;Vi vill ta initiativ till en riktig diskussion om verkligheten i Sverige d\u00e4r man inte bara kan snacka bort helt oacceptabla v\u00e4rderingar och en unken m\u00e4nniskosyn.&#8221;\u00a0<\/strong><\/p><\/blockquote>\n<p>Jaha&#8230;eeh? Initiativ till en diskussion? Ni som inte \u00e4r med oss kan dra \u00e5t helvete? Eller menar man nu en diskussion med likasinnade? Hur skulle dessa acceptabla v\u00e4rderingar se ut enligt kulturgruppen?<\/p>\n<blockquote><p><strong>&#8221;Vi vill med det h\u00e4r ocks\u00e5 n\u00e5 ut till alla som \u00f6ppet v\u00e5gat kritisera kvinnohat, rasism, fascism och nationalism.&#8221;\u00a0<\/strong><\/p><\/blockquote>\n<p>Skulle dessa tankeg\u00e5ngar vara sv\u00e5ra att hitta och subversiva p\u00e5 n\u00e5got s\u00e4tt? Allt detta ing\u00e5r i den allm\u00e4nna, offentliga (politiskt korrekta) diskursen som r\u00e5der \u00f6verallt i samh\u00e4llet.<\/p>\n<p>Retorik och bildspr\u00e5k fr\u00e5n terrorister, d\u00e4r man vill f\u00f6rmedla att alla medel \u00e4r till\u00e5tna eftersom man har den moraliska r\u00e4tten p\u00e5 sin sida i egenskap av f\u00f6rtryck grupp, utan att givetvis beh\u00f6va presentera s\u00e5 mycket som en tillstymmelse till bevis f\u00f6r sina p\u00e5st\u00e5enden, hopbuntande av folkvalda politiker med terrorister, feminismkritiska debatt\u00f6rer med allehanda tvivelaktiga figurer, allt i form av ett kulturprojekt (hur mycket skattepengar har man tagit del av?) d\u00e4r ett g\u00e4ng kaxiga, unga kvinnor st\u00e5r i centrum. Jag undrar detsamma som en kommentator hos Bremer, vilken kulturredaktion blir den f\u00f6rsta att hylla detta?<\/p>\n<p>&nbsp;<\/p>\n<p>&nbsp;<\/p>\n","protected":false},"excerpt":{"rendered":"<p>\u00a0Skabbteatern. Foto fr\u00e5n SR Jag hade f\u00f6rst inte t\u00e4nkt att blogga om detta, eftersom jag inte vill ge denna ensemble mera uppm\u00e4rksamhet, men g\u00f6r det nu \u00e4nd\u00e5. S\u00e5 h\u00e4r kan det se ut n\u00e4r kulturkreddiga feminister ut\u00f6var aktivismteater: Skabbteatern Kimhza &hellip; <a href=\"http:\/\/www.susannavaris.com\/blogg\/2013\/01\/skabbteatern\/\">Forts\u00e4tt l\u00e4sa <span class=\"meta-nav\">&rarr;<\/span><\/a><\/p>\n","protected":false},"author":1,"featured_media":0,"comment_status":"open","ping_status":"open","sticky":false,"template":"","format":"standard","meta":{"footnotes":""},"categories":[178,181,9,259,1321,1162,589,1,590],"tags":[4900,4917,2628,449],"class_list":["post-8638","post","type-post","status-publish","format-standard","hentry","category-blodtryckshojare","category-feminism","category-film","category-genusvetenskap","category-jamstalldhet","category-kultur","category-medier","category-okategoriserade","category-politik","tag-feminism","tag-kultur","tag-skabbteatern","tag-terrorism"],"_links":{"self":[{"href":"http:\/\/www.susannavaris.com\/blogg\/wp-json\/wp\/v2\/posts\/8638","targetHints":{"allow":["GET"]}}],"collection":[{"href":"http:\/\/www.susannavaris.com\/blogg\/wp-json\/wp\/v2\/posts"}],"about":[{"href":"http:\/\/www.susannavaris.com\/blogg\/wp-json\/wp\/v2\/types\/post"}],"author":[{"embeddable":true,"href":"http:\/\/www.susannavaris.com\/blogg\/wp-json\/wp\/v2\/users\/1"}],"replies":[{"embeddable":true,"href":"http:\/\/www.susannavaris.com\/blogg\/wp-json\/wp\/v2\/comments?post=8638"}],"version-history":[{"count":6,"href":"http:\/\/www.susannavaris.com\/blogg\/wp-json\/wp\/v2\/posts\/8638\/revisions"}],"predecessor-version":[{"id":9354,"href":"http:\/\/www.susannavaris.com\/blogg\/wp-json\/wp\/v2\/posts\/8638\/revisions\/9354"}],"wp:attachment":[{"href":"http:\/\/www.susannavaris.com\/blogg\/wp-json\/wp\/v2\/media?parent=8638"}],"wp:term":[{"taxonomy":"category","embeddable":true,"href":"http:\/\/www.susannavaris.com\/blogg\/wp-json\/wp\/v2\/categories?post=8638"},{"taxonomy":"post_tag","embeddable":true,"href":"http:\/\/www.susannavaris.com\/blogg\/wp-json\/wp\/v2\/tags?post=8638"}],"curies":[{"name":"wp","href":"https:\/\/api.w.org\/{rel}","templated":true}]}}