{"id":8724,"date":"2013-01-25T14:41:08","date_gmt":"2013-01-25T13:41:08","guid":{"rendered":"http:\/\/www.susannavaris.com\/blogg\/?p=8724"},"modified":"2013-01-25T14:41:08","modified_gmt":"2013-01-25T13:41:08","slug":"glada-nyheter-for-sodertalje","status":"publish","type":"post","link":"http:\/\/www.susannavaris.com\/blogg\/2013\/01\/glada-nyheter-for-sodertalje\/","title":{"rendered":"Glada nyheter f\u00f6r S\u00f6dert\u00e4lje"},"content":{"rendered":"<p style=\"text-align: center;\"><a href=\"http:\/\/www.susannavaris.com\/blogg\/2013\/01\/glada-nyheter-for-sodertalje\/snackviken1-480x321\/\" rel=\"attachment wp-att-8725\"><img loading=\"lazy\" decoding=\"async\" class=\"aligncenter size-full wp-image-8725\" alt=\"snackviken1-480x321\" src=\"http:\/\/www.susannavaris.com\/blogg\/wp-content\/uploads\/2013\/01\/snackviken1-480x321.jpg\" width=\"480\" height=\"321\" srcset=\"http:\/\/www.susannavaris.com\/blogg\/wp-content\/uploads\/2013\/01\/snackviken1-480x321.jpg 480w, http:\/\/www.susannavaris.com\/blogg\/wp-content\/uploads\/2013\/01\/snackviken1-480x321-300x200.jpg 300w\" sizes=\"auto, (max-width: 480px) 100vw, 480px\" \/><\/a>\u00a0<em>Sn\u00e4ckviken i S\u00f6dert\u00e4lje, d\u00e4r de ber\u00f6rda laboratorierna ligger.<\/em><\/p>\n<p>Astra Zenecas gamla laboratorier, d\u00e4r forskningen nyligen lades ner, har nu\u00a0<a href=\"http:\/\/www.dn.se\/ekonomi\/forskningen-raddas-i-sodertalje\">k\u00f6pts av<\/a>\u00a0Acturum, \u00e4gd av FAM, som i sin tur \u00e4gs av Wallenbrgstiftelserna och Peab. Det \u00e4r utm\u00e4rkt att man vill investera i en forskningsmilj\u00f6 i Sverige och specifikt i S\u00f6dert\u00e4lje.<\/p>\n","protected":false},"excerpt":{"rendered":"<p>\u00a0Sn\u00e4ckviken i S\u00f6dert\u00e4lje, d\u00e4r de ber\u00f6rda laboratorierna ligger. Astra Zenecas gamla laboratorier, d\u00e4r forskningen nyligen lades ner, har nu\u00a0k\u00f6pts av\u00a0Acturum, \u00e4gd av FAM, som i sin tur \u00e4gs av Wallenbrgstiftelserna och Peab. Det \u00e4r utm\u00e4rkt att man vill investera i &hellip; <a href=\"http:\/\/www.susannavaris.com\/blogg\/2013\/01\/glada-nyheter-for-sodertalje\/\">Forts\u00e4tt l\u00e4sa <span class=\"meta-nav\">&rarr;<\/span><\/a><\/p>\n","protected":false},"author":1,"featured_media":0,"comment_status":"open","ping_status":"open","sticky":false,"template":"","format":"standard","meta":{"footnotes":""},"categories":[1,590,889,117],"tags":[2640,1252,1295,121],"class_list":["post-8724","post","type-post","status-publish","format-standard","hentry","category-okategoriserade","category-politik","category-teknik","category-vetenskap","tag-acturum","tag-astra-zeneca","tag-forskning","tag-sodertalje"],"_links":{"self":[{"href":"http:\/\/www.susannavaris.com\/blogg\/wp-json\/wp\/v2\/posts\/8724","targetHints":{"allow":["GET"]}}],"collection":[{"href":"http:\/\/www.susannavaris.com\/blogg\/wp-json\/wp\/v2\/posts"}],"about":[{"href":"http:\/\/www.susannavaris.com\/blogg\/wp-json\/wp\/v2\/types\/post"}],"author":[{"embeddable":true,"href":"http:\/\/www.susannavaris.com\/blogg\/wp-json\/wp\/v2\/users\/1"}],"replies":[{"embeddable":true,"href":"http:\/\/www.susannavaris.com\/blogg\/wp-json\/wp\/v2\/comments?post=8724"}],"version-history":[{"count":2,"href":"http:\/\/www.susannavaris.com\/blogg\/wp-json\/wp\/v2\/posts\/8724\/revisions"}],"predecessor-version":[{"id":8727,"href":"http:\/\/www.susannavaris.com\/blogg\/wp-json\/wp\/v2\/posts\/8724\/revisions\/8727"}],"wp:attachment":[{"href":"http:\/\/www.susannavaris.com\/blogg\/wp-json\/wp\/v2\/media?parent=8724"}],"wp:term":[{"taxonomy":"category","embeddable":true,"href":"http:\/\/www.susannavaris.com\/blogg\/wp-json\/wp\/v2\/categories?post=8724"},{"taxonomy":"post_tag","embeddable":true,"href":"http:\/\/www.susannavaris.com\/blogg\/wp-json\/wp\/v2\/tags?post=8724"}],"curies":[{"name":"wp","href":"https:\/\/api.w.org\/{rel}","templated":true}]}}