{"id":8728,"date":"2013-01-25T19:05:03","date_gmt":"2013-01-25T18:05:03","guid":{"rendered":"http:\/\/www.susannavaris.com\/blogg\/?p=8728"},"modified":"2013-01-25T19:05:04","modified_gmt":"2013-01-25T18:05:04","slug":"sveriges-kvinnolobby-del-5","status":"publish","type":"post","link":"http:\/\/www.susannavaris.com\/blogg\/2013\/01\/sveriges-kvinnolobby-del-5\/","title":{"rendered":"Sveriges kvinnolobby del 5"},"content":{"rendered":"<p><a href=\"http:\/\/www.susannavaris.com\/blogg\/2013\/01\/sveriges-kvinnolobby-del-5\/kl2012112606e233d4\/\" rel=\"attachment wp-att-8734\"><img loading=\"lazy\" decoding=\"async\" class=\"aligncenter size-full wp-image-8734\" alt=\"kl2012112606e233d4\" src=\"http:\/\/www.susannavaris.com\/blogg\/wp-content\/uploads\/2013\/01\/kl2012112606e233d4.jpg\" width=\"450\" height=\"299\" srcset=\"http:\/\/www.susannavaris.com\/blogg\/wp-content\/uploads\/2013\/01\/kl2012112606e233d4.jpg 450w, http:\/\/www.susannavaris.com\/blogg\/wp-content\/uploads\/2013\/01\/kl2012112606e233d4-300x199.jpg 300w\" sizes=\"auto, (max-width: 450px) 100vw, 450px\" \/><\/a><\/p>\n<p>Genoml\u00e4sningen av Sveriges kvinnolobbys rekommendationer till regeringen ang\u00e5ende FN:s CEDAW-dokument fors\u00e4tter. Tidigare poster:\u00a0<a href=\"http:\/\/www.susannavaris.com\/blogg\/2013\/01\/sveriges-kvinnolobby\/\">del1<\/a>,\u00a0<a href=\"http:\/\/www.susannavaris.com\/blogg\/2013\/01\/sveriges-kvinnolobby-del-2\/p:\/\/\">del 2<\/a>,\u00a0<a href=\"http:\/\/www.susannavaris.com\/blogg\/2013\/01\/sveriges-kvinnolobby-del-3\/\/\">del 3<\/a>,\u00a0<a href=\"http:\/\/www.susannavaris.com\/blogg\/2013\/01\/sveriges-kvinnolobby-del-4\/http:\/\/\">del 4<\/a><\/p>\n<p>Forts\u00e4ttning p\u00e5 punkten<strong> 34 &#8211; 35: H\u00e4lsa och sjukv\u00e5rd<\/strong>:<\/p>\n<p>Under rubriken <em>Sj\u00e4lvskadebeteende<\/em> framh\u00e5ller man sj\u00e4lvfallet kvinnors och flickors roll:<\/p>\n<blockquote><p>&#8221;Vi anser att det \u00e4r positivt att\u00a0betydelsen av k\u00f6n uttalas i b\u00e5da satsningarna\u00a0och att det p\u00e5pekas att det framf\u00f6r allt \u00e4r unga flickor och kvinnor som lider av och drabbas av sj\u00e4lvskadebeteende.&#8221;<\/p>\n<p>&#8221;Regeringen har \u00e4ven gett Nationell prevention\u00a0av suicid och psykisk oh\u00e4lsa (NASP) vid KI\u00a0i uppdrag att genomf\u00f6ra en pilotstudie i sj\u00e4lvmordsf\u00f6rebyggande\u00a0arbete. I beslutet n\u00e4mns<br \/>\natt sj\u00e4lvmord och sj\u00e4lvmordsf\u00f6rs\u00f6k \u00e4r v\u00e4xande\u00a0problem bland unga kvinnor och flickor,\u00a0\u00e4ven om det fortfarande \u00e4r fler m\u00e4n \u00e4n kvinnor\u00a0och fler \u00e4ldre \u00e4n yngre som beg\u00e5r sj\u00e4lvmord.\u00a0Beslutet \u00e4r positivt men det g\u00e5r inte att\u00a0utl\u00e4sa om den s\u00e4rskilda satsningen kommer\u00a0att utvecklas utifr\u00e5n ett tydligt genusperspektiv\u00a0i utf\u00f6randet av pilotstudien eller om dess\u00a0metoder har f\u00f6rankring i genusanalyser.&#8221;<\/p><\/blockquote>\n<p>N\u00e4, sj\u00e4lvfallet kan man inte anta att KI p\u00e5 egna ben kan genomf\u00f6ra denna pilotstudie, ett genusperspektiv m\u00e5ste finnas i utf\u00f6rande och metoderna m\u00e5ste ha sin f\u00f6rankring i genusanalyser. Som vi numera vet s\u00e5 \u00e4r ju landets genusvetare en alldeles fantastiskt s\u00e4rbeg\u00e5vad grupp av akademiker, en grupp vars expertis st\u00e5r h\u00f6gt ovanf\u00f6r alla andra discipliner och akademiker \u00f6verallt i samh\u00e4llet. (Man kan ju undra om KI.s metoder har f\u00f6rankring i marxistiskt f\u00e4rgade maktstudier&#8230;? F\u00f6rhoppningsvis inte.)<\/p>\n<blockquote><p>&#8221;Vi uppmanar regeringen att integrera ett<br \/>\ntydligt k\u00f6nsperspektiv i samtliga skrivelser<br \/>\ns\u00e5 att kvinnors och unga kvinnors specifika<br \/>\nproblem lyfts fram.&#8221;<\/p><\/blockquote>\n<p>Ett tydligt k\u00f6nsperspektiv inneb\u00e4r allts\u00e5 att man specifikt lyfter upp det ena (kvinnliga) k\u00f6net.<\/p>\n<p><strong>Rekommendation 36 &#8211; 37: Ekonomisk j\u00e4mst\u00e4lldhet i \u00e4ktenskap och samborelationer:<\/strong><\/p>\n<p>Under denna punkt g\u00f6r Sveriges kvinnolobby sitt yttersta f\u00f6r behandla kvinnor som omyndigf\u00f6rklarade individer, fria fr\u00e5n ansvar f\u00f6r sina livsval och f\u00f6rs\u00f6ker p\u00e5dyvla staten rollen som \u00f6verf\u00f6rmyndare, som vid en skilsm\u00e4ssa ska kompensera kvinnor ekonomiskt f\u00f6r de val de gjort.<\/p>\n<blockquote><p>&#8221;Vid bodelning r\u00e4knas f\u00f6rst varje makes<br \/>\nenskilda egendom bort fr\u00e5n den gemensamma<br \/>\negendomen som ska f\u00f6rdelas lika mellan<br \/>\nmakarna eller de samboende. Kvinnors st\u00f6rre<br \/>\ndel av ink\u00f6p som kr\u00e4vs f\u00f6r hem och familj f\u00e5r<br \/>\nnegativa konsekvenser vid bodelningen d\u00e5<br \/>\nm\u00e4ns ink\u00f6p av exempelvis fritidsutrustning,<br \/>\ngenom sambolagen eller via uppr\u00e4ttandet av<br \/>\n\u00e4ktenskapsf\u00f6rord i ett \u00e4ktenskap, r\u00e4knas till<br \/>\nenskild egendom.<br \/>\nSom tidigare p\u00e5pekat r\u00e5der stor oj\u00e4mst\u00e4lldhet<br \/>\nmed avseende p\u00e5 arbete, l\u00f6n och inkomst<br \/>\nvilket p\u00e5verkar ekonomiska f\u00f6ruts\u00e4ttningar<br \/>\nmellan gifta kvinnor och m\u00e4n och mellan<br \/>\nkvinnor och m\u00e4n i samborelationer.<\/p>\n<p>Att kvinnor\u00a0missgynnas p\u00e5 m\u00e5nga omr\u00e5den i arbetslivet kan f\u00e5 stora konsekvenser vid skilsm\u00e4ssa eller separation eftersom dessa faktorer bidrar till oj\u00e4mst\u00e4llda ekonomiska f\u00f6ruts\u00e4ttningar mellan makar och samboende par och p\u00e5 s\u00e5 vis p\u00e5verkar utfallet vid en bodelning.&#8221;<\/p>\n<p><a href=\"http:\/\/www.susannavaris.com\/blogg\/2013\/01\/sveriges-kvinnolobby-del-5\/klbadar-i-pengar\/\" rel=\"attachment wp-att-8737\"><img loading=\"lazy\" decoding=\"async\" class=\"aligncenter size-full wp-image-8737\" alt=\"klbadar-i-pengar\" src=\"http:\/\/www.susannavaris.com\/blogg\/wp-content\/uploads\/2013\/01\/klbadar-i-pengar.jpg\" width=\"500\" height=\"332\" srcset=\"http:\/\/www.susannavaris.com\/blogg\/wp-content\/uploads\/2013\/01\/klbadar-i-pengar.jpg 500w, http:\/\/www.susannavaris.com\/blogg\/wp-content\/uploads\/2013\/01\/klbadar-i-pengar-300x199.jpg 300w\" sizes=\"auto, (max-width: 500px) 100vw, 500px\" \/><\/a>\u00a0Mera r\u00e4ttvis f\u00f6rdelning enligt Sveriges kvinnolobby?<\/p><\/blockquote>\n<p>Ett bra f\u00f6rslag finns h\u00e4r dock ocks\u00e5:<\/p>\n<blockquote><p>&#8221;Vi f\u00f6resl\u00e5r ut\u00f6kade \u00f6ppettider f\u00f6r barnomsorgen<br \/>\ns\u00e5 att den blir mer tillg\u00e4nglig och<br \/>\nv\u00e4lkomnande f\u00f6r heltidsarbetande f\u00f6r\u00e4ldrar<br \/>\noch f\u00f6r\u00e4ldrar som arbetar kv\u00e4llar, natt och<br \/>\nhelger.&#8221;<\/p><\/blockquote>\n<p><strong>Rekommendation 38 &#8211; 39: Invandrarkvinnor och kvinnor ur minoritetsgrupper:<\/strong><\/p>\n<p>Det vill s\u00e4ga undertecknad ocks\u00e5.<\/p>\n<blockquote><p>&#8221;Sverige uppmanas\u00a0att vara mer f\u00f6regripande vad g\u00e4ller<br \/>\ndiskriminering mot dessa grupper och att\u00a0vidta \u00e5tg\u00e4rder som s\u00e4kerst\u00e4ller att de f\u00e5r\u00a0st\u00f6rre kunskap om sina juridiska och m\u00e4nskliga\u00a0r\u00e4ttigheter.&#8221;<\/p><\/blockquote>\n<p>Jag skulle kunna t\u00e4nka mig att g\u00e5 om kursen i civilr\u00e4tt p\u00e5 KTH, det var ett tag sen. Jag kanske kan f\u00e5 ledigt och studiebidrag f\u00f6r detta?<\/p>\n<blockquote><p>&#8221;Kvinnokommitt\u00e9n uttrycker oro \u00f6ver diskriminering fr\u00e5n samh\u00e4llet, men ocks\u00e5 diskriminering inom dessa gruppers egna gemenskaper och uppmanar Sverige att motverka detta.&#8221;<\/p><\/blockquote>\n<p>Hmmm&#8230;ja, jag skulle kunna t\u00e4nka mig att ha r\u00f6str\u00e4tt \u00e4ven i riksdagsvalen, jag har ju bott h\u00e4r sedan 1979 nu. Men jag \u00e4r finsk medborgare och f\u00e5r r\u00f6sta i riksdagsvalen samt presidentvalen i Finland. F\u00f6r \u00f6vrigt fick jag tillg\u00e5ng till en finskspr\u00e5kig klass genom hela grundskolan, komplett med b\u00e5de en svensk och en finsktalande klassf\u00f6rest\u00e5ndare. Samt undervisning i modersm\u00e5let. Hur det ser ut nu vet jag inte, men skolan har urartat f\u00f6r alla elever, inte bara de invandrade. Blir jag diskriminerad inom min egen gemenskap&#8230;? N\u00e4e&#8230;skulle inte tro det.<\/p>\n<blockquote><p>&#8221;Att vidta \u00e5tg\u00e4rder f\u00f6r att\u00a0motverka k\u00f6nsbaserat v\u00e5ld samt \u00e5tg\u00e4rder f\u00f6r\u00a0att inkludera dessa grupper i arbetsmarknaden<br \/>\nframh\u00e5lls av Kvinnokommitt\u00e9n som tv\u00e5\u00a0viktiga punkter.&#8221;<\/p><\/blockquote>\n<p>Den man som jag blev misshandlad av var tyv\u00e4rr svensk, men det kanske hade med mitt invandrarbakgrund att g\u00f6ra&#8230;? N\u00e4e&#8230;skulle inte tro det. Det hade med hans problematik att g\u00f6ra.<\/p>\n<p>I det h\u00e4r stycket menas v\u00e4l inte h\u00f6gutbildade finl\u00e4ndare, men jag ville illustrera vanskligheten i att klumpa ihop en inb\u00f6rdes mycket disparat och ohomogen grupp under samma etikett. Samma problematik som f\u00f6r \u00f6vrigt g\u00e4ller feminismen som s\u00e5dan. Bland f\u00f6rslagen som l\u00e4mnas fr\u00e5n kvinnolobbyn \u00e5terfinns i vanlig ordning fler arbetstillf\u00e4llen f\u00f6r genusvetare:<\/p>\n<blockquote><p>&#8221;Vi f\u00f6resl\u00e5r att L\u00e4nsstyrelserna ges i uppdrag<br \/>\natt genusutbilda organisationer som<br \/>\narbetar med v\u00e5ldsutsatta kvinnor och informera<br \/>\nom de skyldigheter som de har gentemot<br \/>\ndessa kvinnor.&#8221;<\/p><\/blockquote>\n<p>Jag m\u00e5ste s\u00e4ga att jag fick alldeles utm\u00e4rkt mottagande och hj\u00e4lp av polisen n\u00e4r det begav sig. I vissa fall kan den utsatte beh\u00f6va skydd dygnet runt och s\u00e5dant kan vara sv\u00e5rare att ordna. Tyv\u00e4rr \u00e4r nog det det enda s\u00e4ttet, om man t ex vill p\u00e5 allvar minska antalet d\u00f6da till f\u00f6ljd av relationsv\u00e5ld. Bor personerna under samma tak skulle jag s\u00e4ga att det \u00e4r om\u00f6jligt att skydda den utsatte.<\/p>\n<p>Ang\u00e5ende religi\u00f6sa samfund:<\/p>\n<blockquote><p>&#8221;Organisationer\u00a0som inte respekterar alla m\u00e4nniskors<br \/>\nlika v\u00e4rde ska inte kunna erh\u00e5lla statliga\u00a0eller kommunala bidrag.&#8221;<\/p><\/blockquote>\n<p>Lite som kvinno-organisationerna d\u00e5? Alla m\u00e4nniskor \u00e4r lika mycket v\u00e4rda, men mest v\u00e4rda \u00e4r kvinnorna&#8230;<\/p>\n<p>Och s\u00e5 lite mera arbetstillf\u00e4llen \u00e5t genusvetarna:<\/p>\n<blockquote><p>&#8221;Vi f\u00f6resl\u00e5r att alla vigself\u00f6rr\u00e4ttare erh\u00e5ller<br \/>\nutbildning om genus och har tillst\u00e5nd<br \/>\ninnan de viger svenska medborgare.&#8221;<\/p>\n<p><a href=\"http:\/\/www.susannavaris.com\/blogg\/2013\/01\/sveriges-kvinnolobby-del-5\/klsauron_rotk\/\" rel=\"attachment wp-att-8735\"><img loading=\"lazy\" decoding=\"async\" class=\"aligncenter size-full wp-image-8735\" alt=\"klSauron_RotK\" src=\"http:\/\/www.susannavaris.com\/blogg\/wp-content\/uploads\/2013\/01\/klSauron_RotK.jpg\" width=\"369\" height=\"442\" srcset=\"http:\/\/www.susannavaris.com\/blogg\/wp-content\/uploads\/2013\/01\/klSauron_RotK.jpg 369w, http:\/\/www.susannavaris.com\/blogg\/wp-content\/uploads\/2013\/01\/klSauron_RotK-250x300.jpg 250w\" sizes=\"auto, (max-width: 369px) 100vw, 369px\" \/><\/a>\u00a0Feminismens en\u00f6gdhet, snart i varje buske n\u00e4ra dig&#8230;<\/p><\/blockquote>\n<p>N\u00e4r det g\u00e4ller funktionshindrade, \u00e4r sj\u00e4lvfallet de funktionshindrade kvinnorna mest utsatta. Detta sl\u00e5r man fast, men det betyder inte vara mera sant \u00e4n n\u00e5got av det andra som hittills inte visat sig h\u00e5lla vid n\u00e4rmare granskning:<\/p>\n<blockquote><p>&#8221;Samh\u00e4llets makstrukturer inneb\u00e4r att m\u00e4n<br \/>\nsom grupp har mer makt och inflytande<br \/>\n\u00e4n kvinnor som grupp. Den kvinna som har<br \/>\nen eller flera funktionsneds\u00e4ttningar och<br \/>\nkanske \u00e4ven en annan etnisk bakgrund uts\u00e4tts<br \/>\nf\u00f6r dubbel respektive tredubbel diskriminering.&#8221;<\/p><\/blockquote>\n<p>Den f\u00f6rsta statistik som jag st\u00f6ter p\u00e5 ang\u00e5ende detta \u00e4r fr\u00e5n \u00e5r <a href=\"http:\/\/www.scb.se\/statistik\/_publikationer\/AA9999_2004K04_BR_AM78ST0503.pdf\">SCB<\/a>\u00a0\u00e5r\u00a02004:<\/p>\n<p><a href=\"http:\/\/www.susannavaris.com\/blogg\/2013\/01\/sveriges-kvinnolobby-del-5\/kl01\/\" rel=\"attachment wp-att-8729\"><img loading=\"lazy\" decoding=\"async\" class=\"aligncenter size-full wp-image-8729\" alt=\"kl01\" src=\"http:\/\/www.susannavaris.com\/blogg\/wp-content\/uploads\/2013\/01\/kl01.jpg\" width=\"510\" height=\"417\" srcset=\"http:\/\/www.susannavaris.com\/blogg\/wp-content\/uploads\/2013\/01\/kl01.jpg 510w, http:\/\/www.susannavaris.com\/blogg\/wp-content\/uploads\/2013\/01\/kl01-300x245.jpg 300w\" sizes=\"auto, (max-width: 510px) 100vw, 510px\" \/><\/a>\u00a0Siffrorna \u00e4r hyfsat samst\u00e4mmiga, ingen skriande diskriminering kan sk\u00f6njas. F\u00f6rdelningen av funktionshinder \u00e4r n\u00e5got olika f\u00f6r de b\u00e5da grupperna:<\/p>\n<p><a href=\"http:\/\/www.susannavaris.com\/blogg\/2013\/01\/sveriges-kvinnolobby-del-5\/kl02\/\" rel=\"attachment wp-att-8730\"><img loading=\"lazy\" decoding=\"async\" class=\"aligncenter size-full wp-image-8730\" alt=\"kl02\" src=\"http:\/\/www.susannavaris.com\/blogg\/wp-content\/uploads\/2013\/01\/kl02.jpg\" width=\"498\" height=\"530\" srcset=\"http:\/\/www.susannavaris.com\/blogg\/wp-content\/uploads\/2013\/01\/kl02.jpg 498w, http:\/\/www.susannavaris.com\/blogg\/wp-content\/uploads\/2013\/01\/kl02-281x300.jpg 281w\" sizes=\"auto, (max-width: 498px) 100vw, 498px\" \/><\/a><\/p>\n<p>En h\u00f6gre andel av kvinnorna med funktionshinder anger att de blivit mobbade av chefer eller arbetskamrater under 2004:<\/p>\n<p><a href=\"http:\/\/www.susannavaris.com\/blogg\/2013\/01\/sveriges-kvinnolobby-del-5\/kl03\/\" rel=\"attachment wp-att-8731\"><img loading=\"lazy\" decoding=\"async\" class=\"aligncenter size-full wp-image-8731\" alt=\"kl03\" src=\"http:\/\/www.susannavaris.com\/blogg\/wp-content\/uploads\/2013\/01\/kl03.jpg\" width=\"481\" height=\"236\" srcset=\"http:\/\/www.susannavaris.com\/blogg\/wp-content\/uploads\/2013\/01\/kl03.jpg 481w, http:\/\/www.susannavaris.com\/blogg\/wp-content\/uploads\/2013\/01\/kl03-300x147.jpg 300w\" sizes=\"auto, (max-width: 481px) 100vw, 481px\" \/><\/a>\u00a0Men andelen som uppger sig ha f\u00f6rlorat arbetet pga sitt funktionshinder ligger relativt lika:<\/p>\n<p><a href=\"http:\/\/www.susannavaris.com\/blogg\/2013\/01\/sveriges-kvinnolobby-del-5\/kl04\/\" rel=\"attachment wp-att-8732\"><img loading=\"lazy\" decoding=\"async\" class=\"aligncenter size-full wp-image-8732\" alt=\"kl04\" src=\"http:\/\/www.susannavaris.com\/blogg\/wp-content\/uploads\/2013\/01\/kl04.jpg\" width=\"426\" height=\"364\" srcset=\"http:\/\/www.susannavaris.com\/blogg\/wp-content\/uploads\/2013\/01\/kl04.jpg 426w, http:\/\/www.susannavaris.com\/blogg\/wp-content\/uploads\/2013\/01\/kl04-300x256.jpg 300w\" sizes=\"auto, (max-width: 426px) 100vw, 426px\" \/><\/a><\/p>\n<p>I rapporten finns allehanda statistik p\u00e5 detta tema och jag kan om\u00f6jligt ta upp allt h\u00e4r. Det kan n\u00e4mnas att kvinnor upplever sig ha blivit l\u00f6nediskriminerade i h\u00f6gre utstr\u00e4ckning, m\u00e4nnen s\u00e4ger sig ha blivit f\u00f6rbig\u00e5ngna n\u00e4r det g\u00e4ller avancemang i h\u00f6gre utstr\u00e4ckning, kvinnor har i l\u00e4gre utstr\u00e4ckning f\u00e5tt sina arbetsplatser anpassade, men har i h\u00f6gre utstr\u00e4ckning f\u00e5tt hj\u00e4lpmedel (behoven ser dessutom olika ut f\u00f6r de b\u00e5da grupperna). Kvinnor och m\u00e4n f\u00f6rdelar sig \u00e4ven i denna grupp p\u00e5 liknande s\u00e4tt som den \u00f6vriga befolkningen n\u00e4r det g\u00e4ller valet av arbetsgivare:<\/p>\n<p><a href=\"http:\/\/www.susannavaris.com\/blogg\/2013\/01\/sveriges-kvinnolobby-del-5\/kl05\/\" rel=\"attachment wp-att-8733\"><img loading=\"lazy\" decoding=\"async\" class=\"aligncenter size-full wp-image-8733\" alt=\"kl05\" src=\"http:\/\/www.susannavaris.com\/blogg\/wp-content\/uploads\/2013\/01\/kl05.jpg\" width=\"475\" height=\"233\" srcset=\"http:\/\/www.susannavaris.com\/blogg\/wp-content\/uploads\/2013\/01\/kl05.jpg 475w, http:\/\/www.susannavaris.com\/blogg\/wp-content\/uploads\/2013\/01\/kl05-300x147.jpg 300w\" sizes=\"auto, (max-width: 475px) 100vw, 475px\" \/><\/a>\u00a0 Men f\u00f6r kvinnolobbyn finns bara ett perspektiv:<\/p>\n<blockquote><p>&#8221;Politiska\u00a0beslutande organ och myndigheter p\u00e5 riksniv\u00e5<br \/>\noch lokalt \u00e5l\u00e4gger ofta en k\u00f6nsneutral syn\u00a0p\u00e5 m\u00e4nniskor med funktionsneds\u00e4ttningar.\u00a0Detta inneb\u00e4r att det s\u00e4llan tas h\u00e4nsyn till\u00a0specifika behov och den utsatthet som kvinnor\u00a0med funktionsneds\u00e4ttningar upplever.&#8221;<\/p><\/blockquote>\n<p>Bara kvinnor har en speciell utsatthet och specifika behov.<\/p>\n<blockquote><p>&#8221;Utg\u00e5ngspunkten f\u00f6r unders\u00f6kningar, rapporter,\u00a0\u00e5tg\u00e4rder och beslut m\u00e5ste vara kvinnors\u00a0och m\u00e4ns olika levnadsvillkor. De specifika\u00a0problem som kvinnor med funktionsneds\u00e4ttningar<br \/>\nm\u00f6ter m\u00e5ste synligg\u00f6ras och \u00e5tg\u00e4rdas.&#8221;<\/p>\n<p>&#8221;Vi uppmanar regeringen att i samtliga\u00a0skrivelser anl\u00e4gga ett genusperspektiv och\u00a0lyfta fram de specifika problem som kvinnor m\u00f6ter. D\u00e4rigenom skapas tydliga underlag f\u00f6r en \u00e4ndam\u00e5lsenlig politik som kan bidra till att \u00f6ka j\u00e4mst\u00e4lldheten och kvinnors delaktighet i samh\u00e4llet.&#8221;<\/p><\/blockquote>\n<p>H\u00e4r talar man faktiskt om m\u00e4nnen ocks\u00e5, men det \u00e4r \u00e4nd\u00e5 bara de funktionshindrade kvinnornas specifika problem som ska synligg\u00f6ras och \u00e5tg\u00e4rdas.<\/p>\n<p>(Nu hittar jag samma rapport f\u00f6r \u00e5r 2008, den finns\u00a0<a href=\"http:\/\/www.scb.se\/statistik\/_publikationer\/AM0503_2008K04_BR_AM78BR0903.pdf\/\">h\u00e4r<\/a>. En del f\u00f6r\u00e4ndringar har skett, bl a p\u00e5 f\u00f6rdelningen av funktionshinder och t ex har kvinnorna \u00f6kat sin andel som anst\u00e4llda i den privata sektorn.) Man kommer med en l\u00e5ng lista \u00e5tg\u00e4rder inriktade enkom p\u00e5 funktionshindrade av kvinnligt k\u00f6n, bl a detta:<\/p>\n<blockquote><p>&#8221;Vi uppmanar regeringen att tills\u00e4tta<br \/>\nen utredning f\u00f6r att kartl\u00e4gga och analysera<br \/>\nh\u00e4lsopolitiska aspekter som p\u00e5verkar<br \/>\nkvinnor med funktionsneds\u00e4ttningar och<br \/>\nd\u00e4refter lyfta fram \u00e5tg\u00e4rder och f\u00f6rslag p\u00e5<br \/>\nbeslut som gynnar kvinnors h\u00e4lsa. Exempelvis<br \/>\nb\u00f6r sambandet mellan h\u00e4lsa \u00e5 ena sidan<br \/>\noch hemtj\u00e4nst, ledsagartj\u00e4nst, assistans och<br \/>\ntolktj\u00e4nst \u00e5 andra sidan kartl\u00e4ggas. Utredningen<br \/>\nb\u00f6r \u00e4ven analysera hur kvinnors h\u00e4lsa kan f\u00f6rb\u00e4ttras om negativa faktorer runt kvinnan elimineras, som exempelvis otillg\u00e4ngliga milj\u00f6er, maktl\u00f6shet, stress och d\u00e5lig ekonomi.&#8221;<\/p><\/blockquote>\n<p>S\u00e5. D\u00e5 har jag l\u00e4st igenom hela rapporten och kan konstatera att Sveriges Kvinnolobby p\u00e5 alla t\u00e4nkbara vis g\u00f6r sk\u00e4l f\u00f6r sitt namn och deras lobbyism ska p\u00e5 intet vis blandas ihop med j\u00e4mst\u00e4lldhetsarbete. Den ledande ideologin i detta sammanhang kan antas vara feminism och genom att t ex titta p\u00e5 Sveriges kvinnolobbys arbete kan man \u00e5terigen konstatera att feminismen inte handlar om att se till b\u00e5da k\u00f6nens b\u00e4sta eller n\u00e5gon form av j\u00e4mst\u00e4lldhet som skulle ber\u00f6ra b\u00e5da k\u00f6nen, det \u00e4r en ideologi som enkom tar h\u00e4nsyn till kvinnor.<\/p>\n","protected":false},"excerpt":{"rendered":"<p>Genoml\u00e4sningen av Sveriges kvinnolobbys rekommendationer till regeringen ang\u00e5ende FN:s CEDAW-dokument fors\u00e4tter. Tidigare poster:\u00a0del1,\u00a0del 2,\u00a0del 3,\u00a0del 4 Forts\u00e4ttning p\u00e5 punkten 34 &#8211; 35: H\u00e4lsa och sjukv\u00e5rd: Under rubriken Sj\u00e4lvskadebeteende framh\u00e5ller man sj\u00e4lvfallet kvinnors och flickors roll: &#8221;Vi anser att det \u00e4r &hellip; <a href=\"http:\/\/www.susannavaris.com\/blogg\/2013\/01\/sveriges-kvinnolobby-del-5\/\">Forts\u00e4tt l\u00e4sa <span class=\"meta-nav\">&rarr;<\/span><\/a><\/p>\n","protected":false},"author":1,"featured_media":0,"comment_status":"open","ping_status":"open","sticky":false,"template":"","format":"standard","meta":{"footnotes":""},"categories":[181,9,259,1321,589,1,590,403],"tags":[2593,4900,2592,2591],"class_list":["post-8728","post","type-post","status-publish","format-standard","hentry","category-feminism","category-film","category-genusvetenskap","category-jamstalldhet","category-medier","category-okategoriserade","category-politik","category-pseudovetenskap","tag-cedaw","tag-feminism","tag-fn","tag-sveriges-kvinnolobby"],"_links":{"self":[{"href":"http:\/\/www.susannavaris.com\/blogg\/wp-json\/wp\/v2\/posts\/8728","targetHints":{"allow":["GET"]}}],"collection":[{"href":"http:\/\/www.susannavaris.com\/blogg\/wp-json\/wp\/v2\/posts"}],"about":[{"href":"http:\/\/www.susannavaris.com\/blogg\/wp-json\/wp\/v2\/types\/post"}],"author":[{"embeddable":true,"href":"http:\/\/www.susannavaris.com\/blogg\/wp-json\/wp\/v2\/users\/1"}],"replies":[{"embeddable":true,"href":"http:\/\/www.susannavaris.com\/blogg\/wp-json\/wp\/v2\/comments?post=8728"}],"version-history":[{"count":3,"href":"http:\/\/www.susannavaris.com\/blogg\/wp-json\/wp\/v2\/posts\/8728\/revisions"}],"predecessor-version":[{"id":8739,"href":"http:\/\/www.susannavaris.com\/blogg\/wp-json\/wp\/v2\/posts\/8728\/revisions\/8739"}],"wp:attachment":[{"href":"http:\/\/www.susannavaris.com\/blogg\/wp-json\/wp\/v2\/media?parent=8728"}],"wp:term":[{"taxonomy":"category","embeddable":true,"href":"http:\/\/www.susannavaris.com\/blogg\/wp-json\/wp\/v2\/categories?post=8728"},{"taxonomy":"post_tag","embeddable":true,"href":"http:\/\/www.susannavaris.com\/blogg\/wp-json\/wp\/v2\/tags?post=8728"}],"curies":[{"name":"wp","href":"https:\/\/api.w.org\/{rel}","templated":true}]}}