{"id":8772,"date":"2013-01-26T23:31:50","date_gmt":"2013-01-26T22:31:50","guid":{"rendered":"http:\/\/www.susannavaris.com\/blogg\/?p=8772"},"modified":"2013-01-27T10:17:15","modified_gmt":"2013-01-27T09:17:15","slug":"uppdrag-man","status":"publish","type":"post","link":"http:\/\/www.susannavaris.com\/blogg\/2013\/01\/uppdrag-man\/","title":{"rendered":"Uppdrag MAN"},"content":{"rendered":"<p style=\"text-align: center;\"><a href=\"http:\/\/www.susannavaris.com\/blogg\/2013\/01\/uppdrag-man\/joakimthornyprh9avsejtv24vpoemg\/\" rel=\"attachment wp-att-8773\"><img loading=\"lazy\" decoding=\"async\" class=\"aligncenter size-full wp-image-8773\" alt=\"joakimth\u00f6rnyprh9avsejtv24vpoemg\" src=\"http:\/\/www.susannavaris.com\/blogg\/wp-content\/uploads\/2013\/01\/joakimth\u00f6rnyprh9avsejtv24vpoemg.jpg\" width=\"454\" height=\"255\" srcset=\"http:\/\/www.susannavaris.com\/blogg\/wp-content\/uploads\/2013\/01\/joakimth\u00f6rnyprh9avsejtv24vpoemg.jpg 454w, http:\/\/www.susannavaris.com\/blogg\/wp-content\/uploads\/2013\/01\/joakimth\u00f6rnyprh9avsejtv24vpoemg-300x168.jpg 300w\" sizes=\"auto, (max-width: 454px) 100vw, 454px\" \/><\/a>\u00a0<em>Joakim Th\u00f6rn som Nicklas &#8221;Blond Killer&#8221; Ljunggren. Foto fr\u00e5n Mynewsdesk<\/em><\/p>\n<p>En ny komediserie,\u00a0<a href=\"http:\/\/uppdragman.se\/\">Uppdrag MAN<\/a>\u00a0(h\u00e4r finns bl a smakprov\/arbetsmaterial)\u00a0\u00e4r under tillverkning och l\u00e4r passa som handen i handsken b\u00e5de hos SVT och p\u00e5 kulturredaktionerna. Till och med Feministiskt Perspektivs chefredakt\u00f6r Anna-Clara Bratt har tryckt p\u00e5 gilla-knappen.<\/p>\n<blockquote>\n<h3><em>&#8221;Uppdrag MAN \u2013 en dramakomediserie som inte \u00e4r r\u00e4dd f\u00f6r att driva med m\u00e4ns sj\u00e4lvbild. Bakom serien st\u00e5r den prisbel\u00f6nta reklamfilmsregiss\u00f6ren och komikern Joakim Th\u00f6rn. Serien regisseras och skrivs tillsammans med f\u00f6rfattaren Hans Carstensen.&#8221;\u00a0<\/em><\/h3>\n<p>&#8221;-\u00a0Det h\u00e4r k\u00e4nns sp\u00e4nnande! Jag b\u00f6rjade med projektet f\u00f6r att jag vill driva med myten om Sverige som ett j\u00e4mst\u00e4llt land, s\u00e4ger Joakim Th\u00f6rn.<\/p>\n<p>Som en del i utvecklingen av\u00a0<i>Uppdrag MAN<\/i>\u00a0tar serieskaparna med publiken in i arbetsprocessen genom att under v\u00e5ren sl\u00e4ppa klipp d\u00e4r seriens huvudkarakt\u00e4r, MAA-fightern Nicklas \u201dBlond Killer\u201d Ljunggren \u2013 spelad av Joakim Th\u00f6rn, g\u00e5r i terapi.&#8221;<\/p>\n<p>Citat fr\u00e5n\u00a0<a href=\"http:\/\/www.mynewsdesk.com\/se\/pressroom\/made-in-halmstad-ab\/pressrelease\/view\/reklamfilmsregissoer-goer-dramakomedi-om-manlighet-feminism-och-mma-828786http:\/\/\">Mynewsdesk<\/a>.<\/p><\/blockquote>\n<p>Jag vet inte om detta k\u00e4nns s\u00e5 p\u00e5kallat, nyt\u00e4nkande eller fr\u00e4scht alls. Jag menar, om man inte bor p\u00e5 S\u00f6dermalm d\u00e5.<\/p>\n<blockquote><p>&#8221;-\u00a0Jag hoppas att fler m\u00e4n vill ta ansvar f\u00f6r j\u00e4mst\u00e4lldhetsdebatten. Till exempel i min egen bransch, reklambranschen, d\u00e4r jag kan r\u00e4kna mina kvinnliga regikollegor p\u00e5 en hand. Och det i en bransch som g\u00e4rna kallar sig modern, avslutar Joakim Th\u00f6rn.&#8221;<\/p><\/blockquote>\n<p>Jag vet inte. Th\u00f6rn kan ju ta sitt ansvar f\u00f6r j\u00e4mst\u00e4lldhetsdebatten i sin egen bransch och s\u00f6ka jobb n\u00e5gon annanstans, sadla om till f\u00f6rskolepedagog kanske och sluta st\u00e5 i v\u00e4gen f\u00f6r alla hugade, kvinnliga reklamfilmsregiss\u00f6rer.<\/p>\n<p>&nbsp;<\/p>\n","protected":false},"excerpt":{"rendered":"<p>\u00a0Joakim Th\u00f6rn som Nicklas &#8221;Blond Killer&#8221; Ljunggren. Foto fr\u00e5n Mynewsdesk En ny komediserie,\u00a0Uppdrag MAN\u00a0(h\u00e4r finns bl a smakprov\/arbetsmaterial)\u00a0\u00e4r under tillverkning och l\u00e4r passa som handen i handsken b\u00e5de hos SVT och p\u00e5 kulturredaktionerna. Till och med Feministiskt Perspektivs chefredakt\u00f6r Anna-Clara &hellip; <a href=\"http:\/\/www.susannavaris.com\/blogg\/2013\/01\/uppdrag-man\/\">Forts\u00e4tt l\u00e4sa <span class=\"meta-nav\">&rarr;<\/span><\/a><\/p>\n","protected":false},"author":1,"featured_media":0,"comment_status":"open","ping_status":"open","sticky":false,"template":"","format":"standard","meta":{"footnotes":""},"categories":[181,9,1321,1162,589,1,590,384],"tags":[1373,4900,4899,4918,2649,287,2650],"class_list":["post-8772","post","type-post","status-publish","format-standard","hentry","category-feminism","category-film","category-jamstalldhet","category-kultur","category-medier","category-okategoriserade","category-politik","category-tv","tag-anna-clara-bratt","tag-feminism","tag-genus","tag-jamstalldhet","tag-joakim-thorn","tag-reklam","tag-uppdrag-man"],"_links":{"self":[{"href":"http:\/\/www.susannavaris.com\/blogg\/wp-json\/wp\/v2\/posts\/8772","targetHints":{"allow":["GET"]}}],"collection":[{"href":"http:\/\/www.susannavaris.com\/blogg\/wp-json\/wp\/v2\/posts"}],"about":[{"href":"http:\/\/www.susannavaris.com\/blogg\/wp-json\/wp\/v2\/types\/post"}],"author":[{"embeddable":true,"href":"http:\/\/www.susannavaris.com\/blogg\/wp-json\/wp\/v2\/users\/1"}],"replies":[{"embeddable":true,"href":"http:\/\/www.susannavaris.com\/blogg\/wp-json\/wp\/v2\/comments?post=8772"}],"version-history":[{"count":5,"href":"http:\/\/www.susannavaris.com\/blogg\/wp-json\/wp\/v2\/posts\/8772\/revisions"}],"predecessor-version":[{"id":8778,"href":"http:\/\/www.susannavaris.com\/blogg\/wp-json\/wp\/v2\/posts\/8772\/revisions\/8778"}],"wp:attachment":[{"href":"http:\/\/www.susannavaris.com\/blogg\/wp-json\/wp\/v2\/media?parent=8772"}],"wp:term":[{"taxonomy":"category","embeddable":true,"href":"http:\/\/www.susannavaris.com\/blogg\/wp-json\/wp\/v2\/categories?post=8772"},{"taxonomy":"post_tag","embeddable":true,"href":"http:\/\/www.susannavaris.com\/blogg\/wp-json\/wp\/v2\/tags?post=8772"}],"curies":[{"name":"wp","href":"https:\/\/api.w.org\/{rel}","templated":true}]}}