{"id":8828,"date":"2013-01-30T22:48:42","date_gmt":"2013-01-30T21:48:42","guid":{"rendered":"http:\/\/www.susannavaris.com\/blogg\/?p=8828"},"modified":"2013-01-30T22:48:42","modified_gmt":"2013-01-30T21:48:42","slug":"onodiga-fader","status":"publish","type":"post","link":"http:\/\/www.susannavaris.com\/blogg\/2013\/01\/onodiga-fader\/","title":{"rendered":"On\u00f6diga f\u00e4der?"},"content":{"rendered":"<p style=\"text-align: center;\">\u00a0<a href=\"http:\/\/www.susannavaris.com\/blogg\/2013\/01\/onodiga-fader\/img_0014-adj-crop\/\" rel=\"attachment wp-att-8830\"><img loading=\"lazy\" decoding=\"async\" class=\"aligncenter size-full wp-image-8830\" alt=\"IMG_0014-adj-crop\" src=\"http:\/\/www.susannavaris.com\/blogg\/wp-content\/uploads\/2013\/01\/IMG_0014-adj-crop.jpg\" width=\"881\" height=\"1214\" srcset=\"http:\/\/www.susannavaris.com\/blogg\/wp-content\/uploads\/2013\/01\/IMG_0014-adj-crop.jpg 881w, http:\/\/www.susannavaris.com\/blogg\/wp-content\/uploads\/2013\/01\/IMG_0014-adj-crop-217x300.jpg 217w, http:\/\/www.susannavaris.com\/blogg\/wp-content\/uploads\/2013\/01\/IMG_0014-adj-crop-743x1024.jpg 743w\" sizes=\"auto, (max-width: 881px) 100vw, 881px\" \/><\/a>\u00a0<em>Min far vid konfirmationen. Jag minns tre tillf\u00e4llen d\u00e5 jag har tr\u00e4ffat honom&#8230;<\/em><\/p>\n<p>P\u00e5 Ann-Maris blogg hittar jag <a href=\"http:\/\/maukonen.wordpress.com\/2013\/01\/27\/byrakratin-har-aldrig-hangt-med-foraldraskapets-utveckling\/#comment-9634\">detta<\/a>\u00a0utm\u00e4rkta inl\u00e4gg!<\/p>\n<p>Jag har tidigare skrivit p\u00e5 samma tema\u00a0<a href=\"http:\/\/www.susannavaris.com\/blogg\/2012\/03\/hon-har-ju-ingen-pappa\/http:\/\/\">h\u00e4r<\/a>.<\/p>\n","protected":false},"excerpt":{"rendered":"<p>\u00a0\u00a0Min far vid konfirmationen. Jag minns tre tillf\u00e4llen d\u00e5 jag har tr\u00e4ffat honom&#8230; P\u00e5 Ann-Maris blogg hittar jag detta\u00a0utm\u00e4rkta inl\u00e4gg! Jag har tidigare skrivit p\u00e5 samma tema\u00a0h\u00e4r.<\/p>\n","protected":false},"author":1,"featured_media":0,"comment_status":"open","ping_status":"open","sticky":false,"template":"","format":"standard","meta":{"footnotes":""},"categories":[181,107,1200,259,674,1321,1],"tags":[2661,4900,2662,2659,2660],"class_list":["post-8828","post","type-post","status-publish","format-standard","hentry","category-feminism","category-finland","category-fran-arkiven","category-genusvetenskap","category-historia","category-jamstalldhet","category-okategoriserade","tag-faderskap","tag-feminism","tag-foraldraskap","tag-pappa","tag-papparoll"],"_links":{"self":[{"href":"http:\/\/www.susannavaris.com\/blogg\/wp-json\/wp\/v2\/posts\/8828","targetHints":{"allow":["GET"]}}],"collection":[{"href":"http:\/\/www.susannavaris.com\/blogg\/wp-json\/wp\/v2\/posts"}],"about":[{"href":"http:\/\/www.susannavaris.com\/blogg\/wp-json\/wp\/v2\/types\/post"}],"author":[{"embeddable":true,"href":"http:\/\/www.susannavaris.com\/blogg\/wp-json\/wp\/v2\/users\/1"}],"replies":[{"embeddable":true,"href":"http:\/\/www.susannavaris.com\/blogg\/wp-json\/wp\/v2\/comments?post=8828"}],"version-history":[{"count":3,"href":"http:\/\/www.susannavaris.com\/blogg\/wp-json\/wp\/v2\/posts\/8828\/revisions"}],"predecessor-version":[{"id":8832,"href":"http:\/\/www.susannavaris.com\/blogg\/wp-json\/wp\/v2\/posts\/8828\/revisions\/8832"}],"wp:attachment":[{"href":"http:\/\/www.susannavaris.com\/blogg\/wp-json\/wp\/v2\/media?parent=8828"}],"wp:term":[{"taxonomy":"category","embeddable":true,"href":"http:\/\/www.susannavaris.com\/blogg\/wp-json\/wp\/v2\/categories?post=8828"},{"taxonomy":"post_tag","embeddable":true,"href":"http:\/\/www.susannavaris.com\/blogg\/wp-json\/wp\/v2\/tags?post=8828"}],"curies":[{"name":"wp","href":"https:\/\/api.w.org\/{rel}","templated":true}]}}