{"id":8840,"date":"2013-02-03T11:48:37","date_gmt":"2013-02-03T10:48:37","guid":{"rendered":"http:\/\/www.susannavaris.com\/blogg\/?p=8840"},"modified":"2013-02-03T11:48:37","modified_gmt":"2013-02-03T10:48:37","slug":"hejda-nationalmuseum","status":"publish","type":"post","link":"http:\/\/www.susannavaris.com\/blogg\/2013\/02\/hejda-nationalmuseum\/","title":{"rendered":"Hejd\u00e5 Nationalmuseum!"},"content":{"rendered":"<p><a href=\"http:\/\/www.susannavaris.com\/blogg\/wp-content\/uploads\/2013\/02\/nationalmuseum0503-03.jpg\"><img loading=\"lazy\" decoding=\"async\" class=\"aligncenter size-full wp-image-8841\" alt=\"nationalmuseum0503-03\" src=\"http:\/\/www.susannavaris.com\/blogg\/wp-content\/uploads\/2013\/02\/nationalmuseum0503-03.jpg\" width=\"2848\" height=\"4288\" srcset=\"http:\/\/www.susannavaris.com\/blogg\/wp-content\/uploads\/2013\/02\/nationalmuseum0503-03.jpg 2848w, http:\/\/www.susannavaris.com\/blogg\/wp-content\/uploads\/2013\/02\/nationalmuseum0503-03-199x300.jpg 199w, http:\/\/www.susannavaris.com\/blogg\/wp-content\/uploads\/2013\/02\/nationalmuseum0503-03-680x1024.jpg 680w\" sizes=\"auto, (max-width: 2848px) 100vw, 2848px\" \/><\/a><\/p>\n<p><a href=\"http:\/\/www.susannavaris.com\/blogg\/wp-content\/uploads\/2013\/02\/nationalpassionerDSC_0328-50.jpg\"><img loading=\"lazy\" decoding=\"async\" class=\"aligncenter size-full wp-image-8850\" alt=\"nationalpassionerDSC_0328-50\" src=\"http:\/\/www.susannavaris.com\/blogg\/wp-content\/uploads\/2013\/02\/nationalpassionerDSC_0328-50.jpg\" width=\"2304\" height=\"1536\" srcset=\"http:\/\/www.susannavaris.com\/blogg\/wp-content\/uploads\/2013\/02\/nationalpassionerDSC_0328-50.jpg 2304w, http:\/\/www.susannavaris.com\/blogg\/wp-content\/uploads\/2013\/02\/nationalpassionerDSC_0328-50-300x200.jpg 300w, http:\/\/www.susannavaris.com\/blogg\/wp-content\/uploads\/2013\/02\/nationalpassionerDSC_0328-50-1024x682.jpg 1024w\" sizes=\"auto, (max-width: 2304px) 100vw, 2304px\" \/><\/a><\/p>\n<p style=\"text-align: center;\"><em>Underst. utst\u00e4llningen Passioner. Tavla av Cranach<\/em><\/p>\n<p>Idag \u00e4r Nationalmuseum \u00f6ppet f\u00f6r sista dagen innan det st\u00e4ngs f\u00f6r renovering och jag undrar var vi nu ska \u00e4ta st\u00e4rkande och delikata m\u00e5ltider vid kulturbes\u00f6k i huvudstaden? Nationalmuseums Atrium har varit ett vattenh\u00e5l som vi ofta bes\u00f6kt \u00e4ven n\u00e4r vi inte har varit d\u00e4r f\u00f6r att se en utst\u00e4llning. Gr\u00f6nsaksbuff\u00e9n med lax till har varit min st\u00e5ende best\u00e4llning, underbart gott, nyttigt och dessutom prisv\u00e4rt med tanke p\u00e5 kvaliteten.<\/p>\n<p style=\"text-align: center;\"><a href=\"http:\/\/www.susannavaris.com\/blogg\/wp-content\/uploads\/2013\/02\/nationalatriumDSC_0353-50.jpg\"><img loading=\"lazy\" decoding=\"async\" class=\"aligncenter size-full wp-image-8842\" alt=\"nationalatriumDSC_0353-50\" src=\"http:\/\/www.susannavaris.com\/blogg\/wp-content\/uploads\/2013\/02\/nationalatriumDSC_0353-50.jpg\" width=\"2304\" height=\"1536\" srcset=\"http:\/\/www.susannavaris.com\/blogg\/wp-content\/uploads\/2013\/02\/nationalatriumDSC_0353-50.jpg 2304w, http:\/\/www.susannavaris.com\/blogg\/wp-content\/uploads\/2013\/02\/nationalatriumDSC_0353-50-300x200.jpg 300w, http:\/\/www.susannavaris.com\/blogg\/wp-content\/uploads\/2013\/02\/nationalatriumDSC_0353-50-1024x682.jpg 1024w\" sizes=\"auto, (max-width: 2304px) 100vw, 2304px\" \/><\/a>\u00a0<em>Atrium<\/em><\/p>\n<p style=\"text-align: center;\"><a href=\"http:\/\/www.susannavaris.com\/blogg\/wp-content\/uploads\/2013\/02\/nationalatriumDSC_0574-50.jpg\"><img loading=\"lazy\" decoding=\"async\" class=\"aligncenter size-full wp-image-8843\" alt=\"nationalatriumDSC_0574-50\" src=\"http:\/\/www.susannavaris.com\/blogg\/wp-content\/uploads\/2013\/02\/nationalatriumDSC_0574-50.jpg\" width=\"2304\" height=\"1536\" srcset=\"http:\/\/www.susannavaris.com\/blogg\/wp-content\/uploads\/2013\/02\/nationalatriumDSC_0574-50.jpg 2304w, http:\/\/www.susannavaris.com\/blogg\/wp-content\/uploads\/2013\/02\/nationalatriumDSC_0574-50-300x200.jpg 300w, http:\/\/www.susannavaris.com\/blogg\/wp-content\/uploads\/2013\/02\/nationalatriumDSC_0574-50-1024x682.jpg 1024w\" sizes=\"auto, (max-width: 2304px) 100vw, 2304px\" \/><\/a><\/p>\n<p>Birgitta Rubin p\u00e5 DN Kultur menar att Nationalmuseum nu har tillf\u00e4lle att t\u00e4nka nytt:<\/p>\n<blockquote><p>&#8221;F\u00f6r h\u00e4r har det dammat rej\u00e4lt. D\u00e5 syftar jag inte i f\u00f6rsta hand p\u00e5 den d\u00e5liga luftkvaliteten, utan den urmodiga presentationen av den permanenta samlingen. Vissa utst\u00e4llningar har ocks\u00e5 kritiserats h\u00e5rt f\u00f6r bristande genusperspektiv. det \u00e4r som om de m\u00f6rka, otidsenliga lokalerna stundtals smittat av sig.<\/p>\n<p>Nu hoppas jag att st\u00e4ngningen ger tid till fortbildning och nyt\u00e4nkande, i hela organisationen. En mer blandad befolkning och publik st\u00e4ller h\u00e5rdare krav p\u00e5 pedagogik och representationst\u00e4nkande.&#8221;<\/p><\/blockquote>\n<p>Vem har kritiserat Nationalmuseum f\u00f6r bristande genusperspektiv? DN Kultur m\u00f6jligen. Vad jag vill minnas var reaktionerna snarare diametralt motsatta exempelvis n\u00e4r det g\u00e4llde utst\u00e4llningen Lust och Last, som uppfattades med genuskorrekta pekpinnar i h\u00f6gsta hugg villja skola in bes\u00f6karen i det r\u00e4tta genust\u00e4nket. Under \u00e5ret har en mycket genuskorrekt utst\u00e4llning med kvinnliga 1800-talskonstn\u00e4rer fr\u00e5n Sverige och Frankrike, Stolthet och F\u00f6rdom visats. I utst\u00e4llningen Ljus och M\u00f6rker fanns en hel del kvinnliga konstn\u00e4rer vars bidrag med lite fantasi kunde kopplas till just framst\u00e4llning av ljuset i konsten och vilka mest k\u00e4ndes som inkvoterade genuskorrekta bidrag. (Jag menar att all m\u00e5leri framst\u00e4ller ju ljus, annars kan du m\u00e5la en monokrom svart duk. De h\u00e4r bidragen hade inget som utm\u00e4rkte dem speciellt ang\u00e5ende ljuset.) S\u00e5 jag undrar vem som efterlyser mer av genuskorrekta pekpinnar bortsett fr\u00e5n DN Kultur?<\/p>\n<p style=\"text-align: center;\"><a href=\"http:\/\/www.susannavaris.com\/blogg\/wp-content\/uploads\/2013\/02\/nationallustlast_4_737611c.jpg\"><img loading=\"lazy\" decoding=\"async\" class=\"aligncenter size-full wp-image-8847\" alt=\"nationallustlast_4_737611c\" src=\"http:\/\/www.susannavaris.com\/blogg\/wp-content\/uploads\/2013\/02\/nationallustlast_4_737611c.jpg\" width=\"295\" height=\"436\" srcset=\"http:\/\/www.susannavaris.com\/blogg\/wp-content\/uploads\/2013\/02\/nationallustlast_4_737611c.jpg 295w, http:\/\/www.susannavaris.com\/blogg\/wp-content\/uploads\/2013\/02\/nationallustlast_4_737611c-202x300.jpg 202w\" sizes=\"auto, (max-width: 295px) 100vw, 295px\" \/><\/a>\u00a0<em>Lust och Last<\/em><\/p>\n<p style=\"text-align: center;\"><a href=\"http:\/\/www.susannavaris.com\/blogg\/wp-content\/uploads\/2013\/02\/nationalljusochm\u00f6rker.jpg\"><img loading=\"lazy\" decoding=\"async\" class=\"aligncenter size-full wp-image-8845\" alt=\"nationalljusochm\u00f6rker\" src=\"http:\/\/www.susannavaris.com\/blogg\/wp-content\/uploads\/2013\/02\/nationalljusochm\u00f6rker.jpg\" width=\"1421\" height=\"1077\" srcset=\"http:\/\/www.susannavaris.com\/blogg\/wp-content\/uploads\/2013\/02\/nationalljusochm\u00f6rker.jpg 1421w, http:\/\/www.susannavaris.com\/blogg\/wp-content\/uploads\/2013\/02\/nationalljusochm\u00f6rker-300x227.jpg 300w, http:\/\/www.susannavaris.com\/blogg\/wp-content\/uploads\/2013\/02\/nationalljusochm\u00f6rker-1024x776.jpg 1024w\" sizes=\"auto, (max-width: 1421px) 100vw, 1421px\" \/><\/a>\u00a0<em>Utst\u00e4llningen\u00a0Passioner<\/em><\/p>\n<p style=\"text-align: center;\"><a href=\"http:\/\/www.susannavaris.com\/blogg\/wp-content\/uploads\/2013\/02\/nationalperedvizjniki_588x297.jpg\"><img loading=\"lazy\" decoding=\"async\" class=\"aligncenter size-full wp-image-8851\" alt=\"nationalperedvizjniki_588x297\" src=\"http:\/\/www.susannavaris.com\/blogg\/wp-content\/uploads\/2013\/02\/nationalperedvizjniki_588x297.jpg\" width=\"588\" height=\"297\" srcset=\"http:\/\/www.susannavaris.com\/blogg\/wp-content\/uploads\/2013\/02\/nationalperedvizjniki_588x297.jpg 588w, http:\/\/www.susannavaris.com\/blogg\/wp-content\/uploads\/2013\/02\/nationalperedvizjniki_588x297-300x151.jpg 300w\" sizes=\"auto, (max-width: 588px) 100vw, 588px\" \/><\/a>\u00a0<em>Utst\u00e4llningen\u00a0Peredvizjniki<\/em><\/p>\n<p style=\"text-align: center;\"><a href=\"http:\/\/www.susannavaris.com\/blogg\/wp-content\/uploads\/2013\/02\/nationalDSC_0571-50-adj.jpg\"><img loading=\"lazy\" decoding=\"async\" class=\"aligncenter size-full wp-image-8844\" alt=\"nationalDSC_0571-50-adj\" src=\"http:\/\/www.susannavaris.com\/blogg\/wp-content\/uploads\/2013\/02\/nationalDSC_0571-50-adj.jpg\" width=\"1536\" height=\"2304\" srcset=\"http:\/\/www.susannavaris.com\/blogg\/wp-content\/uploads\/2013\/02\/nationalDSC_0571-50-adj.jpg 1536w, http:\/\/www.susannavaris.com\/blogg\/wp-content\/uploads\/2013\/02\/nationalDSC_0571-50-adj-200x300.jpg 200w, http:\/\/www.susannavaris.com\/blogg\/wp-content\/uploads\/2013\/02\/nationalDSC_0571-50-adj-682x1024.jpg 682w\" sizes=\"auto, (max-width: 1536px) 100vw, 1536px\" \/><\/a>\u00a0<em>Och s\u00e5 lite mat&#8230;<\/em><\/p>\n<p style=\"text-align: center;\"><a href=\"http:\/\/www.susannavaris.com\/blogg\/wp-content\/uploads\/2013\/02\/nationalstolthet_fordom_collage_kampanj_588x297.jpg\"><img loading=\"lazy\" decoding=\"async\" class=\"aligncenter size-full wp-image-8852\" alt=\"nationalstolthet_fordom_collage_kampanj_588x297\" src=\"http:\/\/www.susannavaris.com\/blogg\/wp-content\/uploads\/2013\/02\/nationalstolthet_fordom_collage_kampanj_588x297.jpg\" width=\"588\" height=\"297\" srcset=\"http:\/\/www.susannavaris.com\/blogg\/wp-content\/uploads\/2013\/02\/nationalstolthet_fordom_collage_kampanj_588x297.jpg 588w, http:\/\/www.susannavaris.com\/blogg\/wp-content\/uploads\/2013\/02\/nationalstolthet_fordom_collage_kampanj_588x297-300x151.jpg 300w\" sizes=\"auto, (max-width: 588px) 100vw, 588px\" \/><\/a>\u00a0<em>Utst\u00e4llningen Stolthet och F\u00f6rdom<\/em><\/p>\n<p style=\"text-align: center;\"><a href=\"http:\/\/www.susannavaris.com\/blogg\/wp-content\/uploads\/2013\/02\/nationalmodernatider01.jpg\"><img loading=\"lazy\" decoding=\"async\" class=\"aligncenter size-full wp-image-8848\" alt=\"nationalmodernatider01\" src=\"http:\/\/www.susannavaris.com\/blogg\/wp-content\/uploads\/2013\/02\/nationalmodernatider01.jpg\" width=\"2304\" height=\"1536\" srcset=\"http:\/\/www.susannavaris.com\/blogg\/wp-content\/uploads\/2013\/02\/nationalmodernatider01.jpg 2304w, http:\/\/www.susannavaris.com\/blogg\/wp-content\/uploads\/2013\/02\/nationalmodernatider01-300x200.jpg 300w, http:\/\/www.susannavaris.com\/blogg\/wp-content\/uploads\/2013\/02\/nationalmodernatider01-1024x682.jpg 1024w\" sizes=\"auto, (max-width: 2304px) 100vw, 2304px\" \/><\/a>\u00a0<em>P\u00e5 utst\u00e4llningen Moderna Tider<\/em><\/p>\n<p style=\"text-align: center;\"><a href=\"http:\/\/www.susannavaris.com\/blogg\/wp-content\/uploads\/2013\/02\/nationalpassionerDSC_0090-uffe-50.jpg\"><img loading=\"lazy\" decoding=\"async\" class=\"aligncenter size-full wp-image-8849\" alt=\"nationalpassionerDSC_0090-uffe-50\" src=\"http:\/\/www.susannavaris.com\/blogg\/wp-content\/uploads\/2013\/02\/nationalpassionerDSC_0090-uffe-50.jpg\" width=\"1424\" height=\"1318\" srcset=\"http:\/\/www.susannavaris.com\/blogg\/wp-content\/uploads\/2013\/02\/nationalpassionerDSC_0090-uffe-50.jpg 1424w, http:\/\/www.susannavaris.com\/blogg\/wp-content\/uploads\/2013\/02\/nationalpassionerDSC_0090-uffe-50-300x277.jpg 300w, http:\/\/www.susannavaris.com\/blogg\/wp-content\/uploads\/2013\/02\/nationalpassionerDSC_0090-uffe-50-1024x947.jpg 1024w\" sizes=\"auto, (max-width: 1424px) 100vw, 1424px\" \/><\/a>\u00a0<em>Passioner<\/em><\/p>\n<p style=\"text-align: center;\"><a href=\"http:\/\/www.susannavaris.com\/blogg\/wp-content\/uploads\/2013\/02\/nationalljusochm\u00f6rkerDSC_0372-50.jpg\"><img loading=\"lazy\" decoding=\"async\" class=\"aligncenter size-full wp-image-8846\" alt=\"nationalljusochm\u00f6rkerDSC_0372-50\" src=\"http:\/\/www.susannavaris.com\/blogg\/wp-content\/uploads\/2013\/02\/nationalljusochm\u00f6rkerDSC_0372-50.jpg\" width=\"2304\" height=\"1536\" srcset=\"http:\/\/www.susannavaris.com\/blogg\/wp-content\/uploads\/2013\/02\/nationalljusochm\u00f6rkerDSC_0372-50.jpg 2304w, http:\/\/www.susannavaris.com\/blogg\/wp-content\/uploads\/2013\/02\/nationalljusochm\u00f6rkerDSC_0372-50-300x200.jpg 300w, http:\/\/www.susannavaris.com\/blogg\/wp-content\/uploads\/2013\/02\/nationalljusochm\u00f6rkerDSC_0372-50-1024x682.jpg 1024w\" sizes=\"auto, (max-width: 2304px) 100vw, 2304px\" \/><\/a>\u00a0<em>Utst\u00e4llningen Ljus och M\u00f6rker\u00a0<\/em><\/p>\n<p style=\"text-align: center;\">Vad jag vill se p\u00e5 Nationalmuseum \u00e4r den b\u00e4sta och mest intressanta konsten i ett kulturarvsperspektiv. Jag \u00e4r inte intresserad av konstn\u00e4rsskap som &#8221;lyfts fram&#8221; eller &#8221;uppm\u00e4rksammas&#8221; n\u00e4r syftet glider \u00f6ver fr\u00e5n att visa den b\u00e4sta och mest intressanta konsten till att leta fram konstn\u00e4rer av r\u00e4tt k\u00f6n f\u00f6r att tillfredsst\u00e4lla genusvetenskapliga id\u00e9er om 50\/50-f\u00f6rdelning. Ang\u00e5ende DN Kultur \u00e4r jag numera s\u00e5 pass skeptisk till urvalet i tidningen att jag n\u00e4rmast automatiskt f\u00f6ruts\u00e4tter att personer av kvinnligt k\u00f6n som figurerar d\u00e4r g\u00f6r det f\u00f6rst och fr\u00e4mst f\u00f6r att de just har r\u00e4tt k\u00f6n, i andra hand f\u00f6r att de eventuellt skapar n\u00e5got inom kultursf\u00e4ren. Kvinnliga kulturskapare och -ut\u00f6vare hyllas och manliga dito granskas, kritiseras, ifr\u00e5gas\u00e4tts och portr\u00e4tteras ofta negativt i DN Kultur numera. Mera av s\u00e5dant genusperspektiv k\u00e4nner jag personligen inget st\u00f6rre behov av.<\/p>\n","protected":false},"excerpt":{"rendered":"<p>Underst. utst\u00e4llningen Passioner. Tavla av Cranach Idag \u00e4r Nationalmuseum \u00f6ppet f\u00f6r sista dagen innan det st\u00e4ngs f\u00f6r renovering och jag undrar var vi nu ska \u00e4ta st\u00e4rkande och delikata m\u00e5ltider vid kulturbes\u00f6k i huvudstaden? Nationalmuseums Atrium har varit ett vattenh\u00e5l &hellip; <a href=\"http:\/\/www.susannavaris.com\/blogg\/2013\/02\/hejda-nationalmuseum\/\">Forts\u00e4tt l\u00e4sa <span class=\"meta-nav\">&rarr;<\/span><\/a><\/p>\n","protected":false},"author":1,"featured_media":0,"comment_status":"open","ping_status":"open","sticky":false,"template":"","format":"standard","meta":{"footnotes":""},"categories":[181,259,674,3,1162,589,1,590,403,4],"tags":[2214,2664,175,4900,4899,4903,2204,20,21],"class_list":["post-8840","post","type-post","status-publish","format-standard","hentry","category-feminism","category-genusvetenskap","category-historia","category-konst","category-kultur","category-medier","category-okategoriserade","category-politik","category-pseudovetenskap","category-utstallning","tag-atrium","tag-birgitta-rubin","tag-dn","tag-feminism","tag-genus","tag-genusvetenskap","tag-ljus-och-morker","tag-lust-och-last","tag-nationalmuseum"],"_links":{"self":[{"href":"http:\/\/www.susannavaris.com\/blogg\/wp-json\/wp\/v2\/posts\/8840","targetHints":{"allow":["GET"]}}],"collection":[{"href":"http:\/\/www.susannavaris.com\/blogg\/wp-json\/wp\/v2\/posts"}],"about":[{"href":"http:\/\/www.susannavaris.com\/blogg\/wp-json\/wp\/v2\/types\/post"}],"author":[{"embeddable":true,"href":"http:\/\/www.susannavaris.com\/blogg\/wp-json\/wp\/v2\/users\/1"}],"replies":[{"embeddable":true,"href":"http:\/\/www.susannavaris.com\/blogg\/wp-json\/wp\/v2\/comments?post=8840"}],"version-history":[{"count":3,"href":"http:\/\/www.susannavaris.com\/blogg\/wp-json\/wp\/v2\/posts\/8840\/revisions"}],"predecessor-version":[{"id":8855,"href":"http:\/\/www.susannavaris.com\/blogg\/wp-json\/wp\/v2\/posts\/8840\/revisions\/8855"}],"wp:attachment":[{"href":"http:\/\/www.susannavaris.com\/blogg\/wp-json\/wp\/v2\/media?parent=8840"}],"wp:term":[{"taxonomy":"category","embeddable":true,"href":"http:\/\/www.susannavaris.com\/blogg\/wp-json\/wp\/v2\/categories?post=8840"},{"taxonomy":"post_tag","embeddable":true,"href":"http:\/\/www.susannavaris.com\/blogg\/wp-json\/wp\/v2\/tags?post=8840"}],"curies":[{"name":"wp","href":"https:\/\/api.w.org\/{rel}","templated":true}]}}