{"id":8856,"date":"2013-02-03T12:10:07","date_gmt":"2013-02-03T11:10:07","guid":{"rendered":"http:\/\/www.susannavaris.com\/blogg\/?p=8856"},"modified":"2013-02-03T12:10:07","modified_gmt":"2013-02-03T11:10:07","slug":"bisarr-beslutsordning","status":"publish","type":"post","link":"http:\/\/www.susannavaris.com\/blogg\/2013\/02\/bisarr-beslutsordning\/","title":{"rendered":"Bisarr beslutsordning"},"content":{"rendered":"<p style=\"text-align: center;\"><a href=\"http:\/\/www.susannavaris.com\/blogg\/wp-content\/uploads\/2013\/02\/nattmangelCOP15_sxe045fa.jpg\"><img loading=\"lazy\" decoding=\"async\" class=\"aligncenter size-full wp-image-8857\" alt=\"WEB_UTRIKES\" src=\"http:\/\/www.susannavaris.com\/blogg\/wp-content\/uploads\/2013\/02\/nattmangelCOP15_sxe045fa.jpg\" width=\"522\" height=\"268\" srcset=\"http:\/\/www.susannavaris.com\/blogg\/wp-content\/uploads\/2013\/02\/nattmangelCOP15_sxe045fa.jpg 522w, http:\/\/www.susannavaris.com\/blogg\/wp-content\/uploads\/2013\/02\/nattmangelCOP15_sxe045fa-300x154.jpg 300w\" sizes=\"auto, (max-width: 522px) 100vw, 522px\" \/><\/a><em>\u00a0&#8221;V\u00e4rldens toppolitiker nattmanglar sista dagen av FN:s klimattoppm\u00f6te i K\u00f6penhamn. Foto: Henrik Montgomery\/Scanpix&#8221;. Bild och text fr\u00e5n Sida<\/em><\/p>\n<p>Andreas Cervenka skriver i <a href=\"http:\/\/www.svd.se\/naringsliv\/nyheter\/varlden\/kan-vi-lita-pa-somnlosa-ledare_7880064.svd:\/\/\">SvD<\/a>\u00a0idag (tack tidningsbudet f\u00f6r att jag f\u00e5r l\u00e4sa p\u00e5 n\u00e4tet ist\u00e4llet f\u00f6r i pappersformat&#8230;) en intressant artikel om s\u00f6mnbrist och fattandet av stora beslut p\u00e5 h\u00f6g niv\u00e5. Det skulle onekligen kunna f\u00f6rklara en del. S\u00f6mnbrist och utn\u00f6tning \u00e4r ju v\u00e4l bepr\u00f6vade knep n\u00e4r det g\u00e4ller f\u00f6rhandlingar. Man startar efter lunch, helst p\u00e5 fredag f\u00f6re en helg och intar positionen &#8221;orubblig&#8221;. \u00c4r inte motst\u00e5ndaren m\u00f6r vid nio p\u00e5 kv\u00e4llen, n\u00e4r den gl\u00f6mt att medta mast\u00e4ck och n\u00e4r den \u00e4kta h\u00e4lften och barnen trummar med fingrarna d\u00e4rhemma f\u00f6r att man ska \u00e5ka iv\u00e4g p\u00e5 weekend-trippen s\u00e5 kan man alltid v\u00e4nta till 12 p\u00e5 natten eller till morgonen, som man tydligen pl\u00e4gar i de sammanhang som Cervenka beskriver. Detta leder f\u00f6rst\u00e5s till allt det som Cervenka beskriver och fr\u00e5gan som infinner sig \u00e4r givetvis: ska vi verkligen ha det p\u00e5 detta viset?<\/p>\n","protected":false},"excerpt":{"rendered":"<p>\u00a0&#8221;V\u00e4rldens toppolitiker nattmanglar sista dagen av FN:s klimattoppm\u00f6te i K\u00f6penhamn. Foto: Henrik Montgomery\/Scanpix&#8221;. Bild och text fr\u00e5n Sida Andreas Cervenka skriver i SvD\u00a0idag (tack tidningsbudet f\u00f6r att jag f\u00e5r l\u00e4sa p\u00e5 n\u00e4tet ist\u00e4llet f\u00f6r i pappersformat&#8230;) en intressant artikel om &hellip; <a href=\"http:\/\/www.susannavaris.com\/blogg\/2013\/02\/bisarr-beslutsordning\/\">Forts\u00e4tt l\u00e4sa <span class=\"meta-nav\">&rarr;<\/span><\/a><\/p>\n","protected":false},"author":1,"featured_media":0,"comment_status":"open","ping_status":"open","sticky":false,"template":"","format":"standard","meta":{"footnotes":""},"categories":[589,1,590],"tags":[572,2665,504],"class_list":["post-8856","post","type-post","status-publish","format-standard","hentry","category-medier","category-okategoriserade","category-politik","tag-andreas-cervenka","tag-nattmangel","tag-svd"],"_links":{"self":[{"href":"http:\/\/www.susannavaris.com\/blogg\/wp-json\/wp\/v2\/posts\/8856","targetHints":{"allow":["GET"]}}],"collection":[{"href":"http:\/\/www.susannavaris.com\/blogg\/wp-json\/wp\/v2\/posts"}],"about":[{"href":"http:\/\/www.susannavaris.com\/blogg\/wp-json\/wp\/v2\/types\/post"}],"author":[{"embeddable":true,"href":"http:\/\/www.susannavaris.com\/blogg\/wp-json\/wp\/v2\/users\/1"}],"replies":[{"embeddable":true,"href":"http:\/\/www.susannavaris.com\/blogg\/wp-json\/wp\/v2\/comments?post=8856"}],"version-history":[{"count":1,"href":"http:\/\/www.susannavaris.com\/blogg\/wp-json\/wp\/v2\/posts\/8856\/revisions"}],"predecessor-version":[{"id":8858,"href":"http:\/\/www.susannavaris.com\/blogg\/wp-json\/wp\/v2\/posts\/8856\/revisions\/8858"}],"wp:attachment":[{"href":"http:\/\/www.susannavaris.com\/blogg\/wp-json\/wp\/v2\/media?parent=8856"}],"wp:term":[{"taxonomy":"category","embeddable":true,"href":"http:\/\/www.susannavaris.com\/blogg\/wp-json\/wp\/v2\/categories?post=8856"},{"taxonomy":"post_tag","embeddable":true,"href":"http:\/\/www.susannavaris.com\/blogg\/wp-json\/wp\/v2\/tags?post=8856"}],"curies":[{"name":"wp","href":"https:\/\/api.w.org\/{rel}","templated":true}]}}