{"id":8859,"date":"2013-02-03T16:10:11","date_gmt":"2013-02-03T15:10:11","guid":{"rendered":"http:\/\/www.susannavaris.com\/blogg\/?p=8859"},"modified":"2013-02-03T22:44:07","modified_gmt":"2013-02-03T21:44:07","slug":"vildsvinsgryta","status":"publish","type":"post","link":"http:\/\/www.susannavaris.com\/blogg\/2013\/02\/vildsvinsgryta\/","title":{"rendered":"Vildsvinsgryta"},"content":{"rendered":"<p>Jag k\u00e4nner mig matt i kroppen, som om influensan som jag nyss genomled inte riktigt har sl\u00e4ppt greppet. S\u00e5 trots str\u00e5lande vackert v\u00e4der ute har det blivit en innedag f\u00f6r mig. Till lunch \u00e5t vi en ypperlig vildsvinsgryta:<\/p>\n<p><a href=\"http:\/\/www.susannavaris.com\/blogg\/wp-content\/uploads\/2013\/02\/DSC_0636-50.jpg\"><img loading=\"lazy\" decoding=\"async\" class=\"aligncenter size-full wp-image-8860\" alt=\"DSC_0636-50\" src=\"http:\/\/www.susannavaris.com\/blogg\/wp-content\/uploads\/2013\/02\/DSC_0636-50.jpg\" width=\"2304\" height=\"1536\" srcset=\"http:\/\/www.susannavaris.com\/blogg\/wp-content\/uploads\/2013\/02\/DSC_0636-50.jpg 2304w, http:\/\/www.susannavaris.com\/blogg\/wp-content\/uploads\/2013\/02\/DSC_0636-50-300x200.jpg 300w, http:\/\/www.susannavaris.com\/blogg\/wp-content\/uploads\/2013\/02\/DSC_0636-50-1024x682.jpg 1024w\" sizes=\"auto, (max-width: 2304px) 100vw, 2304px\" \/><\/a>\u00a0K\u00f6ksm\u00e4stare Uffe har komponerat denna h\u00e4rlighet och k\u00f6ttet i grytan \u00e4r vildsvinsfil\u00e9 (lite f\u00f6r bra bit f\u00f6r gryta, men det var det enda som fanns nere i gallerian hos\u00a0<a href=\"http:\/\/www.lunagallerian.se\/2\/1.0.2.0\/17\/1\/?item=cont_cont-s2\/3:\/\/\">Carlssons k\u00f6tt<\/a>). I grytan ing\u00e5r:<\/p>\n<p>\u00bd vildsvinsfil\u00e9<\/p>\n<p>6 dl matlagningsgr\u00e4dde<\/p>\n<p>ca 100 gr trattkantareller<\/p>\n<p>ca 150 &#8211; 200 gr champinjoner<\/p>\n<p>1 gul paprika<\/p>\n<p>1 p\u00e5se (7-8) charlottenl\u00f6k<\/p>\n<p>3 klyftor vitl\u00f6k<\/p>\n<p>enb\u00e4r (det slank i en hel burk, men det r\u00e4cker s\u00e4kert med \u00bd burk)<\/p>\n<p>K\u00f6ttet sk\u00e4rs i bitar (efter att hinnor tagits bort) och bryns l\u00e4tt i panna (endast en kort stund, vildsvinsk\u00f6tt \u00e4r ganska magert och kan l\u00e4tt bli torrt). K\u00f6ttet b\u00f6r helst brynas endast p\u00e5 ytan och l\u00e4mnas r\u00f6tt inuti, detta ger saftigare resultat.<\/p>\n<p>Fr\u00e4s gr\u00f6nsaker och svamp i en annan gryta, h\u00e4ll p\u00e5 gr\u00e4dde och tills\u00e4tt k\u00f6ttet och enb\u00e4ren. Sjud grytan i 40 &#8211; 45 minuter. Klart! Men g\u00f6r grytan med f\u00f6rdel en eller ett par dagar f\u00f6re servering, alla grytor blir extra goda av att st\u00e5 till sig. Servera med b\u00e4rgel\u00e9 och klyftpotatis.<\/p>\n<p><a href=\"http:\/\/www.susannavaris.com\/blogg\/wp-content\/uploads\/2013\/02\/800px-Sus_scrofa_1_-_Otter_Owl_and_Wildlife_Park.jpg\"><img loading=\"lazy\" decoding=\"async\" class=\"aligncenter size-full wp-image-8861\" alt=\"800px-Sus_scrofa_1_-_Otter,_Owl,_and_Wildlife_Park\" src=\"http:\/\/www.susannavaris.com\/blogg\/wp-content\/uploads\/2013\/02\/800px-Sus_scrofa_1_-_Otter_Owl_and_Wildlife_Park.jpg\" width=\"800\" height=\"546\" srcset=\"http:\/\/www.susannavaris.com\/blogg\/wp-content\/uploads\/2013\/02\/800px-Sus_scrofa_1_-_Otter_Owl_and_Wildlife_Park.jpg 800w, http:\/\/www.susannavaris.com\/blogg\/wp-content\/uploads\/2013\/02\/800px-Sus_scrofa_1_-_Otter_Owl_and_Wildlife_Park-300x204.jpg 300w\" sizes=\"auto, (max-width: 800px) 100vw, 800px\" \/><\/a><\/p>\n<p style=\"text-align: center;\"><em>Vildsvin, sus scrofa.<\/em><\/p>\n<p>\u00c4t mera vildsvinsk\u00f6tt, gott folk! Vildsvin finns i \u00f6verskott och orsakar allehanda problem f\u00f6r lantbrukarna. Det h\u00e4r k\u00f6ttet kommer fr\u00e5n en bonde i trakten som f\u00f6der upp vildsvin (en sport som l\u00e5ter som f\u00f6renat med livsfara) och s\u00e4ljer av k\u00f6tt fr\u00e5n de djur som inte lyckats rymma, men jag hoppas att vi med tiden kan f\u00e5 j\u00e4gark\u00e5ren att rikta b\u00f6ssorna mera \u00e5t svinens h\u00e5ll och f\u00e5 folk att b\u00f6rja k\u00f6pa k\u00f6ttet. Mera naturligt k\u00f6tt fr\u00e5n gladare grisar g\u00e5r nog inte att f\u00e5.<\/p>\n","protected":false},"excerpt":{"rendered":"<p>Jag k\u00e4nner mig matt i kroppen, som om influensan som jag nyss genomled inte riktigt har sl\u00e4ppt greppet. S\u00e5 trots str\u00e5lande vackert v\u00e4der ute har det blivit en innedag f\u00f6r mig. Till lunch \u00e5t vi en ypperlig vildsvinsgryta: \u00a0K\u00f6ksm\u00e4stare Uffe &hellip; <a href=\"http:\/\/www.susannavaris.com\/blogg\/2013\/02\/vildsvinsgryta\/\">Forts\u00e4tt l\u00e4sa <span class=\"meta-nav\">&rarr;<\/span><\/a><\/p>\n","protected":false},"author":1,"featured_media":0,"comment_status":"open","ping_status":"open","sticky":false,"template":"","format":"standard","meta":{"footnotes":""},"categories":[1162,1],"tags":[2668,2666,2667,2669],"class_list":["post-8859","post","type-post","status-publish","format-standard","hentry","category-kultur","category-okategoriserade","tag-recept","tag-vildsvin","tag-vildsvinsgryta","tag-vilt"],"_links":{"self":[{"href":"http:\/\/www.susannavaris.com\/blogg\/wp-json\/wp\/v2\/posts\/8859","targetHints":{"allow":["GET"]}}],"collection":[{"href":"http:\/\/www.susannavaris.com\/blogg\/wp-json\/wp\/v2\/posts"}],"about":[{"href":"http:\/\/www.susannavaris.com\/blogg\/wp-json\/wp\/v2\/types\/post"}],"author":[{"embeddable":true,"href":"http:\/\/www.susannavaris.com\/blogg\/wp-json\/wp\/v2\/users\/1"}],"replies":[{"embeddable":true,"href":"http:\/\/www.susannavaris.com\/blogg\/wp-json\/wp\/v2\/comments?post=8859"}],"version-history":[{"count":4,"href":"http:\/\/www.susannavaris.com\/blogg\/wp-json\/wp\/v2\/posts\/8859\/revisions"}],"predecessor-version":[{"id":8864,"href":"http:\/\/www.susannavaris.com\/blogg\/wp-json\/wp\/v2\/posts\/8859\/revisions\/8864"}],"wp:attachment":[{"href":"http:\/\/www.susannavaris.com\/blogg\/wp-json\/wp\/v2\/media?parent=8859"}],"wp:term":[{"taxonomy":"category","embeddable":true,"href":"http:\/\/www.susannavaris.com\/blogg\/wp-json\/wp\/v2\/categories?post=8859"},{"taxonomy":"post_tag","embeddable":true,"href":"http:\/\/www.susannavaris.com\/blogg\/wp-json\/wp\/v2\/tags?post=8859"}],"curies":[{"name":"wp","href":"https:\/\/api.w.org\/{rel}","templated":true}]}}