{"id":8930,"date":"2013-02-06T14:00:09","date_gmt":"2013-02-06T13:00:09","guid":{"rendered":"http:\/\/www.susannavaris.com\/blogg\/?p=8930"},"modified":"2013-02-07T10:47:37","modified_gmt":"2013-02-07T09:47:37","slug":"uppdrag-granskning-om-nathat","status":"publish","type":"post","link":"http:\/\/www.susannavaris.com\/blogg\/2013\/02\/uppdrag-granskning-om-nathat\/","title":{"rendered":"Uppdrag granskning om n\u00e4that"},"content":{"rendered":"<p style=\"text-align: center;\"><a href=\"http:\/\/www.susannavaris.com\/blogg\/wp-content\/uploads\/2013\/02\/hat01.jpg\"><img loading=\"lazy\" decoding=\"async\" class=\"aligncenter size-full wp-image-8931\" alt=\"hat01\" src=\"http:\/\/www.susannavaris.com\/blogg\/wp-content\/uploads\/2013\/02\/hat01.jpg\" width=\"655\" height=\"641\" srcset=\"http:\/\/www.susannavaris.com\/blogg\/wp-content\/uploads\/2013\/02\/hat01.jpg 655w, http:\/\/www.susannavaris.com\/blogg\/wp-content\/uploads\/2013\/02\/hat01-300x293.jpg 300w\" sizes=\"auto, (max-width: 655px) 100vw, 655px\" \/><\/a>\u00a0<em>Faksimil fr\u00e5n\u00a0<a href=\"http:\/\/www.svt.se\/ug\/jag-tror-inte-hon-bryr-sig-sa-mycket\">Uppdrag Gransking p\u00e5 SVT<\/a><\/em><\/p>\n<p style=\"text-align: left;\">S\u00e5 var det d\u00e5 dags f\u00f6r en ny v\u00e4nda i n\u00e4thatsdebatten, den som startade efter att den norske massm\u00f6rdaren beg\u00e5tt sina g\u00e4rningar och varefter liberala debatt\u00f6rer, h\u00f6gerpolitiker, seri\u00f6sa bloggare&#8230;ja, alla man s\u00e4rskilt inte tyckte om i ett flertal artiklar (skrivna av bl an Maria Sveland) buntades ihop med galningar som skriver hatmejl och med Breivik.<\/p>\n<p style=\"text-align: left;\">F\u00f6rst och fr\u00e4mst, det slags kommentarer som de portr\u00e4tterade kvinnorna f\u00e5tt utst\u00e5 \u00e4r fullkomligt f\u00f6rkastliga och n\u00e4r det kommer till de direkta hoten ska det anm\u00e4las. S\u00e5dant \u00e4r inte acceptabelt.<\/p>\n<p style=\"text-align: left;\">Uppdrag Granskning framst\u00e4ller saken som att det handlar om att kvinnor i allm\u00e4nhet uts\u00e4tts f\u00f6r hat och hot &#8221;n\u00e4r de v\u00e5gar ta plats&#8221;. I den numera g\u00e5ngbara diskursen handlar det om ett allm\u00e4nt kvinnohat och att det \u00e4r m\u00e4n som hatar. M\u00e4n, s\u00e5d\u00e4r rent allm\u00e4nt.<\/p>\n<p style=\"text-align: left;\">Det finns s\u00e4kert galningar som skriver till offentliga personer, m\u00e5nga av de uppl\u00e4sta mejlen och kommentarerna tyder p\u00e5 individer med inte helt och fullt balanserade psyken. Annat i &#8221;trailern&#8221; l\u00e5ter som kommentarer skrivna av ungdomar. Men i Uppdrag Gransknings framst\u00e4llning \u00e4r det &#8221;m\u00e4n&#8221; som hatar &#8221;kvinnor&#8221;.<\/p>\n<p style=\"text-align: left;\">M\u00e5nga av de skribenter och mediapersonligheter som f\u00f6rekommer i inslaget har uttryckt radikala \u00e5sikter och drivit en feministisk diskurs d\u00e4r m\u00e4n inte alltf\u00f6r s\u00e4llan kollektivt beskrivs i mycket negativa ordalag och anklagas kollektivt f\u00f6r olika f\u00f6reteelser. Det borde med andra ord inte komma som n\u00e5gon \u00f6verraskning att s\u00e5dant kan v\u00e4cka reaktioner.<\/p>\n<p style=\"text-align: left;\">My Vingren skriver i\u00a0<a href=\"http:\/\/www.genusfolket.se\/samhalle\/nar-mans-fettforakt-far-juridiska-konsekvenser\">denna<\/a>\u00a0artikel:<\/p>\n<blockquote><p>&#8221;Gissa vad de kom fram till?\u00a0Att m\u00e4n \u00e4r svin.<\/p>\n<p>(\u00c5h, mer herregud, gruppen m\u00e4n generellt, whatever, kom igen, var inte s\u00e5 k\u00e4nslig).&#8221;<\/p><\/blockquote>\n<p>\u00c5sa Linderborg skriver ofta med en radikal agenda tillh\u00f6rande ytterv\u00e4nstern, Maria Sveland var en av de fr\u00e4msta att klumpa ihop alla sina meningsmotst\u00e5ndare med Breivik, Andrea Edwards anv\u00e4nde sig av h\u00e4rskartekniker mot P\u00e4r Str\u00f6m i programmet Debatt, d\u00e4r Turteaterns upps\u00e4ttning av det minst sagt hatsp\u00e4ckade SCUM-manifestet och st\u00e4llde Str\u00f6m till svars f\u00f6r varf\u00f6r &#8221;m\u00e4n \u00e4r s\u00e5 v\u00e5ldsamma&#8221; osv.<\/p>\n<p>Maria Sveland skrev bland annat:<\/p>\n<blockquote><p>&#8221;Just hatet mot det s\u00e5 kallat politiskt korrekta, eller kulturmarxismen, \u00e4r ett genomg\u00e5ende tema bland antifeministiska bloggare som P\u00e4r Str\u00f6m och Pelle Billing. I deras v\u00e4rld r\u00e5der en stats- och medie\u00adfeminism som ut\u00f6var en hegemonisk kontroll \u00f6ver \u00e5sikter och v\u00e4rderingar. Och eftersom gr\u00e4nserna l\u00e5ngsamt f\u00f6rskjutits kallar ingen P\u00e4r Str\u00f6m eller Pelle Billing f\u00f6r de extremister de faktiskt \u00e4r, tv\u00e4rtom bjuds de in till tv-soffor och debatter och erbjuds utrymme p\u00e5 olika forum.&#8221;<\/p><\/blockquote>\n<p>En person som har beretts 5 &#8211; 6 helsidor i landets st\u00f6rsta morgontidning tycker allts\u00e5 att bloggare som dristar sig till att kritisera feminismen \u00e4r extremister och ska inte bjudas in i media.<\/p>\n<p>Om Anna-Klara Bratt och hur hatet mot feminister omvandlades till kvinnohat i retoriken skrev jag om\u00a0<a href=\"http:\/\/www.susannavaris.com\/blogg\/2012\/02\/feminismen-far-inte-kritiseras\/http:\/\/\">h\u00e4r<\/a>.<\/p>\n<p>En bra artikel p\u00e5 samma tema finns hos\u00a0<a href=\"http:\/\/kimhzabremersbodega.wordpress.com\/2013\/02\/06\/uppdrag-gransknings-paannons-om-mannens-hat-pa-natet\/http:\/\/\">Kimhza Bremer<\/a>.<\/p>\n<p>&#8211; : &#8211; : &#8211; : &#8211;<\/p>\n<p>En n\u00e5got f\u00f6rvirrad artikel av en av Kristin Lundell i dagens SvD finns\u00a0<a href=\"http:\/\/www.svd.se\/kultur\/kvinnohatet-bubblar-upp_7891790.svd\">h\u00e4r<\/a>.<\/p>\n<p>En politiker som argumenterat f\u00f6r att sexk\u00f6p ska vara till\u00e5tet vill skribenten inte se i sitt dr\u00f6msamh\u00e4lle. Menar hon att hon inte vill att hennes guddotter v\u00e4xer upp i ett samh\u00e4lle d\u00e4r \u00e5sikter som hon inte delar uttrycks? F\u00f6r \u00f6vrigt best\u00e5r dokumentationen av kvinnohatet i samh\u00e4llet i de makeovers som deltagarna i Top Model g\u00e5r igenom i b\u00f6rjan av s\u00e4songerna.<\/p>\n<p>&nbsp;<\/p>\n","protected":false},"excerpt":{"rendered":"<p>\u00a0Faksimil fr\u00e5n\u00a0Uppdrag Gransking p\u00e5 SVT S\u00e5 var det d\u00e5 dags f\u00f6r en ny v\u00e4nda i n\u00e4thatsdebatten, den som startade efter att den norske massm\u00f6rdaren beg\u00e5tt sina g\u00e4rningar och varefter liberala debatt\u00f6rer, h\u00f6gerpolitiker, seri\u00f6sa bloggare&#8230;ja, alla man s\u00e4rskilt inte tyckte om &hellip; <a href=\"http:\/\/www.susannavaris.com\/blogg\/2013\/02\/uppdrag-granskning-om-nathat\/\">Forts\u00e4tt l\u00e4sa <span class=\"meta-nav\">&rarr;<\/span><\/a><\/p>\n","protected":false},"author":1,"featured_media":0,"comment_status":"open","ping_status":"open","sticky":false,"template":"","format":"standard","meta":{"footnotes":""},"categories":[181,259,1321,1162,589,1,590],"tags":[939,2437,1607,2690,2687,1285,2689,585,2688],"class_list":["post-8930","post","type-post","status-publish","format-standard","hentry","category-feminism","category-genusvetenskap","category-jamstalldhet","category-kultur","category-medier","category-okategoriserade","category-politik","tag-andrea-edwards","tag-anna-klara-bratt","tag-hat","tag-kristin-lundell","tag-kvinnohat","tag-maria-sveland","tag-my-vingren","tag-nathat","tag-uppdrag-granskning"],"_links":{"self":[{"href":"http:\/\/www.susannavaris.com\/blogg\/wp-json\/wp\/v2\/posts\/8930","targetHints":{"allow":["GET"]}}],"collection":[{"href":"http:\/\/www.susannavaris.com\/blogg\/wp-json\/wp\/v2\/posts"}],"about":[{"href":"http:\/\/www.susannavaris.com\/blogg\/wp-json\/wp\/v2\/types\/post"}],"author":[{"embeddable":true,"href":"http:\/\/www.susannavaris.com\/blogg\/wp-json\/wp\/v2\/users\/1"}],"replies":[{"embeddable":true,"href":"http:\/\/www.susannavaris.com\/blogg\/wp-json\/wp\/v2\/comments?post=8930"}],"version-history":[{"count":8,"href":"http:\/\/www.susannavaris.com\/blogg\/wp-json\/wp\/v2\/posts\/8930\/revisions"}],"predecessor-version":[{"id":8947,"href":"http:\/\/www.susannavaris.com\/blogg\/wp-json\/wp\/v2\/posts\/8930\/revisions\/8947"}],"wp:attachment":[{"href":"http:\/\/www.susannavaris.com\/blogg\/wp-json\/wp\/v2\/media?parent=8930"}],"wp:term":[{"taxonomy":"category","embeddable":true,"href":"http:\/\/www.susannavaris.com\/blogg\/wp-json\/wp\/v2\/categories?post=8930"},{"taxonomy":"post_tag","embeddable":true,"href":"http:\/\/www.susannavaris.com\/blogg\/wp-json\/wp\/v2\/tags?post=8930"}],"curies":[{"name":"wp","href":"https:\/\/api.w.org\/{rel}","templated":true}]}}