{"id":8948,"date":"2013-02-07T11:18:37","date_gmt":"2013-02-07T10:18:37","guid":{"rendered":"http:\/\/www.susannavaris.com\/blogg\/?p=8948"},"modified":"2013-02-07T11:18:37","modified_gmt":"2013-02-07T10:18:37","slug":"asa-beckman-i-dn-om-nathatet","status":"publish","type":"post","link":"http:\/\/www.susannavaris.com\/blogg\/2013\/02\/asa-beckman-i-dn-om-nathatet\/","title":{"rendered":"\u00c5sa Beckman i DN om n\u00e4thatet"},"content":{"rendered":"<p style=\"text-align: center;\"><a href=\"http:\/\/www.susannavaris.com\/blogg\/wp-content\/uploads\/2013\/02\/AsaBeckman-P.jpg\"><img loading=\"lazy\" decoding=\"async\" class=\"aligncenter size-full wp-image-8949\" alt=\"DN kulturpris - Cecilia Bodstr\u009am, SR, \u0081sa Beckman, DN och Helena Olsson, SR.\" src=\"http:\/\/www.susannavaris.com\/blogg\/wp-content\/uploads\/2013\/02\/AsaBeckman-P.jpg\" width=\"400\" height=\"600\" srcset=\"http:\/\/www.susannavaris.com\/blogg\/wp-content\/uploads\/2013\/02\/AsaBeckman-P.jpg 400w, http:\/\/www.susannavaris.com\/blogg\/wp-content\/uploads\/2013\/02\/AsaBeckman-P-200x300.jpg 200w\" sizes=\"auto, (max-width: 400px) 100vw, 400px\" \/><\/a>\u00a0<em>\u00c5sa Beckman. Bild fr\u00e5n Resum\u00e9<\/em><\/p>\n<p>\u00c5sa Beckman skriver i dagens DN en\u00a0<a href=\"http:\/\/www.dn.se\/kultur-noje\/asa-beckman-de-som-hatar-minsta-asynen-av-kvinnor-kommer-att-fa-allt-fler-att-ha\">kommentar<\/a>\u00a0till programmet Uppdrag granskning om n\u00e4that (mot kvinnor) ig\u00e5r.<\/p>\n<blockquote><p><strong>&#8221;P\u00e5 ett sakligt<\/strong>\u00a0och sammanbitet s\u00e4tt visade \u201dUppdrag granskning\u201d hur hatet \u00e4ter sig in i de utsatta. Dessa p\u00e5 m\u00e5nga s\u00e4tt starka kvinnor hanterar hoten p\u00e5 liknande s\u00e4tt. Man v\u00e4nder och vrider p\u00e5 det. K\u00e4nner sig f\u00e5nig. Vet inte om man p\u00e5 n\u00e5got s\u00e4tt \u00e4nd\u00e5 \u00e4r medskyldig. Man \u00e4r ju klok och f\u00f6rst\u00e5r att det finns maktl\u00f6sa m\u00e4n d\u00e4rute som k\u00e4nner att de f\u00f6rlorat allt \u2013 arbete, status, pengar, ibland kvinnor, barn \u2013 som nu f\u00f6rs\u00f6ker \u00e5terta makten, framf\u00f6r datorn.&#8221;<\/p><\/blockquote>\n<p>Fienden \u00e4r identifierad: arbetsl\u00f6s, skild, heterosexuell man (underf\u00f6rst\u00e5tt medel\u00e5lders, vit och en looser). Beskrivningen kommer fr\u00e5n Andrea Edwards i programmet.<\/p>\n<blockquote><p>&#8221;\u00c4nd\u00e5 \u00e4r de h\u00e4r kvinnorna uppbackade av redaktioner och s\u00e4kerhetsavdelningar. Det \u00e4r d\u00e4rf\u00f6r intervjun med 21-\u00e5riga Julia blev extra stark. En vanlig tjej som p\u00e5 H&amp;M:s Facebooksida undrade hur kl\u00e4dkedjan kunde s\u00e4lja en tr\u00f6ja med sexualbrottsd\u00f6mde hip-hopparen Tupac som motiv. Inom ett dygn f\u00e5r hon 2.800 kommentarer om hur hon ska v\u00e5ldtas, stenas och m\u00f6rdas, hennes adress l\u00e4ggs ut.&#8221;<\/p><\/blockquote>\n<p>Offret, en ung tjej som reagerar p\u00e5 &#8221;or\u00e4ttvisor&#8221;, \u00e4r identifierat. Men v\u00e4nta nu&#8230;\u00e4r det verkligen medel\u00e5lders, skilda m\u00e4n som s\u00e4tter sig och drar ig\u00e5ng ett drev efter en kommentar p\u00e5 HM:s hemsida?<\/p>\n<p>Beckman skriver sexualbrottsd\u00f6mde, tjejen i fr\u00e5ga skrev v\u00e5ldt\u00e4ktsd\u00f6mde. Tupac Shakur har inte d\u00f6mts f\u00f6r v\u00e5ldt\u00e4kt. Mer om detta p\u00e5 bloggen\u00a0<a href=\"http:\/\/aktivarum.wordpress.com\/2013\/02\/07\/aktivarum-chattade-med-uppdrag-gransknings-reporter-om-nathatet\">Aktivarum<\/a>.<\/p>\n","protected":false},"excerpt":{"rendered":"<p>\u00a0\u00c5sa Beckman. Bild fr\u00e5n Resum\u00e9 \u00c5sa Beckman skriver i dagens DN en\u00a0kommentar\u00a0till programmet Uppdrag granskning om n\u00e4that (mot kvinnor) ig\u00e5r. &#8221;P\u00e5 ett sakligt\u00a0och sammanbitet s\u00e4tt visade \u201dUppdrag granskning\u201d hur hatet \u00e4ter sig in i de utsatta. Dessa p\u00e5 m\u00e5nga s\u00e4tt &hellip; <a href=\"http:\/\/www.susannavaris.com\/blogg\/2013\/02\/asa-beckman-i-dn-om-nathatet\/\">Forts\u00e4tt l\u00e4sa <span class=\"meta-nav\">&rarr;<\/span><\/a><\/p>\n","protected":false},"author":1,"featured_media":0,"comment_status":"open","ping_status":"open","sticky":false,"template":"","format":"standard","meta":{"footnotes":""},"categories":[181,259,1321,1928,1162,589,1,590],"tags":[2697,175,2687,585],"class_list":["post-8948","post","type-post","status-publish","format-standard","hentry","category-feminism","category-genusvetenskap","category-jamstalldhet","category-journalistik","category-kultur","category-medier","category-okategoriserade","category-politik","tag-asa-beckman","tag-dn","tag-kvinnohat","tag-nathat"],"_links":{"self":[{"href":"http:\/\/www.susannavaris.com\/blogg\/wp-json\/wp\/v2\/posts\/8948","targetHints":{"allow":["GET"]}}],"collection":[{"href":"http:\/\/www.susannavaris.com\/blogg\/wp-json\/wp\/v2\/posts"}],"about":[{"href":"http:\/\/www.susannavaris.com\/blogg\/wp-json\/wp\/v2\/types\/post"}],"author":[{"embeddable":true,"href":"http:\/\/www.susannavaris.com\/blogg\/wp-json\/wp\/v2\/users\/1"}],"replies":[{"embeddable":true,"href":"http:\/\/www.susannavaris.com\/blogg\/wp-json\/wp\/v2\/comments?post=8948"}],"version-history":[{"count":1,"href":"http:\/\/www.susannavaris.com\/blogg\/wp-json\/wp\/v2\/posts\/8948\/revisions"}],"predecessor-version":[{"id":8950,"href":"http:\/\/www.susannavaris.com\/blogg\/wp-json\/wp\/v2\/posts\/8948\/revisions\/8950"}],"wp:attachment":[{"href":"http:\/\/www.susannavaris.com\/blogg\/wp-json\/wp\/v2\/media?parent=8948"}],"wp:term":[{"taxonomy":"category","embeddable":true,"href":"http:\/\/www.susannavaris.com\/blogg\/wp-json\/wp\/v2\/categories?post=8948"},{"taxonomy":"post_tag","embeddable":true,"href":"http:\/\/www.susannavaris.com\/blogg\/wp-json\/wp\/v2\/tags?post=8948"}],"curies":[{"name":"wp","href":"https:\/\/api.w.org\/{rel}","templated":true}]}}