{"id":8954,"date":"2013-02-07T23:35:35","date_gmt":"2013-02-07T22:35:35","guid":{"rendered":"http:\/\/www.susannavaris.com\/blogg\/?p=8954"},"modified":"2013-02-07T23:35:35","modified_gmt":"2013-02-07T22:35:35","slug":"jonas-gardell-forklarar-vad-nathat-ar","status":"publish","type":"post","link":"http:\/\/www.susannavaris.com\/blogg\/2013\/02\/jonas-gardell-forklarar-vad-nathat-ar\/","title":{"rendered":"Jonas Gardell f\u00f6rklarar vad n\u00e4that \u00e4r"},"content":{"rendered":"<p><a href=\"http:\/\/www.susannavaris.com\/blogg\/wp-content\/uploads\/2013\/02\/gardell.jpg\"><img loading=\"lazy\" decoding=\"async\" class=\"aligncenter size-full wp-image-8955\" alt=\"gardell\" src=\"http:\/\/www.susannavaris.com\/blogg\/wp-content\/uploads\/2013\/02\/gardell.jpg\" width=\"567\" height=\"170\" srcset=\"http:\/\/www.susannavaris.com\/blogg\/wp-content\/uploads\/2013\/02\/gardell.jpg 567w, http:\/\/www.susannavaris.com\/blogg\/wp-content\/uploads\/2013\/02\/gardell-300x89.jpg 300w\" sizes=\"auto, (max-width: 567px) 100vw, 567px\" \/><\/a><\/p>\n<p>Vad bra. Nu beh\u00f6ver ingen l\u00e4ngre undra. Det handlar varken om individer eller n\u00e5got annat \u00e4n struktuuurer.<\/p>\n","protected":false},"excerpt":{"rendered":"<p>Vad bra. Nu beh\u00f6ver ingen l\u00e4ngre undra. Det handlar varken om individer eller n\u00e5got annat \u00e4n struktuuurer.<\/p>\n","protected":false},"author":1,"featured_media":0,"comment_status":"open","ping_status":"open","sticky":false,"template":"","format":"standard","meta":{"footnotes":""},"categories":[181,259,1321,1162,589,1,590],"tags":[1607,2698,2687,585],"class_list":["post-8954","post","type-post","status-publish","format-standard","hentry","category-feminism","category-genusvetenskap","category-jamstalldhet","category-kultur","category-medier","category-okategoriserade","category-politik","tag-hat","tag-jonas-gardell","tag-kvinnohat","tag-nathat"],"_links":{"self":[{"href":"http:\/\/www.susannavaris.com\/blogg\/wp-json\/wp\/v2\/posts\/8954","targetHints":{"allow":["GET"]}}],"collection":[{"href":"http:\/\/www.susannavaris.com\/blogg\/wp-json\/wp\/v2\/posts"}],"about":[{"href":"http:\/\/www.susannavaris.com\/blogg\/wp-json\/wp\/v2\/types\/post"}],"author":[{"embeddable":true,"href":"http:\/\/www.susannavaris.com\/blogg\/wp-json\/wp\/v2\/users\/1"}],"replies":[{"embeddable":true,"href":"http:\/\/www.susannavaris.com\/blogg\/wp-json\/wp\/v2\/comments?post=8954"}],"version-history":[{"count":1,"href":"http:\/\/www.susannavaris.com\/blogg\/wp-json\/wp\/v2\/posts\/8954\/revisions"}],"predecessor-version":[{"id":8956,"href":"http:\/\/www.susannavaris.com\/blogg\/wp-json\/wp\/v2\/posts\/8954\/revisions\/8956"}],"wp:attachment":[{"href":"http:\/\/www.susannavaris.com\/blogg\/wp-json\/wp\/v2\/media?parent=8954"}],"wp:term":[{"taxonomy":"category","embeddable":true,"href":"http:\/\/www.susannavaris.com\/blogg\/wp-json\/wp\/v2\/categories?post=8954"},{"taxonomy":"post_tag","embeddable":true,"href":"http:\/\/www.susannavaris.com\/blogg\/wp-json\/wp\/v2\/tags?post=8954"}],"curies":[{"name":"wp","href":"https:\/\/api.w.org\/{rel}","templated":true}]}}