{"id":8982,"date":"2013-02-13T22:03:26","date_gmt":"2013-02-13T21:03:26","guid":{"rendered":"http:\/\/www.susannavaris.com\/blogg\/?p=8982"},"modified":"2013-02-13T22:04:38","modified_gmt":"2013-02-13T21:04:38","slug":"digital-doodle-nr-2","status":"publish","type":"post","link":"http:\/\/www.susannavaris.com\/blogg\/2013\/02\/digital-doodle-nr-2\/","title":{"rendered":"Digital doodle nr 2"},"content":{"rendered":"<p>Jag forts\u00e4tter att experimentera med Photoshop och h\u00e4r \u00e4r kv\u00e4llens verk:<\/p>\n<p style=\"text-align: center;\"><a href=\"http:\/\/www.susannavaris.com\/blogg\/wp-content\/uploads\/2013\/02\/thegrave-diffglod-crop-frame-c.jpg\"><img loading=\"lazy\" decoding=\"async\" class=\"aligncenter size-full wp-image-8983\" alt=\"thegrave-diffglod-crop-frame-c\" src=\"http:\/\/www.susannavaris.com\/blogg\/wp-content\/uploads\/2013\/02\/thegrave-diffglod-crop-frame-c.jpg\" width=\"1844\" height=\"1329\" srcset=\"http:\/\/www.susannavaris.com\/blogg\/wp-content\/uploads\/2013\/02\/thegrave-diffglod-crop-frame-c.jpg 1844w, http:\/\/www.susannavaris.com\/blogg\/wp-content\/uploads\/2013\/02\/thegrave-diffglod-crop-frame-c-300x216.jpg 300w, http:\/\/www.susannavaris.com\/blogg\/wp-content\/uploads\/2013\/02\/thegrave-diffglod-crop-frame-c-1024x738.jpg 1024w\" sizes=\"auto, (max-width: 1844px) 100vw, 1844px\" \/><\/a>\u00a0<em>The Grave, digital. 2013. Susanna Varis<\/em><\/p>\n<p style=\"text-align: center;\">Verket \u00e4r j\u00e4ttepersonligt och \u00e4ger kanske ingen sk allm\u00e4ngiltighet, men det \u00e4r mest gjord i \u00f6vnings- och leksyfte. \u00a0Mycket seri\u00f6st tema dock, det \u00e4r jag och min far p\u00e5 bilden. Min far gick bort (tog livet av sig) n\u00e4r jag var 14 \u00e5r. Jag hann bara tr\u00e4ffa honom n\u00e5gra g\u00e5nger innan dess och alla de m\u00f6ten som jag hade planerat skulle \u00e4ga rum n\u00e4r jag var vuxen blev aldrig av.<\/p>\n","protected":false},"excerpt":{"rendered":"<p>Jag forts\u00e4tter att experimentera med Photoshop och h\u00e4r \u00e4r kv\u00e4llens verk: \u00a0The Grave, digital. 2013. Susanna Varis Verket \u00e4r j\u00e4ttepersonligt och \u00e4ger kanske ingen sk allm\u00e4ngiltighet, men det \u00e4r mest gjord i \u00f6vnings- och leksyfte. \u00a0Mycket seri\u00f6st tema dock, det &hellip; <a href=\"http:\/\/www.susannavaris.com\/blogg\/2013\/02\/digital-doodle-nr-2\/\">Forts\u00e4tt l\u00e4sa <span class=\"meta-nav\">&rarr;<\/span><\/a><\/p>\n","protected":false},"author":1,"featured_media":0,"comment_status":"open","ping_status":"open","sticky":false,"template":"","format":"standard","meta":{"footnotes":""},"categories":[7,107,1200,3,1162,415,1,1611],"tags":[416,1891,17,4907,2707],"class_list":["post-8982","post","type-post","status-publish","format-standard","hentry","category-egna-verk","category-finland","category-fran-arkiven","category-konst","category-kultur","category-lowbrow","category-okategoriserade","category-skrackkonst","tag-digital-art","tag-digital-konst","tag-konst-2","tag-lowbrow","tag-the-grave"],"_links":{"self":[{"href":"http:\/\/www.susannavaris.com\/blogg\/wp-json\/wp\/v2\/posts\/8982","targetHints":{"allow":["GET"]}}],"collection":[{"href":"http:\/\/www.susannavaris.com\/blogg\/wp-json\/wp\/v2\/posts"}],"about":[{"href":"http:\/\/www.susannavaris.com\/blogg\/wp-json\/wp\/v2\/types\/post"}],"author":[{"embeddable":true,"href":"http:\/\/www.susannavaris.com\/blogg\/wp-json\/wp\/v2\/users\/1"}],"replies":[{"embeddable":true,"href":"http:\/\/www.susannavaris.com\/blogg\/wp-json\/wp\/v2\/comments?post=8982"}],"version-history":[{"count":2,"href":"http:\/\/www.susannavaris.com\/blogg\/wp-json\/wp\/v2\/posts\/8982\/revisions"}],"predecessor-version":[{"id":8985,"href":"http:\/\/www.susannavaris.com\/blogg\/wp-json\/wp\/v2\/posts\/8982\/revisions\/8985"}],"wp:attachment":[{"href":"http:\/\/www.susannavaris.com\/blogg\/wp-json\/wp\/v2\/media?parent=8982"}],"wp:term":[{"taxonomy":"category","embeddable":true,"href":"http:\/\/www.susannavaris.com\/blogg\/wp-json\/wp\/v2\/categories?post=8982"},{"taxonomy":"post_tag","embeddable":true,"href":"http:\/\/www.susannavaris.com\/blogg\/wp-json\/wp\/v2\/tags?post=8982"}],"curies":[{"name":"wp","href":"https:\/\/api.w.org\/{rel}","templated":true}]}}