{"id":8986,"date":"2013-02-14T00:15:38","date_gmt":"2013-02-13T23:15:38","guid":{"rendered":"http:\/\/www.susannavaris.com\/blogg\/?p=8986"},"modified":"2013-02-14T00:16:42","modified_gmt":"2013-02-13T23:16:42","slug":"bloggen-rankas-ratt-bra","status":"publish","type":"post","link":"http:\/\/www.susannavaris.com\/blogg\/2013\/02\/bloggen-rankas-ratt-bra\/","title":{"rendered":"Bloggen rankas r\u00e4tt bra"},"content":{"rendered":"<p><a href=\"http:\/\/www.susannavaris.com\/blogg\/wp-content\/uploads\/2013\/02\/Namnl\u00f6s.jpg\"><img loading=\"lazy\" decoding=\"async\" class=\"aligncenter size-full wp-image-8987\" alt=\"Namnl\u00f6s\" src=\"http:\/\/www.susannavaris.com\/blogg\/wp-content\/uploads\/2013\/02\/Namnl\u00f6s.jpg\" width=\"746\" height=\"515\" srcset=\"http:\/\/www.susannavaris.com\/blogg\/wp-content\/uploads\/2013\/02\/Namnl\u00f6s.jpg 746w, http:\/\/www.susannavaris.com\/blogg\/wp-content\/uploads\/2013\/02\/Namnl\u00f6s-300x207.jpg 300w\" sizes=\"auto, (max-width: 746px) 100vw, 746px\" \/><\/a><\/p>\n<p>Tack alla l\u00e4sare som bidragit till att min blogg ligger p\u00e5 plats 43 i kategorin <em>politik och samh\u00e4lle<\/em>\u00a0(12045 bloggar i den kategorin) \u00f6ver mest bes\u00f6kta bloggar hos <em>Bloggportalen!\u00a0<\/em><\/p>\n<p>Den ligger dessutom p\u00e5 plats nr 14 i kategorin <em>Vetenskap <\/em>(som jag visserligen inte skriver s\u00e5 ofta om) och p\u00e5 plats 636 i kategorin <em>Alla bloggar<\/em> (privata)(1037834 bloggar i den kategorin). Jag m\u00e5ste s\u00e4ga att det \u00e4r fantastiskt roligt, samtidigt som det \u00e4r lite \u00f6verraskande. Jag visste nog att jag har en stadig och \u00f6kande l\u00e4sekrets, men inte visste jag att bloggen l\u00e5g <em>s\u00e5<\/em> v\u00e4l till! Som sagt, tack alla som l\u00e4ser och f\u00f6ljer!<\/p>\n","protected":false},"excerpt":{"rendered":"<p>Tack alla l\u00e4sare som bidragit till att min blogg ligger p\u00e5 plats 43 i kategorin politik och samh\u00e4lle\u00a0(12045 bloggar i den kategorin) \u00f6ver mest bes\u00f6kta bloggar hos Bloggportalen!\u00a0 Den ligger dessutom p\u00e5 plats nr 14 i kategorin Vetenskap (som jag &hellip; <a href=\"http:\/\/www.susannavaris.com\/blogg\/2013\/02\/bloggen-rankas-ratt-bra\/\">Forts\u00e4tt l\u00e4sa <span class=\"meta-nav\">&rarr;<\/span><\/a><\/p>\n","protected":false},"author":1,"featured_media":0,"comment_status":"open","ping_status":"open","sticky":false,"template":"","format":"standard","meta":{"footnotes":""},"categories":[1162,589,1],"tags":[2709,284,2708],"class_list":["post-8986","post","type-post","status-publish","format-standard","hentry","category-kultur","category-medier","category-okategoriserade","tag-besoksstatistik","tag-blogg","tag-bloggtoppen"],"_links":{"self":[{"href":"http:\/\/www.susannavaris.com\/blogg\/wp-json\/wp\/v2\/posts\/8986","targetHints":{"allow":["GET"]}}],"collection":[{"href":"http:\/\/www.susannavaris.com\/blogg\/wp-json\/wp\/v2\/posts"}],"about":[{"href":"http:\/\/www.susannavaris.com\/blogg\/wp-json\/wp\/v2\/types\/post"}],"author":[{"embeddable":true,"href":"http:\/\/www.susannavaris.com\/blogg\/wp-json\/wp\/v2\/users\/1"}],"replies":[{"embeddable":true,"href":"http:\/\/www.susannavaris.com\/blogg\/wp-json\/wp\/v2\/comments?post=8986"}],"version-history":[{"count":2,"href":"http:\/\/www.susannavaris.com\/blogg\/wp-json\/wp\/v2\/posts\/8986\/revisions"}],"predecessor-version":[{"id":8989,"href":"http:\/\/www.susannavaris.com\/blogg\/wp-json\/wp\/v2\/posts\/8986\/revisions\/8989"}],"wp:attachment":[{"href":"http:\/\/www.susannavaris.com\/blogg\/wp-json\/wp\/v2\/media?parent=8986"}],"wp:term":[{"taxonomy":"category","embeddable":true,"href":"http:\/\/www.susannavaris.com\/blogg\/wp-json\/wp\/v2\/categories?post=8986"},{"taxonomy":"post_tag","embeddable":true,"href":"http:\/\/www.susannavaris.com\/blogg\/wp-json\/wp\/v2\/tags?post=8986"}],"curies":[{"name":"wp","href":"https:\/\/api.w.org\/{rel}","templated":true}]}}