{"id":8997,"date":"2013-02-15T00:54:28","date_gmt":"2013-02-14T23:54:28","guid":{"rendered":"http:\/\/www.susannavaris.com\/blogg\/?p=8997"},"modified":"2013-02-15T01:03:34","modified_gmt":"2013-02-15T00:03:34","slug":"dn-kultur-ar-bortom-raddning","status":"publish","type":"post","link":"http:\/\/www.susannavaris.com\/blogg\/2013\/02\/dn-kultur-ar-bortom-raddning\/","title":{"rendered":"DN Kultur \u00e4r bortom r\u00e4ddning"},"content":{"rendered":"<p><a href=\"http:\/\/www.susannavaris.com\/blogg\/wp-content\/uploads\/2013\/02\/WomanReadingNewspaperDrinkingChocolateShakeWearingTurban1940.jpg\"><img loading=\"lazy\" decoding=\"async\" class=\"aligncenter size-full wp-image-9016\" alt=\"WomanReadingNewspaperDrinkingChocolateShakeWearingTurban1940\" src=\"http:\/\/www.susannavaris.com\/blogg\/wp-content\/uploads\/2013\/02\/WomanReadingNewspaperDrinkingChocolateShakeWearingTurban1940.jpg\" width=\"988\" height=\"1280\" srcset=\"http:\/\/www.susannavaris.com\/blogg\/wp-content\/uploads\/2013\/02\/WomanReadingNewspaperDrinkingChocolateShakeWearingTurban1940.jpg 988w, http:\/\/www.susannavaris.com\/blogg\/wp-content\/uploads\/2013\/02\/WomanReadingNewspaperDrinkingChocolateShakeWearingTurban1940-231x300.jpg 231w, http:\/\/www.susannavaris.com\/blogg\/wp-content\/uploads\/2013\/02\/WomanReadingNewspaperDrinkingChocolateShakeWearingTurban1940-790x1024.jpg 790w\" sizes=\"auto, (max-width: 988px) 100vw, 988px\" \/><\/a><\/p>\n<p>Jag har roat mig med att l\u00e4sa lite tidningar idag igen och den tidigare beskrivna feministiska impregneringen fortg\u00e5r i invanda hjulsp\u00e5r. B\u00e5de\u00a0<a href=\"http:\/\/www.metro.se\/nyheter\/forandringen-gar-alldeles-for-langsamt\/EVHmbm!5tXpYZLWavA3g\/\">Metro<\/a>\u00a0och SvD \u00e5terupprepar den felaktiga uppgiften om att &#8221;kvinnor arbetar gratis efter 15.52&#8221;, som nu f\u00f6rekommit i jippo-form p\u00e5 Sergels Torg. Bortsett fr\u00e5n att j\u00e4mf\u00f6relsen \u00e4r fullst\u00e4ndigt barock, de flesta av oss arbetar &#8221;gratis&#8221; efter valfritt klockslag i j\u00e4mf\u00f6relse med en person med tillr\u00e4ckligt h\u00f6g l\u00f6n, \u00e4r den ocks\u00e5 totalt missvisande, som jag beskrev lite snabbt i det f\u00f6rra <a href=\"http:\/\/www.susannavaris.com\/blogg\/2013\/02\/dagens-feministiska-nyheter\/\">inl\u00e4gget<\/a>\u00a0om dagstidningarnas feministisering.<\/p>\n<p>(F\u00f6rresten, varf\u00f6r talas det inte om kvinnors psykiska misshandel av barn p\u00e5 dagis i <a href=\"http:\/\/www.svd.se\/nyheter\/inrikes\/fler-slutar-efter-barnkrankningar_7906602.svd\">det h\u00e4r<\/a>\u00a0fallet, eller om kvinnors hat mot m\u00e4n i\u00a0<a href=\"http:\/\/www.svd.se\/nyheter\/inrikes\/domda-for-trakasseri-mot-polis_7915554.svd\">det h\u00e4r<\/a>?)<\/p>\n<p>I Svd kultur inleder Kristin Lundell om programmet <em>Fr\u00e5ga Kultureliten<\/em>:<\/p>\n<blockquote><p>&#8221;Kritiken, och s\u00e5gningarna, fr\u00e5n den omgivande kulturv\u00e4rlden l\u00e4t inte v\u00e4nta p\u00e5 sig. \u201dGubbelit\u201d raljerade Expressen, \u201dtr\u00e5kigt\u201d tyckte Aftonbladet.<\/p>\n<p>Kalla mig gubbelitistisk och tr\u00e5kig men jag \u00e4lskar \u201dFr\u00e5ga kultureliten\u201d.&#8221;<\/p><\/blockquote>\n<p>Sedan f\u00f6ljer ett antal sidor av bra och intressant kulturjournalistik och SvD h\u00e5ller fortfarande fanan h\u00f6gt vad g\u00e4ller kvalitativ rapportering om och analys av kultur. Man har dock <a href=\"http:\/\/www.svd.se\/kultur\/litteratur\/karleksstatusen-i-dagens-unga-sverige_7912040.svd\">uppm\u00e4rksammat<\/a>\u00a0tv\u00e5 unga, kvinnliga debutanter aprop\u00e5 alla hj\u00e4rtans dag. En av dem har en huvudperson vars pojkv\u00e4n personen kallar f\u00f6r \u00d6dlan och bedrar av ingen anledning alls:<\/p>\n<blockquote><p><strong>&#8221;Annakarin Thorburns<\/strong>\u00a0huvudperson lever tillsammans med en sn\u00e4ll pojkv\u00e4n som av n\u00e5gon anledning kallas \u00d6dlan. Han \u00e4r omt\u00e4nksam och k\u00e4rleksfull, f\u00f6rh\u00e5llandet borde vara bra, men huvudpersonen dras samtidigt till Lo, en man som hon tr\u00e4ffat p\u00e5 universitetet.<\/p>\n<p>Utan att riktigt veta varf\u00f6r inleder hon ett parallellt f\u00f6rh\u00e5llande med honom, utvecklar ett veritabelt dubbelliv. Det finns n\u00e5got n\u00e4rmast viljel\u00f6st i hela akten: hon l\u00e5ter sig svepas med utan st\u00f6rre reflektion \u00f6ver konsekvenserna. Det g\u00e5r s\u00e5 l\u00e4nge det g\u00e5r, tycks hon resonera, och det g\u00f6r det ju ocks\u00e5. Men inte hur l\u00e4nge som helst.&#8221;<\/p><\/blockquote>\n<p>Till skillnad mot DN Kultur, som antagligen g\u00e5r upp i brygga \u00f6ver en s\u00e5dan h\u00e4r beskrivning av kvinnlig frig\u00f6relse, analyserar man b\u00f6ckerna i mera neutral ton, vilket gl\u00e4der mig.<\/p>\n<p>SvD <a href=\"http:\/\/www.svd.se\/nyheter\/inrikes\/arnholm-lanserar-hen-i-riksdagen_7911126.svd\">rapporterar<\/a>\u00a0ocks\u00e5 i nyhetsdelen om att den nye j\u00e4mst\u00e4lldhetsministern nu har blivit f\u00f6rsta statsr\u00e5d att anv\u00e4nda ordet hen och ett <a href=\"http:\/\/www.svd.se\/nyheter\/utrikes\/lyxbilarna-akte-ut-kvinnofragan-in_7912786.svd\">uppslag<\/a>\u00a0till\u00e4gnas Malawis feministiska president Joyce Banda, som \u00e4ven har vissa omskakande fakta ang\u00e5ende k\u00f6nsmaktsordningen att bidra med:<\/p>\n<blockquote><p><strong>&#8221;Det brukar v\u00e4l vara m\u00e4nnen som vill ha m\u00e5nga barn, medan kvinnorna bromsar?<\/strong><\/p>\n<p>\u2013 Nej, Malawi \u00e4r ett av f\u00e5 afrikanska l\u00e4nder som \u00e4r matriline\u00e4ra. M\u00e4nnen flyttar till kvinnans by. Barnen \u00e4r en statussymbol f\u00f6r kvinnan: ju st\u00f6rre by desto b\u00e4ttre, \u00e4ven om de inte har r\u00e5d. Den traditionen \u00e4r en tragedi som s\u00e4tter enorm press p\u00e5 v\u00e5rt land.&#8221;<\/p><\/blockquote>\n<p>Aftonbladet \u00f6ppnar med tv\u00e5 feministiska ledare,\u00a0<a href=\"http:\/\/www.aftonbladet.se\/ledare\/ledarkronika\/anderslindberg\/article16236975.ab\">ledare 1<\/a>:<\/p>\n<blockquote><p>&#8221;Vad har egentligen v\u00e5ra ledande utrikes-politiker emot drygt halva v\u00e4rldens \u2028befolkning?<\/p>\n<p>Kvinnor och barn drabbas oftast \u2028h\u00e5rdast vid konflikter. N\u00e4r sv\u00e4lt och missv\u00e4xt griper kring sig \u00e4r de mest s\u00e5rbara, kan inte flytta, kan inte fly.<\/p>\n<p>Kvinnor \u00e4r ocks\u00e5 nyckeln till utveckling, det finns det otaliga exempel p\u00e5, fr\u00e5n kvinnors deltagande i krishantering till kvinnors f\u00f6retagande genom mikro-krediter.<\/p>\n<p>N\u00e4r kvinnor f\u00e5r vara med och best\u00e4mma f\u00f6rebyggs konflikter. N\u00e4r kvinnor ges \u2028egna ekonomiska resurser och utbildning gynnar det hela samh\u00e4llen.<\/p>\n<p>N\u00e4r man lyssnar p\u00e5 den utrikespoli-tiska debatten sl\u00e5s man av hur k\u00f6nsblind politiken har blivit. Och den enda som ifr\u00e5gas\u00e4tter det \u00e4r en v\u00e4nsterpartist vars fr\u00e5gor ingen svarar p\u00e5. Det \u00e4r ett fattigdomsbevis.&#8221;<\/p>\n<p><em>och\u00a0<a href=\"http:\/\/www.aftonbladet.se\/ledare\/ledarkronika\/ingvarpersson\/article16237012.ab\">ledare 2<\/a>:<\/em><\/p>\n<p>&#8221;F\u00f6r det andra handlar kravet p\u00e5 en l\u00e5gl\u00f6nesatsning faktiskt om j\u00e4mst\u00e4lldhet. I stort sett alla branscher d\u00e4r de flesta anst\u00e4llda \u00e4r kvinnor har l\u00f6ner som \u00e4r l\u00e4gre \u00e4n branscher d\u00e4r det \u2028arbetar m\u00e5nga m\u00e4n. Det \u00e4r den stora f\u00f6rklaringen till att kvinnor i genomsnitt varje m\u00e5nad tj\u00e4nar n\u00e4stan 5\u2009000 kronor mindre \u00e4n m\u00e4n.&#8221;<\/p><\/blockquote>\n<p>&#8230;och vi ser l\u00f6nel\u00f6gnen upprepas igen (och igen och igen och igen och igen och igen&#8230;&#8230;)<\/p>\n<p>P\u00e5 kultursidan har <a href=\"http:\/\/www.aftonbladet.se\/kultur\/konst\/article16237305.ab\">Ulrika Stahre<\/a>\u00a0varit p\u00e5 Thielska galleriets Munch-utst\u00e4llning:<\/p>\n<blockquote><p>&#8221;Det \u00e4r en ambivalent kvinnoskr\u00e4ck som lyser bland alla vampyreska damer som var ett av huvudsp\u00e5ren i Munchs formjakt. Kvinnoh\u00e5ren b\u00f6ljar i grafiken, vars motiv p\u00e5 Thielskas utst\u00e4llning \u00e4r l\u00e5ngt mer intrikata \u00e4n m\u00e5lningarnas. H\u00e4r finns de olyckliga paren, de intima scenerna.&#8221;<\/p>\n<p>[&#8230;]<\/p>\n<p><strong>&#8221;Det \u00e4r l\u00e4tt<\/strong>\u00a0att i Munchs m\u00e5leri se kriser, se den unge mannen som tappar fotf\u00e4stet, ensamheten, melankolin och den rena \u00e5ngesten. D\u00e4r kvinnobilderna, med sina symboliska \u00f6vertoner av \u00e5ldrar, livets g\u00e5ng och kretslopp, kan k\u00e4nnas lite enahanda och schematiska \u2013 hos Munch \u00e4r kvinnan fr\u00e4mst en symbol, mannen en individ \u2013 \u00e4r den individuella \u00e5ngestens visuella universum fortfarande br\u00e4nnande hett.&#8221;<\/p><\/blockquote>\n<p>P\u00e5 n\u00f6jessidorna kan vi <a href=\"http:\/\/www.aftonbladet.se\/nojesbladet\/melodifestivalen\/markuslarsson\/article16237094.ab\">ta del av<\/a>\u00a0att schlagerv\u00e4rlden verkar dels sakna sj\u00e4lvdistans och dels humor. Det k\u00e4nns p\u00e5 n\u00e5got vis f\u00f6rv\u00e4ntat att en grupp medel\u00e5lders, vita m\u00e4n inte f\u00e5r g\u00f6ra sig lustiga \u00f6ver schlager:<\/p>\n<blockquote><p>&#8221;Mina vanligtvis s\u00e5 beskedliga och l\u00e5gm\u00e4lda kollegor tappar det under uppspelningen av veckans l\u00e5tar.<\/p>\n<p>Indignationen i rummet och sajter och sociala medier \u00e4r \u00e5rets hittills kraftigaste tonartsh\u00f6jning.<\/p>\n<p>\u201dS\u00e4msta l\u00e5ten i t\u00e4vlingens historia.\u201d<\/p>\n<p>\u201dUsch, usch, usch.\u201d<\/p>\n<p>\u201dHatet!\u201d<\/p>\n<p>S\u00e5 l\u00e5ter det. Till och med min \u00e4lskv\u00e4rda och glade compadre under Melodifestivalen, reportern och blogg\u00admaestron\u00a0<strong>Tobbe Ek<\/strong>, fr\u00e4ser och spottar som Kalle Anka.<\/p>\n<p id=\"yui_3_6_0_2_1360881546687_686\"><strong id=\"yui_3_6_0_2_1360881546687_685\">Inte ens Bj\u00f6rn Ranelid m\u00f6ttes av en lika kompakt v\u00e4gg av ilska.&#8221;<\/strong><\/p>\n<\/blockquote>\n<p>Allt handlar tydligen om:<\/p>\n<blockquote><p>&#8221;\u201dEn riktig j\u00e4vla schlager\u201d \u00e4r pilsnerrock med irl\u00e4ndska tong\u00e5ngar och countryfioler och en text av komikern\u00a0<strong>Henrik Dorsin<\/strong>. Det \u00e4r mer \u201dRagga runt\u201d med\u00a0<strong>Eddie Meduza<\/strong>\u00a0\u00e4n \u201dAnthem\u201d av\u00a0<strong>Benny Andersson<\/strong>\u00a0och\u00a0<strong>Bj\u00f6rn Ulvaeus<\/strong>.&#8221;<\/p><\/blockquote>\n<p>(F\u00f6r r\u00e4ttvisans skull noteras att p\u00e5 sista sidan \u00e5terfinns Karin Magnussons kr\u00f6nika om kvinnliga h\u00e4rskartekniker som jag bloggat om tidigare idag.)<\/p>\n<p>Och sedan kommer vi till DN Kultur, som har en special om scenv\u00e5ren 2013:<\/p>\n<p>Sida tv\u00e5. Tv\u00e5 manliga och tv\u00e5 kvinnliga skribenter om <em>v\u00e5rens genombrott,<\/em> Ingeg\u00e4rd Waaranper\u00e4 om teater\/Bianca Kronl\u00f6f (jag hoppas att inte fotografierna blir f\u00f6r jobbiga att l\u00e4sa, den h\u00e4r delen finns inte p\u00e5 vanliga n\u00e4tupplagan, enbart p\u00e5 en betaldel):<\/p>\n<p><a href=\"http:\/\/www.susannavaris.com\/blogg\/wp-content\/uploads\/2013\/02\/dn1.jpg\"><img loading=\"lazy\" decoding=\"async\" class=\"aligncenter size-full wp-image-8998\" alt=\"dn1\" src=\"http:\/\/www.susannavaris.com\/blogg\/wp-content\/uploads\/2013\/02\/dn1.jpg\" width=\"458\" height=\"696\" srcset=\"http:\/\/www.susannavaris.com\/blogg\/wp-content\/uploads\/2013\/02\/dn1.jpg 458w, http:\/\/www.susannavaris.com\/blogg\/wp-content\/uploads\/2013\/02\/dn1-197x300.jpg 197w\" sizes=\"auto, (max-width: 458px) 100vw, 458px\" \/><\/a><\/p>\n<p>Pia Huss om barn &amp; ung\/Sanna Sundqvist:<\/p>\n<p style=\"text-align: center;\"><a href=\"http:\/\/www.susannavaris.com\/blogg\/wp-content\/uploads\/2013\/02\/dn2.jpg\"><img loading=\"lazy\" decoding=\"async\" class=\"aligncenter size-full wp-image-8999\" alt=\"dn2\" src=\"http:\/\/www.susannavaris.com\/blogg\/wp-content\/uploads\/2013\/02\/dn2.jpg\" width=\"942\" height=\"375\" srcset=\"http:\/\/www.susannavaris.com\/blogg\/wp-content\/uploads\/2013\/02\/dn2.jpg 942w, http:\/\/www.susannavaris.com\/blogg\/wp-content\/uploads\/2013\/02\/dn2-300x119.jpg 300w\" sizes=\"auto, (max-width: 942px) 100vw, 942px\" \/><\/a><em>\u00a0(Nils Poletti \u00e4r en av huvudfigurerna hos Turteatern&#8230;)<\/em><\/p>\n<p style=\"text-align: center;\">Efter ett par sidor med \u00f6verv\u00e4gande kvinnliga kultuskapare kommer vi till Leif Zerns artikel om Ibsen, som i v\u00e5r s\u00e4tts upp p\u00e5 flera teatrar:<\/p>\n<p style=\"text-align: center;\"><a href=\"http:\/\/www.susannavaris.com\/blogg\/wp-content\/uploads\/2013\/02\/dn3-50.jpg\"><img loading=\"lazy\" decoding=\"async\" class=\"aligncenter size-full wp-image-9000\" alt=\"dn3-50\" src=\"http:\/\/www.susannavaris.com\/blogg\/wp-content\/uploads\/2013\/02\/dn3-50.jpg\" width=\"661\" height=\"190\" srcset=\"http:\/\/www.susannavaris.com\/blogg\/wp-content\/uploads\/2013\/02\/dn3-50.jpg 661w, http:\/\/www.susannavaris.com\/blogg\/wp-content\/uploads\/2013\/02\/dn3-50-300x86.jpg 300w\" sizes=\"auto, (max-width: 661px) 100vw, 661px\" \/><\/a>\u00a0<a href=\"http:\/\/www.susannavaris.com\/blogg\/wp-content\/uploads\/2013\/02\/dn4-50.jpg\"><img loading=\"lazy\" decoding=\"async\" class=\"aligncenter size-full wp-image-9001\" alt=\"dn4-50\" src=\"http:\/\/www.susannavaris.com\/blogg\/wp-content\/uploads\/2013\/02\/dn4-50.jpg\" width=\"653\" height=\"299\" srcset=\"http:\/\/www.susannavaris.com\/blogg\/wp-content\/uploads\/2013\/02\/dn4-50.jpg 653w, http:\/\/www.susannavaris.com\/blogg\/wp-content\/uploads\/2013\/02\/dn4-50-300x137.jpg 300w\" sizes=\"auto, (max-width: 653px) 100vw, 653px\" \/><\/a><\/p>\n<p style=\"text-align: center;\">P\u00e5 n\u00e4sta uppslag leder \u00d6rjan Ramberg gubbarnas sammansv\u00e4rjning:<\/p>\n<p style=\"text-align: center;\"><a href=\"http:\/\/www.susannavaris.com\/blogg\/wp-content\/uploads\/2013\/02\/dn5-50.jpg\"><img loading=\"lazy\" decoding=\"async\" class=\"aligncenter size-full wp-image-9002\" alt=\"dn5-50\" src=\"http:\/\/www.susannavaris.com\/blogg\/wp-content\/uploads\/2013\/02\/dn5-50.jpg\" width=\"2304\" height=\"1536\" srcset=\"http:\/\/www.susannavaris.com\/blogg\/wp-content\/uploads\/2013\/02\/dn5-50.jpg 2304w, http:\/\/www.susannavaris.com\/blogg\/wp-content\/uploads\/2013\/02\/dn5-50-300x200.jpg 300w, http:\/\/www.susannavaris.com\/blogg\/wp-content\/uploads\/2013\/02\/dn5-50-1024x682.jpg 1024w\" sizes=\"auto, (max-width: 2304px) 100vw, 2304px\" \/><\/a>\u00a0Ur texten:<\/p>\n<p style=\"text-align: center;\"><a href=\"http:\/\/www.susannavaris.com\/blogg\/wp-content\/uploads\/2013\/02\/dn6-50.jpg\"><img loading=\"lazy\" decoding=\"async\" class=\"aligncenter size-full wp-image-9003\" alt=\"dn6-50\" src=\"http:\/\/www.susannavaris.com\/blogg\/wp-content\/uploads\/2013\/02\/dn6-50.jpg\" width=\"765\" height=\"365\" srcset=\"http:\/\/www.susannavaris.com\/blogg\/wp-content\/uploads\/2013\/02\/dn6-50.jpg 765w, http:\/\/www.susannavaris.com\/blogg\/wp-content\/uploads\/2013\/02\/dn6-50-300x143.jpg 300w\" sizes=\"auto, (max-width: 765px) 100vw, 765px\" \/><\/a>\u00a0<a href=\"http:\/\/www.susannavaris.com\/blogg\/wp-content\/uploads\/2013\/02\/dn7-50.jpg\"><img loading=\"lazy\" decoding=\"async\" class=\"aligncenter size-full wp-image-9004\" alt=\"dn7-50\" src=\"http:\/\/www.susannavaris.com\/blogg\/wp-content\/uploads\/2013\/02\/dn7-50.jpg\" width=\"778\" height=\"1769\" srcset=\"http:\/\/www.susannavaris.com\/blogg\/wp-content\/uploads\/2013\/02\/dn7-50.jpg 778w, http:\/\/www.susannavaris.com\/blogg\/wp-content\/uploads\/2013\/02\/dn7-50-450x1024.jpg 450w\" sizes=\"auto, (max-width: 778px) 100vw, 778px\" \/><\/a>\u00a0Och Hedda Gabler:<\/p>\n<p style=\"text-align: center;\"><a href=\"http:\/\/www.susannavaris.com\/blogg\/wp-content\/uploads\/2013\/02\/dn8-50.jpg\"><img loading=\"lazy\" decoding=\"async\" class=\"aligncenter size-full wp-image-9005\" alt=\"dn8-50\" src=\"http:\/\/www.susannavaris.com\/blogg\/wp-content\/uploads\/2013\/02\/dn8-50.jpg\" width=\"1782\" height=\"1385\" srcset=\"http:\/\/www.susannavaris.com\/blogg\/wp-content\/uploads\/2013\/02\/dn8-50.jpg 1782w, http:\/\/www.susannavaris.com\/blogg\/wp-content\/uploads\/2013\/02\/dn8-50-300x233.jpg 300w, http:\/\/www.susannavaris.com\/blogg\/wp-content\/uploads\/2013\/02\/dn8-50-1024x795.jpg 1024w\" sizes=\"auto, (max-width: 1782px) 100vw, 1782px\" \/><\/a>\u00a0Elfride Jelinek:<\/p>\n<p style=\"text-align: center;\"><a href=\"http:\/\/www.susannavaris.com\/blogg\/wp-content\/uploads\/2013\/02\/dn9-50.jpg\"><img loading=\"lazy\" decoding=\"async\" class=\"aligncenter size-full wp-image-9006\" alt=\"dn9-50\" src=\"http:\/\/www.susannavaris.com\/blogg\/wp-content\/uploads\/2013\/02\/dn9-50.jpg\" width=\"1954\" height=\"1164\" srcset=\"http:\/\/www.susannavaris.com\/blogg\/wp-content\/uploads\/2013\/02\/dn9-50.jpg 1954w, http:\/\/www.susannavaris.com\/blogg\/wp-content\/uploads\/2013\/02\/dn9-50-300x178.jpg 300w, http:\/\/www.susannavaris.com\/blogg\/wp-content\/uploads\/2013\/02\/dn9-50-1024x609.jpg 1024w\" sizes=\"auto, (max-width: 1954px) 100vw, 1954px\" \/><\/a>\u00a0Mera Hedda Gabler, Annika Hallin intervjuas av Carin St\u00e5hlberg, p\u00e5 n\u00e4sta uppslag:<\/p>\n<p style=\"text-align: center;\"><a href=\"http:\/\/www.susannavaris.com\/blogg\/wp-content\/uploads\/2013\/02\/dn10-50.jpg\"><img loading=\"lazy\" decoding=\"async\" class=\"aligncenter size-full wp-image-9007\" alt=\"dn10-50\" src=\"http:\/\/www.susannavaris.com\/blogg\/wp-content\/uploads\/2013\/02\/dn10-50.jpg\" width=\"2304\" height=\"1536\" srcset=\"http:\/\/www.susannavaris.com\/blogg\/wp-content\/uploads\/2013\/02\/dn10-50.jpg 2304w, http:\/\/www.susannavaris.com\/blogg\/wp-content\/uploads\/2013\/02\/dn10-50-300x200.jpg 300w, http:\/\/www.susannavaris.com\/blogg\/wp-content\/uploads\/2013\/02\/dn10-50-1024x682.jpg 1024w\" sizes=\"auto, (max-width: 2304px) 100vw, 2304px\" \/><\/a><\/p>\n<p style=\"text-align: center;\"><a href=\"http:\/\/www.susannavaris.com\/blogg\/wp-content\/uploads\/2013\/02\/dn11-50.jpg\"><img loading=\"lazy\" decoding=\"async\" class=\"aligncenter size-full wp-image-9008\" alt=\"dn11-50\" src=\"http:\/\/www.susannavaris.com\/blogg\/wp-content\/uploads\/2013\/02\/dn11-50.jpg\" width=\"539\" height=\"1226\" srcset=\"http:\/\/www.susannavaris.com\/blogg\/wp-content\/uploads\/2013\/02\/dn11-50.jpg 539w, http:\/\/www.susannavaris.com\/blogg\/wp-content\/uploads\/2013\/02\/dn11-50-450x1024.jpg 450w\" sizes=\"auto, (max-width: 539px) 100vw, 539px\" \/><\/a>\u00a0<a href=\"http:\/\/www.susannavaris.com\/blogg\/wp-content\/uploads\/2013\/02\/dn12-50.jpg\"><img loading=\"lazy\" decoding=\"async\" class=\"aligncenter size-full wp-image-9009\" alt=\"dn12-50\" src=\"http:\/\/www.susannavaris.com\/blogg\/wp-content\/uploads\/2013\/02\/dn12-50.jpg\" width=\"934\" height=\"1260\" srcset=\"http:\/\/www.susannavaris.com\/blogg\/wp-content\/uploads\/2013\/02\/dn12-50.jpg 934w, http:\/\/www.susannavaris.com\/blogg\/wp-content\/uploads\/2013\/02\/dn12-50-222x300.jpg 222w, http:\/\/www.susannavaris.com\/blogg\/wp-content\/uploads\/2013\/02\/dn12-50-759x1024.jpg 759w\" sizes=\"auto, (max-width: 934px) 100vw, 934px\" \/><\/a><\/p>\n<p style=\"text-align: center;\">Ett par sidor l\u00e4ngre fram hittar vi allas v\u00e5r Turteatern:<\/p>\n<p style=\"text-align: center;\"><a href=\"http:\/\/www.susannavaris.com\/blogg\/wp-content\/uploads\/2013\/02\/dn13-50.jpg\"><img loading=\"lazy\" decoding=\"async\" class=\"aligncenter size-full wp-image-9010\" alt=\"dn13-50\" src=\"http:\/\/www.susannavaris.com\/blogg\/wp-content\/uploads\/2013\/02\/dn13-50.jpg\" width=\"2302\" height=\"1237\" srcset=\"http:\/\/www.susannavaris.com\/blogg\/wp-content\/uploads\/2013\/02\/dn13-50.jpg 2302w, http:\/\/www.susannavaris.com\/blogg\/wp-content\/uploads\/2013\/02\/dn13-50-300x161.jpg 300w, http:\/\/www.susannavaris.com\/blogg\/wp-content\/uploads\/2013\/02\/dn13-50-1024x550.jpg 1024w\" sizes=\"auto, (max-width: 2302px) 100vw, 2302px\" \/><\/a><\/p>\n<p style=\"text-align: center;\"><a href=\"http:\/\/www.susannavaris.com\/blogg\/wp-content\/uploads\/2013\/02\/dn14-50.jpg\"><img loading=\"lazy\" decoding=\"async\" class=\"aligncenter size-full wp-image-9011\" alt=\"dn14-50\" src=\"http:\/\/www.susannavaris.com\/blogg\/wp-content\/uploads\/2013\/02\/dn14-50.jpg\" width=\"1837\" height=\"1526\" srcset=\"http:\/\/www.susannavaris.com\/blogg\/wp-content\/uploads\/2013\/02\/dn14-50.jpg 1837w, http:\/\/www.susannavaris.com\/blogg\/wp-content\/uploads\/2013\/02\/dn14-50-300x249.jpg 300w, http:\/\/www.susannavaris.com\/blogg\/wp-content\/uploads\/2013\/02\/dn14-50-1024x850.jpg 1024w\" sizes=\"auto, (max-width: 1837px) 100vw, 1837px\" \/><\/a><em>P\u00e5 n\u00e4sta uppslag hittar vi en fr\u00e5gestafett, d\u00e4r hela tv\u00e5 m\u00e4n f\u00e5r medverka. En av dem \u00e4r givetvis Erik Holmstr\u00f6m, regiss\u00f6r av SCUM-manifestet p\u00e5 Turteatern&#8230;<\/em><\/p>\n<p style=\"text-align: center;\">N\u00e4sta sida handlar om Lotta p\u00e5 Br\u00e5kmakargatan, sj\u00e4lvklart med kvinnlig regiss\u00f6r:<\/p>\n<p style=\"text-align: center;\"><a href=\"http:\/\/www.susannavaris.com\/blogg\/wp-content\/uploads\/2013\/02\/dn15-50.jpg\"><img loading=\"lazy\" decoding=\"async\" class=\"aligncenter size-full wp-image-9012\" alt=\"dn15-50\" src=\"http:\/\/www.susannavaris.com\/blogg\/wp-content\/uploads\/2013\/02\/dn15-50.jpg\" width=\"1536\" height=\"2304\" srcset=\"http:\/\/www.susannavaris.com\/blogg\/wp-content\/uploads\/2013\/02\/dn15-50.jpg 1536w, http:\/\/www.susannavaris.com\/blogg\/wp-content\/uploads\/2013\/02\/dn15-50-200x300.jpg 200w, http:\/\/www.susannavaris.com\/blogg\/wp-content\/uploads\/2013\/02\/dn15-50-682x1024.jpg 682w\" sizes=\"auto, (max-width: 1536px) 100vw, 1536px\" \/><\/a><\/p>\n<p style=\"text-align: center;\"><a href=\"http:\/\/www.susannavaris.com\/blogg\/wp-content\/uploads\/2013\/02\/dn16-50.jpg\"><img loading=\"lazy\" decoding=\"async\" class=\"aligncenter size-full wp-image-9013\" alt=\"dn16-50\" src=\"http:\/\/www.susannavaris.com\/blogg\/wp-content\/uploads\/2013\/02\/dn16-50.jpg\" width=\"816\" height=\"592\" srcset=\"http:\/\/www.susannavaris.com\/blogg\/wp-content\/uploads\/2013\/02\/dn16-50.jpg 816w, http:\/\/www.susannavaris.com\/blogg\/wp-content\/uploads\/2013\/02\/dn16-50-300x217.jpg 300w\" sizes=\"auto, (max-width: 816px) 100vw, 816px\" \/><\/a>\u00a0<em>V\u00e5ld och psykisk misshandel \u00e4r pl\u00f6tsligt ett j\u00e4ttebra s\u00e4tt att l\u00f6sa konflikter&#8230;<\/em><\/p>\n<p style=\"text-align: center;\">P\u00e5 sidan d\u00e4rp\u00e5 \u00e5terfinns en artikel om Puccinis opera <em>Turandot<\/em>:<\/p>\n<p style=\"text-align: center;\"><a href=\"http:\/\/www.susannavaris.com\/blogg\/wp-content\/uploads\/2013\/02\/dn17-50.jpg\"><img loading=\"lazy\" decoding=\"async\" class=\"aligncenter size-full wp-image-9014\" alt=\"dn17-50\" src=\"http:\/\/www.susannavaris.com\/blogg\/wp-content\/uploads\/2013\/02\/dn17-50.jpg\" width=\"1044\" height=\"528\" srcset=\"http:\/\/www.susannavaris.com\/blogg\/wp-content\/uploads\/2013\/02\/dn17-50.jpg 1044w, http:\/\/www.susannavaris.com\/blogg\/wp-content\/uploads\/2013\/02\/dn17-50-300x151.jpg 300w, http:\/\/www.susannavaris.com\/blogg\/wp-content\/uploads\/2013\/02\/dn17-50-1024x517.jpg 1024w\" sizes=\"auto, (max-width: 1044px) 100vw, 1044px\" \/><\/a><\/p>\n<p style=\"text-align: center;\">En till kvinnlig dansare och en till kvinnlig mode-entrepren\u00f6r hinns ocks\u00e5 med innan tidningen \u00e4r slut. Jag har hoppat \u00f6ver en artikel om en upps\u00e4ttning om don Quijote och en om upps\u00e4ttningen &#8221;Det intelligenta homots guide till kapitalism och socialism, med en nyckel till Skriften&#8221;, samt ett par mindre notiser med f\u00f6retr\u00e4desvis manliga kulturut\u00f6vare.<\/p>\n<p style=\"text-align: center;\">Feministiskt Perspektiv kunde inte ha gjort det b\u00e4ttre \u00e4n DN Kultur. Kulturdelen blir, som redan konstaterats, mer och mer ol\u00e4slig f\u00f6r varje dag. Vad \u00e4r det f\u00f6r allt vi missar n\u00e4r det h\u00e4r ensidiga perspektivet r\u00e5der? N\u00e4r blev det fr\u00e4msta kriteriet f\u00f6r kvalitetskultur r\u00e4tt k\u00f6n (kvinnlig) och feministisk agenda?<\/p>\n<p style=\"text-align: center;\">(Expressen har idag p\u00e5 grund av tidsbrist undsluppit min granskning&#8230;)<\/p>\n","protected":false},"excerpt":{"rendered":"<p>Jag har roat mig med att l\u00e4sa lite tidningar idag igen och den tidigare beskrivna feministiska impregneringen fortg\u00e5r i invanda hjulsp\u00e5r. B\u00e5de\u00a0Metro\u00a0och SvD \u00e5terupprepar den felaktiga uppgiften om att &#8221;kvinnor arbetar gratis efter 15.52&#8221;, som nu f\u00f6rekommit i jippo-form p\u00e5 &hellip; <a href=\"http:\/\/www.susannavaris.com\/blogg\/2013\/02\/dn-kultur-ar-bortom-raddning\/\">Forts\u00e4tt l\u00e4sa <span class=\"meta-nav\">&rarr;<\/span><\/a><\/p>\n","protected":false},"author":1,"featured_media":0,"comment_status":"open","ping_status":"open","sticky":false,"template":"","format":"standard","meta":{"footnotes":""},"categories":[181,259,1321,1928,1162,589,994,1,590],"tags":[149,2151,175,4900,4899,4903,4917,1050,1945],"class_list":["post-8997","post","type-post","status-publish","format-standard","hentry","category-feminism","category-genusvetenskap","category-jamstalldhet","category-journalistik","category-kultur","category-medier","category-musik","category-okategoriserade","category-politik","tag-aftonbladet","tag-dagstidningar","tag-dn","tag-feminism","tag-genus","tag-genusvetenskap","tag-kultur","tag-metro","tag-teater"],"_links":{"self":[{"href":"http:\/\/www.susannavaris.com\/blogg\/wp-json\/wp\/v2\/posts\/8997","targetHints":{"allow":["GET"]}}],"collection":[{"href":"http:\/\/www.susannavaris.com\/blogg\/wp-json\/wp\/v2\/posts"}],"about":[{"href":"http:\/\/www.susannavaris.com\/blogg\/wp-json\/wp\/v2\/types\/post"}],"author":[{"embeddable":true,"href":"http:\/\/www.susannavaris.com\/blogg\/wp-json\/wp\/v2\/users\/1"}],"replies":[{"embeddable":true,"href":"http:\/\/www.susannavaris.com\/blogg\/wp-json\/wp\/v2\/comments?post=8997"}],"version-history":[{"count":5,"href":"http:\/\/www.susannavaris.com\/blogg\/wp-json\/wp\/v2\/posts\/8997\/revisions"}],"predecessor-version":[{"id":9019,"href":"http:\/\/www.susannavaris.com\/blogg\/wp-json\/wp\/v2\/posts\/8997\/revisions\/9019"}],"wp:attachment":[{"href":"http:\/\/www.susannavaris.com\/blogg\/wp-json\/wp\/v2\/media?parent=8997"}],"wp:term":[{"taxonomy":"category","embeddable":true,"href":"http:\/\/www.susannavaris.com\/blogg\/wp-json\/wp\/v2\/categories?post=8997"},{"taxonomy":"post_tag","embeddable":true,"href":"http:\/\/www.susannavaris.com\/blogg\/wp-json\/wp\/v2\/tags?post=8997"}],"curies":[{"name":"wp","href":"https:\/\/api.w.org\/{rel}","templated":true}]}}