{"id":9025,"date":"2013-02-15T10:53:54","date_gmt":"2013-02-15T09:53:54","guid":{"rendered":"http:\/\/www.susannavaris.com\/blogg\/?p=9025"},"modified":"2013-02-16T20:49:14","modified_gmt":"2013-02-16T19:49:14","slug":"alla-man-hatar-kvinnor","status":"publish","type":"post","link":"http:\/\/www.susannavaris.com\/blogg\/2013\/02\/alla-man-hatar-kvinnor\/","title":{"rendered":"Alla m\u00e4n hatar kvinnor?"},"content":{"rendered":"<p style=\"text-align: center;\"><a href=\"http:\/\/www.susannavaris.com\/blogg\/wp-content\/uploads\/2013\/02\/bengt544471_366_354.jpg\"><img loading=\"lazy\" decoding=\"async\" class=\"aligncenter size-full wp-image-9026\" alt=\"bengt544471_366_354\" src=\"http:\/\/www.susannavaris.com\/blogg\/wp-content\/uploads\/2013\/02\/bengt544471_366_354.jpg\" width=\"366\" height=\"354\" srcset=\"http:\/\/www.susannavaris.com\/blogg\/wp-content\/uploads\/2013\/02\/bengt544471_366_354.jpg 366w, http:\/\/www.susannavaris.com\/blogg\/wp-content\/uploads\/2013\/02\/bengt544471_366_354-300x290.jpg 300w\" sizes=\"auto, (max-width: 366px) 100vw, 366px\" \/><\/a>\u00a0<em>Bengt Ohlsson. Foto fr\u00e5n SR<\/em><\/p>\n<p>Ja, det menar Bengt Ohlsson (som f\u00f6r en period verkade vara bra igen) i dagens DN i\u00a0<a href=\"http:\/\/www.dn.se\/nyheter\/bengt-ohlsson-pa-natet-finns-allt-som-ensamma-man-behover\">den h\u00e4r<\/a>\u00a0kr\u00f6nikan. Det kanske var f\u00f6r ensamt att vandra p\u00e5 S\u00f6dermalms gator och bli tittad snett p\u00e5 efter v\u00e4nster-\/h\u00f6ger-artikeln i fjol? Nu finns det nog \u00e5ter en d\u00f6rr \u00f6ppen till den stora, feministiska gemenskapen&#8230;<\/p>\n<p>Bengt Ohlsson lyckas att i samma artikel peka finger \u00e5t en f\u00f6rmodad kategori m\u00e4nniskor, peka ut dem som hatare och uttrycka sig grovt misandriskt om alla m\u00e4n sj\u00e4lv. Men det blir Benke som f\u00e5r putsa p\u00e5 glorian eftersom han bekr\u00e4ftar den feministiska verklighetsbeskrivningen och skriver under p\u00e5 det goda, fina hatet.<\/p>\n<p style=\"text-align: left;\">Kimhza Bremer skriver om artikeln\u00a0<a href=\"http:\/\/kimhzabremersbodega.wordpress.com\/2013\/02\/15\/ovantad-male-bashing-fran-bengt-ohlsson\/\">h\u00e4r<\/a><a href=\"http:\/\/kimhzabremersbodega.wordpress.com\/2013\/02\/15\/ovantad-male-bashing-fran-bengt-ohlsson\/\"><br \/>\n<\/a><\/p>\n<p style=\"text-align: left;\">Genusdebatten om samma sak\u00a0<a href=\"http:\/\/genusdebatten.se\/2013\/02\/16\/manligt-kon-och-internet-massmedias-tva-hatobjekt\/\">h\u00e4r<\/a><\/p>\n<p style=\"text-align: center;\">\n","protected":false},"excerpt":{"rendered":"<p>\u00a0Bengt Ohlsson. Foto fr\u00e5n SR Ja, det menar Bengt Ohlsson (som f\u00f6r en period verkade vara bra igen) i dagens DN i\u00a0den h\u00e4r\u00a0kr\u00f6nikan. Det kanske var f\u00f6r ensamt att vandra p\u00e5 S\u00f6dermalms gator och bli tittad snett p\u00e5 efter v\u00e4nster-\/h\u00f6ger-artikeln &hellip; <a href=\"http:\/\/www.susannavaris.com\/blogg\/2013\/02\/alla-man-hatar-kvinnor\/\">Forts\u00e4tt l\u00e4sa <span class=\"meta-nav\">&rarr;<\/span><\/a><\/p>\n","protected":false},"author":1,"featured_media":0,"comment_status":"open","ping_status":"open","sticky":false,"template":"","format":"standard","meta":{"footnotes":""},"categories":[181,259,1928,1162,589,1,590],"tags":[174,175,4900,4899,1607,2687,585],"class_list":["post-9025","post","type-post","status-publish","format-standard","hentry","category-feminism","category-genusvetenskap","category-journalistik","category-kultur","category-medier","category-okategoriserade","category-politik","tag-bengt-ohlsson","tag-dn","tag-feminism","tag-genus","tag-hat","tag-kvinnohat","tag-nathat"],"_links":{"self":[{"href":"http:\/\/www.susannavaris.com\/blogg\/wp-json\/wp\/v2\/posts\/9025","targetHints":{"allow":["GET"]}}],"collection":[{"href":"http:\/\/www.susannavaris.com\/blogg\/wp-json\/wp\/v2\/posts"}],"about":[{"href":"http:\/\/www.susannavaris.com\/blogg\/wp-json\/wp\/v2\/types\/post"}],"author":[{"embeddable":true,"href":"http:\/\/www.susannavaris.com\/blogg\/wp-json\/wp\/v2\/users\/1"}],"replies":[{"embeddable":true,"href":"http:\/\/www.susannavaris.com\/blogg\/wp-json\/wp\/v2\/comments?post=9025"}],"version-history":[{"count":7,"href":"http:\/\/www.susannavaris.com\/blogg\/wp-json\/wp\/v2\/posts\/9025\/revisions"}],"predecessor-version":[{"id":9033,"href":"http:\/\/www.susannavaris.com\/blogg\/wp-json\/wp\/v2\/posts\/9025\/revisions\/9033"}],"wp:attachment":[{"href":"http:\/\/www.susannavaris.com\/blogg\/wp-json\/wp\/v2\/media?parent=9025"}],"wp:term":[{"taxonomy":"category","embeddable":true,"href":"http:\/\/www.susannavaris.com\/blogg\/wp-json\/wp\/v2\/categories?post=9025"},{"taxonomy":"post_tag","embeddable":true,"href":"http:\/\/www.susannavaris.com\/blogg\/wp-json\/wp\/v2\/tags?post=9025"}],"curies":[{"name":"wp","href":"https:\/\/api.w.org\/{rel}","templated":true}]}}