{"id":903,"date":"2011-06-18T19:56:26","date_gmt":"2011-06-18T17:56:26","guid":{"rendered":"http:\/\/www.susannavaris.com\/blogg\/?p=903"},"modified":"2023-02-14T12:18:55","modified_gmt":"2023-02-14T11:18:55","slug":"traskvandring-med-pia-och-ulrika","status":"publish","type":"post","link":"http:\/\/www.susannavaris.com\/blogg\/2011\/06\/traskvandring-med-pia-och-ulrika\/","title":{"rendered":"Tr\u00e4skvandring med Pia och Ulrika"},"content":{"rendered":"<div class=\"wp-block-image\">\n<figure class=\"aligncenter size-full\"><img loading=\"lazy\" decoding=\"async\" width=\"375\" height=\"500\" src=\"http:\/\/www.susannavaris.com\/blogg\/wp-content\/uploads\/2023\/02\/000-Coca_Sarli.jpg\" alt=\"\" class=\"wp-image-17794\" title=\"piagemma_ward_lily_donaldson_1203759766_16596036\" srcset=\"http:\/\/www.susannavaris.com\/blogg\/wp-content\/uploads\/2023\/02\/000-Coca_Sarli.jpg 375w, http:\/\/www.susannavaris.com\/blogg\/wp-content\/uploads\/2023\/02\/000-Coca_Sarli-225x300.jpg 225w\" sizes=\"auto, (max-width: 375px) 100vw, 375px\" \/><figcaption class=\"wp-element-caption\"><a href=\"https:\/\/en.wikipedia.org\/wiki\/Isabel_Sarli\">Isabel Sarli<\/a>, circa 1973, using the <a href=\"https:\/\/en.wikipedia.org\/wiki\/Handbra\">handbra<\/a> technique. Wikipedia\/public domain<\/figcaption><\/figure>\n<\/div>\n\n\n<p class=\"has-text-align-center\"><em>Slampighet, nu godk\u00e4nt av feministguru.<\/em><\/p>\n\n\n<div class=\"wp-block-image\">\n<figure class=\"aligncenter size-large\"><img loading=\"lazy\" decoding=\"async\" width=\"1024\" height=\"1024\" src=\"http:\/\/www.susannavaris.com\/blogg\/wp-content\/uploads\/2023\/02\/Bild-borttagen-1024x1024.jpg\" alt=\"\" class=\"wp-image-17619\" title=\"piabergstrom\" srcset=\"http:\/\/www.susannavaris.com\/blogg\/wp-content\/uploads\/2023\/02\/Bild-borttagen-1024x1024.jpg 1024w, http:\/\/www.susannavaris.com\/blogg\/wp-content\/uploads\/2023\/02\/Bild-borttagen-300x300.jpg 300w, http:\/\/www.susannavaris.com\/blogg\/wp-content\/uploads\/2023\/02\/Bild-borttagen-150x150.jpg 150w, http:\/\/www.susannavaris.com\/blogg\/wp-content\/uploads\/2023\/02\/Bild-borttagen-768x768.jpg 768w, http:\/\/www.susannavaris.com\/blogg\/wp-content\/uploads\/2023\/02\/Bild-borttagen-1536x1536.jpg 1536w, http:\/\/www.susannavaris.com\/blogg\/wp-content\/uploads\/2023\/02\/Bild-borttagen-2048x2048.jpg 2048w\" sizes=\"auto, (max-width: 1024px) 100vw, 1024px\" \/><\/figure>\n<\/div>\n\n\n<p class=\"has-text-align-center\"><em>Pia Bergstr\u00f6m<\/em><\/p>\n\n\n<div class=\"wp-block-image\">\n<figure class=\"aligncenter size-large\"><img loading=\"lazy\" decoding=\"async\" width=\"681\" height=\"1024\" src=\"http:\/\/www.susannavaris.com\/blogg\/wp-content\/uploads\/2023\/02\/000-Ulrika_Dahl-Konstfack-681x1024.jpg\" alt=\"\" class=\"wp-image-17797\" title=\"Ulrika Dahl presentationsbild\" srcset=\"http:\/\/www.susannavaris.com\/blogg\/wp-content\/uploads\/2023\/02\/000-Ulrika_Dahl-Konstfack-681x1024.jpg 681w, http:\/\/www.susannavaris.com\/blogg\/wp-content\/uploads\/2023\/02\/000-Ulrika_Dahl-Konstfack-200x300.jpg 200w, http:\/\/www.susannavaris.com\/blogg\/wp-content\/uploads\/2023\/02\/000-Ulrika_Dahl-Konstfack-768x1155.jpg 768w, http:\/\/www.susannavaris.com\/blogg\/wp-content\/uploads\/2023\/02\/000-Ulrika_Dahl-Konstfack.jpg 800w\" sizes=\"auto, (max-width: 681px) 100vw, 681px\" \/><figcaption class=\"wp-element-caption\">Swedish anthroplogist <a href=\"https:\/\/sv.wikipedia.org\/wiki\/Ulrika_Dahl\">Ulrika Dahl<\/a> efter a lecture at <a href=\"https:\/\/en.wikipedia.org\/wiki\/Konstfack\">Konstfack<\/a> in Stockholm, Sweden &#8211; https:\/\/commons.wikimedia.org\/wiki\/User:Peter_Isotalo \/ Wikipedia\/ https:\/\/creativecommons.org\/licenses\/by-sa\/3.0<\/figcaption><\/figure>\n<\/div>\n\n\n<p class=\"has-text-align-center\"><em>Ulrika Dahl<\/em><\/p>\n\n\n\n<p>I dagens Aftonbladet, p\u00e5 kultursidan som vanligt, f\u00e5r jag l\u00e4ra mig att det inte alls \u00e4r skamligt att vara tjejig. En feministisk guru vid namn Ulrika Dahl har skrivit en ess\u00e4 med titeln &#8221;Ytsp\u00e4nningar &#8211; Feminismer, feminiteter, femmefigurationer och Pia Bergstr\u00f6m har l\u00e4st den. H\u00e4r f\u00e5r man d\u00e5 l\u00e4ra sig att&#8221; femininitet inte \u00e4r lika med dum och passiv undergivenhet&#8221; och att i n\u00e5got som kallas f\u00f6r femme, kan &#8221;allt fjolligt, fjompigt och slampigt vara hur feministiskt okej som helst&#8221;. Kroppslig fj\u00e4dring och de &#8221;kvinnligt kodade njutningarna och beg\u00e4ren: dekorering och pyssel, s\u00e5ning och syning, manikyr och pedikyr, bakning och saftning och tofsning, ocks\u00e5 moderlig omsorg om barn, v\u00e4nner och partners&#8221; har i och med uppfinnandet av begreppet femme nu godk\u00e4nts av feministerna som godk\u00e4nda aktiviteter f\u00f6r en kvinna. Detta g\u00e4ller \u00e4ven tom &#8221;en feminin sexuell position som tar sig receptiva och omslutande uttryck&#8221;. (!!!!!)<\/p>\n\n\n\n<p>Ulrika Dahl skriver i sin ess\u00e4: &#8221;F\u00f6r mig \u00e4r femme ett hoppfullt, posthumanistiskt, somatekniskt hondjur som tillsammans med andra feministiska figurationer g\u00f6r skillnad.&#8221;<\/p>\n\n\n\n<p>Med s\u00e5dana v\u00e4nner som genusvetarna och (de nutida) feministerna beh\u00f6ver kvinnor inga fiender.<\/p>\n\n\n<div class=\"wp-block-image\">\n<figure class=\"aligncenter size-large\"><img loading=\"lazy\" decoding=\"async\" width=\"1024\" height=\"1024\" src=\"http:\/\/www.susannavaris.com\/blogg\/wp-content\/uploads\/2023\/02\/Bild-borttagen-2-1024x1024.jpg\" alt=\"\" class=\"wp-image-17623\" title=\"NM 1360\" srcset=\"http:\/\/www.susannavaris.com\/blogg\/wp-content\/uploads\/2023\/02\/Bild-borttagen-2-1024x1024.jpg 1024w, http:\/\/www.susannavaris.com\/blogg\/wp-content\/uploads\/2023\/02\/Bild-borttagen-2-300x300.jpg 300w, http:\/\/www.susannavaris.com\/blogg\/wp-content\/uploads\/2023\/02\/Bild-borttagen-2-150x150.jpg 150w, http:\/\/www.susannavaris.com\/blogg\/wp-content\/uploads\/2023\/02\/Bild-borttagen-2-768x768.jpg 768w, http:\/\/www.susannavaris.com\/blogg\/wp-content\/uploads\/2023\/02\/Bild-borttagen-2-1536x1536.jpg 1536w, http:\/\/www.susannavaris.com\/blogg\/wp-content\/uploads\/2023\/02\/Bild-borttagen-2-2048x2048.jpg 2048w\" sizes=\"auto, (max-width: 1024px) 100vw, 1024px\" \/><\/figure>\n<\/div>\n\n\n<p class=\"has-text-align-center\"><em>&#8221;Ung Mor Med Barn i Tr\u00e4dg\u00e5rd&#8221; av Bertha Wegmann.<\/em><\/p>\n\n\n<div class=\"wp-block-image\">\n<figure class=\"aligncenter size-large\"><img loading=\"lazy\" decoding=\"async\" width=\"758\" height=\"1024\" src=\"http:\/\/www.susannavaris.com\/blogg\/wp-content\/uploads\/2023\/02\/000-800px-Tester_bed_lit_a_la_duchesse_en_imperiale_MET_DP155162-758x1024.jpg\" alt=\"\" class=\"wp-image-17800\" title=\"pia5668tassel_119225553\" srcset=\"http:\/\/www.susannavaris.com\/blogg\/wp-content\/uploads\/2023\/02\/000-800px-Tester_bed_lit_a_la_duchesse_en_imperiale_MET_DP155162-758x1024.jpg 758w, http:\/\/www.susannavaris.com\/blogg\/wp-content\/uploads\/2023\/02\/000-800px-Tester_bed_lit_a_la_duchesse_en_imperiale_MET_DP155162-222x300.jpg 222w, http:\/\/www.susannavaris.com\/blogg\/wp-content\/uploads\/2023\/02\/000-800px-Tester_bed_lit_a_la_duchesse_en_imperiale_MET_DP155162-768x1038.jpg 768w, http:\/\/www.susannavaris.com\/blogg\/wp-content\/uploads\/2023\/02\/000-800px-Tester_bed_lit_a_la_duchesse_en_imperiale_MET_DP155162.jpg 800w\" sizes=\"auto, (max-width: 758px) 100vw, 758px\" \/><figcaption class=\"wp-element-caption\"><a href=\"https:\/\/en.wikipedia.org\/wiki\/en:Beauvais_Manufactory\">Beauvais Tapestry Manufactory<\/a> &#8211; This file was donated to Wikimedia Commons as part of a project by the <a href=\"https:\/\/commons.wikimedia.org\/wiki\/Commons:Met\">Metropolitan Museum of Art<\/a>. See the <a href=\"https:\/\/metmuseum.org\/about-the-met\/policies-and-documents\/image-resources\">Image and Data Resources Open Access Policy<\/a> \/ Wikipedia\/ http:\/\/creativecommons.org\/publicdomain\/zero\/1.0\/deed.en<\/figcaption><\/figure>\n<\/div>\n\n\n<figure class=\"wp-block-image size-large\"><a href=\"http:\/\/www.susannavaris.com\/blogg\/wp-content\/uploads\/2023\/02\/000-175617_1697156241689_8015072_o.jpg\"><img loading=\"lazy\" decoding=\"async\" width=\"683\" height=\"1024\" src=\"http:\/\/www.susannavaris.com\/blogg\/wp-content\/uploads\/2023\/02\/000-175617_1697156241689_8015072_o-683x1024.jpg\" alt=\"\" class=\"wp-image-17801\" srcset=\"http:\/\/www.susannavaris.com\/blogg\/wp-content\/uploads\/2023\/02\/000-175617_1697156241689_8015072_o-683x1024.jpg 683w, http:\/\/www.susannavaris.com\/blogg\/wp-content\/uploads\/2023\/02\/000-175617_1697156241689_8015072_o-200x300.jpg 200w, http:\/\/www.susannavaris.com\/blogg\/wp-content\/uploads\/2023\/02\/000-175617_1697156241689_8015072_o-768x1152.jpg 768w, http:\/\/www.susannavaris.com\/blogg\/wp-content\/uploads\/2023\/02\/000-175617_1697156241689_8015072_o-1024x1536.jpg 1024w, http:\/\/www.susannavaris.com\/blogg\/wp-content\/uploads\/2023\/02\/000-175617_1697156241689_8015072_o.jpg 1365w\" sizes=\"auto, (max-width: 683px) 100vw, 683px\" \/><\/a><figcaption class=\"wp-element-caption\">Maria Montazami, k\u00e4nd fr\u00e5n tv som tofsentusiast och min mamma Anna-Kaisa. Foto: Susanna Holm\u00e9n Waris<\/figcaption><\/figure>\n\n\n\n<p class=\"has-text-align-center\"><em>Tofsning \u00e4r \u00e4ven det godk\u00e4nt nu&#8230;<\/em><\/p>\n\n\n<div class=\"wp-block-image\">\n<figure class=\"aligncenter size-large\"><img loading=\"lazy\" decoding=\"async\" width=\"1024\" height=\"687\" src=\"http:\/\/www.susannavaris.com\/blogg\/wp-content\/uploads\/2023\/02\/000-Anders_Zorn_-_Brodbaket-1024x687.jpg\" alt=\"\" class=\"wp-image-17802\" title=\"piabakning2\" srcset=\"http:\/\/www.susannavaris.com\/blogg\/wp-content\/uploads\/2023\/02\/000-Anders_Zorn_-_Brodbaket-1024x687.jpg 1024w, http:\/\/www.susannavaris.com\/blogg\/wp-content\/uploads\/2023\/02\/000-Anders_Zorn_-_Brodbaket-300x201.jpg 300w, http:\/\/www.susannavaris.com\/blogg\/wp-content\/uploads\/2023\/02\/000-Anders_Zorn_-_Brodbaket-768x515.jpg 768w, http:\/\/www.susannavaris.com\/blogg\/wp-content\/uploads\/2023\/02\/000-Anders_Zorn_-_Brodbaket-1536x1030.jpg 1536w, http:\/\/www.susannavaris.com\/blogg\/wp-content\/uploads\/2023\/02\/000-Anders_Zorn_-_Brodbaket.jpg 1600w\" sizes=\"auto, (max-width: 1024px) 100vw, 1024px\" \/><figcaption class=\"wp-element-caption\">Br\u00f6dbaket av Anders Zorn. Wikipedia\/ public domain<\/figcaption><\/figure>\n<\/div>\n\n\n<p class=\"has-text-align-center\"><em>&#8230;s\u00e5 \u00e4ven bakning!<\/em><\/p>\n\n\n\n<p class=\"has-text-align-left\">Femme = lesbiska och feminina genusuttryck och queera beg\u00e4rsinriktningar mot kvinnlig maskulinitet. (enl. ess\u00e4n ovan)<\/p>\n","protected":false},"excerpt":{"rendered":"<p>Slampighet, nu godk\u00e4nt av feministguru. Pia Bergstr\u00f6m Ulrika Dahl I dagens Aftonbladet, p\u00e5 kultursidan som vanligt, f\u00e5r jag l\u00e4ra mig att det inte alls \u00e4r skamligt att vara tjejig. En feministisk guru vid namn Ulrika Dahl har skrivit en ess\u00e4 &hellip; <a href=\"http:\/\/www.susannavaris.com\/blogg\/2011\/06\/traskvandring-med-pia-och-ulrika\/\">Forts\u00e4tt l\u00e4sa <span class=\"meta-nav\">&rarr;<\/span><\/a><\/p>\n","protected":false},"author":1,"featured_media":904,"comment_status":"open","ping_status":"open","sticky":false,"template":"","format":"standard","meta":{"footnotes":""},"categories":[178,181,259,589,1,590,403],"tags":[4900,155,262,261,260],"class_list":["post-903","post","type-post","status-publish","format-standard","has-post-thumbnail","hentry","category-blodtryckshojare","category-feminism","category-genusvetenskap","category-medier","category-okategoriserade","category-politik","category-pseudovetenskap","tag-feminism","tag-genusteori","tag-maria-montazami","tag-pia-bergstrom","tag-ulrika-dahl"],"_links":{"self":[{"href":"http:\/\/www.susannavaris.com\/blogg\/wp-json\/wp\/v2\/posts\/903","targetHints":{"allow":["GET"]}}],"collection":[{"href":"http:\/\/www.susannavaris.com\/blogg\/wp-json\/wp\/v2\/posts"}],"about":[{"href":"http:\/\/www.susannavaris.com\/blogg\/wp-json\/wp\/v2\/types\/post"}],"author":[{"embeddable":true,"href":"http:\/\/www.susannavaris.com\/blogg\/wp-json\/wp\/v2\/users\/1"}],"replies":[{"embeddable":true,"href":"http:\/\/www.susannavaris.com\/blogg\/wp-json\/wp\/v2\/comments?post=903"}],"version-history":[{"count":8,"href":"http:\/\/www.susannavaris.com\/blogg\/wp-json\/wp\/v2\/posts\/903\/revisions"}],"predecessor-version":[{"id":17803,"href":"http:\/\/www.susannavaris.com\/blogg\/wp-json\/wp\/v2\/posts\/903\/revisions\/17803"}],"wp:featuredmedia":[{"embeddable":true,"href":"http:\/\/www.susannavaris.com\/blogg\/wp-json\/wp\/v2\/media\/904"}],"wp:attachment":[{"href":"http:\/\/www.susannavaris.com\/blogg\/wp-json\/wp\/v2\/media?parent=903"}],"wp:term":[{"taxonomy":"category","embeddable":true,"href":"http:\/\/www.susannavaris.com\/blogg\/wp-json\/wp\/v2\/categories?post=903"},{"taxonomy":"post_tag","embeddable":true,"href":"http:\/\/www.susannavaris.com\/blogg\/wp-json\/wp\/v2\/tags?post=903"}],"curies":[{"name":"wp","href":"https:\/\/api.w.org\/{rel}","templated":true}]}}