{"id":9037,"date":"2013-02-17T23:14:25","date_gmt":"2013-02-17T22:14:25","guid":{"rendered":"http:\/\/www.susannavaris.com\/blogg\/?p=9037"},"modified":"2013-02-17T23:14:25","modified_gmt":"2013-02-17T22:14:25","slug":"la-chapelle-pa-fotografiska","status":"publish","type":"post","link":"http:\/\/www.susannavaris.com\/blogg\/2013\/02\/la-chapelle-pa-fotografiska\/","title":{"rendered":"La Chapelle p\u00e5 Fotografiska"},"content":{"rendered":"<p>En ledig s\u00f6ndag och vi \u00e5kte in till huvudstaden f\u00f6r att k\u00e5nka in fler flyttkartonger (Uffe flyttar&#8230;)(hem hit), handla en l\u00e4ngre sladd inf\u00f6r den stundande Telia-\u00f6verflyttningen (el\u00e4ndes h-vete), l\u00e4mna in kl\u00e4der f\u00f6r oms\u00f6mnad och framf\u00f6r allt, se David La Chapelle-utst\u00e4llningen p\u00e5 Fotografiska mus\u00e9et. Men f\u00f6rst lite mat p\u00e5 Hermans vegetariska&#8230;<\/p>\n<p style=\"text-align: center;\"><a href=\"http:\/\/www.susannavaris.com\/blogg\/wp-content\/uploads\/2013\/02\/DSC_0665-50.jpg\"><img loading=\"lazy\" decoding=\"async\" class=\"aligncenter size-full wp-image-9038\" alt=\"DSC_0665-50\" src=\"http:\/\/www.susannavaris.com\/blogg\/wp-content\/uploads\/2013\/02\/DSC_0665-50.jpg\" width=\"1536\" height=\"2130\" srcset=\"http:\/\/www.susannavaris.com\/blogg\/wp-content\/uploads\/2013\/02\/DSC_0665-50.jpg 1536w, http:\/\/www.susannavaris.com\/blogg\/wp-content\/uploads\/2013\/02\/DSC_0665-50-216x300.jpg 216w, http:\/\/www.susannavaris.com\/blogg\/wp-content\/uploads\/2013\/02\/DSC_0665-50-738x1024.jpg 738w\" sizes=\"auto, (max-width: 1536px) 100vw, 1536px\" \/><\/a>\u00a0<em>Fotografiska tronar p\u00e5 Stadsg\u00e5rdskajen&#8230;<\/em><\/p>\n<p style=\"text-align: center;\"><a href=\"http:\/\/www.susannavaris.com\/blogg\/wp-content\/uploads\/2013\/02\/DSC_0666-50.jpg\"><img loading=\"lazy\" decoding=\"async\" class=\"aligncenter size-full wp-image-9039\" alt=\"DSC_0666-50\" src=\"http:\/\/www.susannavaris.com\/blogg\/wp-content\/uploads\/2013\/02\/DSC_0666-50.jpg\" width=\"2304\" height=\"1536\" srcset=\"http:\/\/www.susannavaris.com\/blogg\/wp-content\/uploads\/2013\/02\/DSC_0666-50.jpg 2304w, http:\/\/www.susannavaris.com\/blogg\/wp-content\/uploads\/2013\/02\/DSC_0666-50-300x200.jpg 300w, http:\/\/www.susannavaris.com\/blogg\/wp-content\/uploads\/2013\/02\/DSC_0666-50-1024x682.jpg 1024w\" sizes=\"auto, (max-width: 2304px) 100vw, 2304px\" \/><\/a>\u00a0<em>Hermans ligger i det gr\u00e5 huset uppe p\u00e5 Fj\u00e4llgatan till h\u00f6ger. Fantastisk utsikt och fantastisk buff\u00e9&#8230;<\/em><\/p>\n<p style=\"text-align: center;\"><a href=\"http:\/\/www.susannavaris.com\/blogg\/wp-content\/uploads\/2013\/02\/DSC_0667-50.jpg\"><img loading=\"lazy\" decoding=\"async\" class=\"aligncenter size-full wp-image-9040\" alt=\"DSC_0667-50\" src=\"http:\/\/www.susannavaris.com\/blogg\/wp-content\/uploads\/2013\/02\/DSC_0667-50.jpg\" width=\"1510\" height=\"2285\" srcset=\"http:\/\/www.susannavaris.com\/blogg\/wp-content\/uploads\/2013\/02\/DSC_0667-50.jpg 1510w, http:\/\/www.susannavaris.com\/blogg\/wp-content\/uploads\/2013\/02\/DSC_0667-50-198x300.jpg 198w, http:\/\/www.susannavaris.com\/blogg\/wp-content\/uploads\/2013\/02\/DSC_0667-50-676x1024.jpg 676w\" sizes=\"auto, (max-width: 1510px) 100vw, 1510px\" \/><\/a>\u00a0<em>Ja titta, det \u00e4r ju jag&#8230;<\/em><\/p>\n<p style=\"text-align: center;\"><a href=\"http:\/\/www.susannavaris.com\/blogg\/wp-content\/uploads\/2013\/02\/DSC_0669-50.jpg\"><img loading=\"lazy\" decoding=\"async\" class=\"aligncenter size-full wp-image-9041\" alt=\"DSC_0669-50\" src=\"http:\/\/www.susannavaris.com\/blogg\/wp-content\/uploads\/2013\/02\/DSC_0669-50.jpg\" width=\"2304\" height=\"1397\" srcset=\"http:\/\/www.susannavaris.com\/blogg\/wp-content\/uploads\/2013\/02\/DSC_0669-50.jpg 2304w, http:\/\/www.susannavaris.com\/blogg\/wp-content\/uploads\/2013\/02\/DSC_0669-50-300x181.jpg 300w, http:\/\/www.susannavaris.com\/blogg\/wp-content\/uploads\/2013\/02\/DSC_0669-50-1024x620.jpg 1024w\" sizes=\"auto, (max-width: 2304px) 100vw, 2304px\" \/><\/a>\u00a0<a href=\"http:\/\/www.susannavaris.com\/blogg\/wp-content\/uploads\/2013\/02\/DSC_0670-50.jpg\"><img loading=\"lazy\" decoding=\"async\" class=\"aligncenter size-full wp-image-9042\" alt=\"DSC_0670-50\" src=\"http:\/\/www.susannavaris.com\/blogg\/wp-content\/uploads\/2013\/02\/DSC_0670-50.jpg\" width=\"1536\" height=\"2304\" srcset=\"http:\/\/www.susannavaris.com\/blogg\/wp-content\/uploads\/2013\/02\/DSC_0670-50.jpg 1536w, http:\/\/www.susannavaris.com\/blogg\/wp-content\/uploads\/2013\/02\/DSC_0670-50-200x300.jpg 200w, http:\/\/www.susannavaris.com\/blogg\/wp-content\/uploads\/2013\/02\/DSC_0670-50-682x1024.jpg 682w\" sizes=\"auto, (max-width: 1536px) 100vw, 1536px\" \/><\/a>\u00a0<em>S\u00e5 till La Chapelle. En godismosk\u00e9&#8230;<\/em><\/p>\n<p style=\"text-align: center;\">Jag har skrivit om det tidigare, men jag gillar verkligen La Chapelles vulg\u00e4ra, plastiga, barocka universum, d\u00e4r bland annat religions- och konsumtionskritik f\u00f6rpackas i den f\u00f6rf\u00f6riska, kul\u00f6rta och skr\u00e4niga, men samtidigt lite motbjudande estetiken. Religi\u00f6sa, framf\u00f6r allt kristna, teman \u00e5terkommer st\u00e4ndigt i olika variationer, som ikonbilder av k\u00e4ndisar eller scenerier d\u00e4r en jesusfigur befinner sig med sitt crew n\u00e5gonstans p\u00e5 New Yorks bakgator.<\/p>\n<p style=\"text-align: center;\"><a href=\"http:\/\/www.susannavaris.com\/blogg\/wp-content\/uploads\/2013\/02\/DSC_0671-50.jpg\"><img loading=\"lazy\" decoding=\"async\" class=\"aligncenter size-full wp-image-9043\" alt=\"DSC_0671-50\" src=\"http:\/\/www.susannavaris.com\/blogg\/wp-content\/uploads\/2013\/02\/DSC_0671-50.jpg\" width=\"1536\" height=\"2262\" srcset=\"http:\/\/www.susannavaris.com\/blogg\/wp-content\/uploads\/2013\/02\/DSC_0671-50.jpg 1536w, http:\/\/www.susannavaris.com\/blogg\/wp-content\/uploads\/2013\/02\/DSC_0671-50-203x300.jpg 203w, http:\/\/www.susannavaris.com\/blogg\/wp-content\/uploads\/2013\/02\/DSC_0671-50-695x1024.jpg 695w\" sizes=\"auto, (max-width: 1536px) 100vw, 1536px\" \/><\/a>\u00a0<em>Dreaming med Deborah Harry<\/em><\/p>\n<p style=\"text-align: center;\"><a href=\"http:\/\/www.susannavaris.com\/blogg\/wp-content\/uploads\/2013\/02\/DSC_0672-50.jpg\"><img loading=\"lazy\" decoding=\"async\" class=\"aligncenter size-full wp-image-9044\" alt=\"DSC_0672-50\" src=\"http:\/\/www.susannavaris.com\/blogg\/wp-content\/uploads\/2013\/02\/DSC_0672-50.jpg\" width=\"1536\" height=\"2304\" srcset=\"http:\/\/www.susannavaris.com\/blogg\/wp-content\/uploads\/2013\/02\/DSC_0672-50.jpg 1536w, http:\/\/www.susannavaris.com\/blogg\/wp-content\/uploads\/2013\/02\/DSC_0672-50-200x300.jpg 200w, http:\/\/www.susannavaris.com\/blogg\/wp-content\/uploads\/2013\/02\/DSC_0672-50-682x1024.jpg 682w\" sizes=\"auto, (max-width: 1536px) 100vw, 1536px\" \/><\/a>\u00a0<em>David Bowie<\/em><\/p>\n<p style=\"text-align: center;\"><a href=\"http:\/\/www.susannavaris.com\/blogg\/wp-content\/uploads\/2013\/02\/DSC_0673-50.jpg\"><img loading=\"lazy\" decoding=\"async\" class=\"aligncenter size-full wp-image-9045\" alt=\"DSC_0673-50\" src=\"http:\/\/www.susannavaris.com\/blogg\/wp-content\/uploads\/2013\/02\/DSC_0673-50.jpg\" width=\"1071\" height=\"1613\" srcset=\"http:\/\/www.susannavaris.com\/blogg\/wp-content\/uploads\/2013\/02\/DSC_0673-50.jpg 1071w, http:\/\/www.susannavaris.com\/blogg\/wp-content\/uploads\/2013\/02\/DSC_0673-50-199x300.jpg 199w, http:\/\/www.susannavaris.com\/blogg\/wp-content\/uploads\/2013\/02\/DSC_0673-50-679x1024.jpg 679w\" sizes=\"auto, (max-width: 1071px) 100vw, 1071px\" \/><\/a>\u00a0<em>En Marilyn Manson fanns med&#8230;<\/em><\/p>\n<p style=\"text-align: center;\"><a href=\"http:\/\/www.susannavaris.com\/blogg\/wp-content\/uploads\/2013\/02\/DSC_0674-50.jpg\"><img loading=\"lazy\" decoding=\"async\" class=\"aligncenter size-full wp-image-9046\" alt=\"DSC_0674-50\" src=\"http:\/\/www.susannavaris.com\/blogg\/wp-content\/uploads\/2013\/02\/DSC_0674-50.jpg\" width=\"1536\" height=\"2304\" srcset=\"http:\/\/www.susannavaris.com\/blogg\/wp-content\/uploads\/2013\/02\/DSC_0674-50.jpg 1536w, http:\/\/www.susannavaris.com\/blogg\/wp-content\/uploads\/2013\/02\/DSC_0674-50-200x300.jpg 200w, http:\/\/www.susannavaris.com\/blogg\/wp-content\/uploads\/2013\/02\/DSC_0674-50-682x1024.jpg 682w\" sizes=\"auto, (max-width: 1536px) 100vw, 1536px\" \/><\/a>\u00a0<a href=\"http:\/\/www.susannavaris.com\/blogg\/wp-content\/uploads\/2013\/02\/DSC_0675-crop.jpg\"><img loading=\"lazy\" decoding=\"async\" class=\"aligncenter size-full wp-image-9047\" alt=\"DSC_0675-crop\" src=\"http:\/\/www.susannavaris.com\/blogg\/wp-content\/uploads\/2013\/02\/DSC_0675-crop.jpg\" width=\"1528\" height=\"2179\" srcset=\"http:\/\/www.susannavaris.com\/blogg\/wp-content\/uploads\/2013\/02\/DSC_0675-crop.jpg 1528w, http:\/\/www.susannavaris.com\/blogg\/wp-content\/uploads\/2013\/02\/DSC_0675-crop-210x300.jpg 210w, http:\/\/www.susannavaris.com\/blogg\/wp-content\/uploads\/2013\/02\/DSC_0675-crop-718x1024.jpg 718w\" sizes=\"auto, (max-width: 1528px) 100vw, 1528px\" \/><\/a>\u00a0<a href=\"http:\/\/www.susannavaris.com\/blogg\/wp-content\/uploads\/2013\/02\/DSC_0676-50.jpg\"><img loading=\"lazy\" decoding=\"async\" class=\"aligncenter size-full wp-image-9048\" alt=\"DSC_0676-50\" src=\"http:\/\/www.susannavaris.com\/blogg\/wp-content\/uploads\/2013\/02\/DSC_0676-50.jpg\" width=\"1536\" height=\"2304\" srcset=\"http:\/\/www.susannavaris.com\/blogg\/wp-content\/uploads\/2013\/02\/DSC_0676-50.jpg 1536w, http:\/\/www.susannavaris.com\/blogg\/wp-content\/uploads\/2013\/02\/DSC_0676-50-200x300.jpg 200w, http:\/\/www.susannavaris.com\/blogg\/wp-content\/uploads\/2013\/02\/DSC_0676-50-682x1024.jpg 682w\" sizes=\"auto, (max-width: 1536px) 100vw, 1536px\" \/><\/a>\u00a0<em>Detalj ur ett underg\u00e5ngssceneri inspirerad av de gamla m\u00e4starna med den allest\u00e4des n\u00e4rvarande Amanda Lepore. Syndafloden har sk\u00f6ljt med sig det mesta, just h\u00e4r sjunker Ceasars Palace i Las Vegas i bakgrunden&#8230;<\/em><\/p>\n<p style=\"text-align: center;\"><a href=\"http:\/\/www.susannavaris.com\/blogg\/wp-content\/uploads\/2013\/02\/DSC_0677-50.jpg\"><img loading=\"lazy\" decoding=\"async\" class=\"aligncenter size-full wp-image-9049\" alt=\"DSC_0677-50\" src=\"http:\/\/www.susannavaris.com\/blogg\/wp-content\/uploads\/2013\/02\/DSC_0677-50.jpg\" width=\"1536\" height=\"2304\" srcset=\"http:\/\/www.susannavaris.com\/blogg\/wp-content\/uploads\/2013\/02\/DSC_0677-50.jpg 1536w, http:\/\/www.susannavaris.com\/blogg\/wp-content\/uploads\/2013\/02\/DSC_0677-50-200x300.jpg 200w, http:\/\/www.susannavaris.com\/blogg\/wp-content\/uploads\/2013\/02\/DSC_0677-50-682x1024.jpg 682w\" sizes=\"auto, (max-width: 1536px) 100vw, 1536px\" \/><\/a>\u00a0<em>P\u00e5ven p\u00e5 sitt berg av v\u00e4rldsliga rikedomar och duvan har flugit sin kos fr\u00e5n rosettf\u00f6nstrets mitt&#8230;<\/em><\/p>\n<p style=\"text-align: center;\"><a href=\"http:\/\/www.susannavaris.com\/blogg\/wp-content\/uploads\/2013\/02\/DSC_0678-50.jpg\"><img loading=\"lazy\" decoding=\"async\" class=\"aligncenter size-full wp-image-9050\" alt=\"DSC_0678-50\" src=\"http:\/\/www.susannavaris.com\/blogg\/wp-content\/uploads\/2013\/02\/DSC_0678-50.jpg\" width=\"1536\" height=\"2304\" srcset=\"http:\/\/www.susannavaris.com\/blogg\/wp-content\/uploads\/2013\/02\/DSC_0678-50.jpg 1536w, http:\/\/www.susannavaris.com\/blogg\/wp-content\/uploads\/2013\/02\/DSC_0678-50-200x300.jpg 200w, http:\/\/www.susannavaris.com\/blogg\/wp-content\/uploads\/2013\/02\/DSC_0678-50-682x1024.jpg 682w\" sizes=\"auto, (max-width: 1536px) 100vw, 1536px\" \/><\/a>\u00a0<em>En serie moderna stilleben inspirerade av den holl\u00e4ndska guld\u00e5ldern, men givetvis med lachapellska, moderna detaljer&#8230;<\/em><\/p>\n<p style=\"text-align: center;\"><a href=\"http:\/\/www.susannavaris.com\/blogg\/wp-content\/uploads\/2013\/02\/DSC_0679-50.jpg\"><img loading=\"lazy\" decoding=\"async\" class=\"aligncenter size-full wp-image-9051\" alt=\"DSC_0679-50\" src=\"http:\/\/www.susannavaris.com\/blogg\/wp-content\/uploads\/2013\/02\/DSC_0679-50.jpg\" width=\"2304\" height=\"1536\" srcset=\"http:\/\/www.susannavaris.com\/blogg\/wp-content\/uploads\/2013\/02\/DSC_0679-50.jpg 2304w, http:\/\/www.susannavaris.com\/blogg\/wp-content\/uploads\/2013\/02\/DSC_0679-50-300x200.jpg 300w, http:\/\/www.susannavaris.com\/blogg\/wp-content\/uploads\/2013\/02\/DSC_0679-50-1024x682.jpg 1024w\" sizes=\"auto, (max-width: 2304px) 100vw, 2304px\" \/><\/a>\u00a0<em>Efter jordb\u00e4vningen. De mest k\u00e4nda verken av Damien Hirst, tillsammans med annan br\u00e5te, verkar ha blivit dr\u00e4nkta av en j\u00e4ttev\u00e5g. D\u00e4r finns krossade akvarier med hajar, medicinsk\u00e5pen, prick-tavlorna och de anatomiska modellerna&#8230;<\/em><\/p>\n<p style=\"text-align: center;\"><a href=\"http:\/\/www.susannavaris.com\/blogg\/wp-content\/uploads\/2013\/02\/DSC_0680-50.jpg\"><img loading=\"lazy\" decoding=\"async\" class=\"aligncenter size-full wp-image-9052\" alt=\"DSC_0680-50\" src=\"http:\/\/www.susannavaris.com\/blogg\/wp-content\/uploads\/2013\/02\/DSC_0680-50.jpg\" width=\"1536\" height=\"2304\" srcset=\"http:\/\/www.susannavaris.com\/blogg\/wp-content\/uploads\/2013\/02\/DSC_0680-50.jpg 1536w, http:\/\/www.susannavaris.com\/blogg\/wp-content\/uploads\/2013\/02\/DSC_0680-50-200x300.jpg 200w, http:\/\/www.susannavaris.com\/blogg\/wp-content\/uploads\/2013\/02\/DSC_0680-50-682x1024.jpg 682w\" sizes=\"auto, (max-width: 1536px) 100vw, 1536px\" \/><\/a>\u00a0<em>Inne i ett av verken&#8230;<\/em><\/p>\n<p style=\"text-align: center;\"><a href=\"http:\/\/www.susannavaris.com\/blogg\/wp-content\/uploads\/2013\/02\/DSC_0681-50.jpg\"><img loading=\"lazy\" decoding=\"async\" class=\"aligncenter size-full wp-image-9053\" alt=\"DSC_0681-50\" src=\"http:\/\/www.susannavaris.com\/blogg\/wp-content\/uploads\/2013\/02\/DSC_0681-50.jpg\" width=\"1536\" height=\"2304\" srcset=\"http:\/\/www.susannavaris.com\/blogg\/wp-content\/uploads\/2013\/02\/DSC_0681-50.jpg 1536w, http:\/\/www.susannavaris.com\/blogg\/wp-content\/uploads\/2013\/02\/DSC_0681-50-200x300.jpg 200w, http:\/\/www.susannavaris.com\/blogg\/wp-content\/uploads\/2013\/02\/DSC_0681-50-682x1024.jpg 682w\" sizes=\"auto, (max-width: 1536px) 100vw, 1536px\" \/><\/a>\u00a0<em>La Chapelles nyaste verk i serien Still Life: s\u00f6nderslagna (fr\u00e5n ett inbrott p\u00e5 ett museum) vaxdocksdelar i pappkartonger.<\/em><\/p>\n<p style=\"text-align: center;\">La Chapelle har ofta samma fokus som Damien Hirst i sitt skapande: f\u00f6rg\u00e4nglighet, yta och konsumtion (som den nya religionen). Det \u00e4r kitschigt, det \u00e4r vulg\u00e4rt, men n\u00e5gonstans lyckas La Chapelle visa p\u00e5 m\u00e4nniskans v\u00e4llust, f\u00e5f\u00e4nga och girighet samtidigt som denne \u00e4nd\u00e5 framst\u00e5r som just m\u00e4nsklig och br\u00e4cklig, med fel och brister och som en varelse att k\u00e4nna sympati f\u00f6r. F\u00e4rgerna i fotografierna \u00e4r magnifika och det \u00e4r svindlande att t\u00e4nka sig att allt som fotograferas finns verkligen p\u00e5 plats, ingenting \u00e4r ditsatt digitalt (bortsett fr\u00e5n en serie mindre bilder med vanliga m\u00e4nniskors fotografier fr\u00e5n 70-talet, d\u00e4r la Chapelle adderat in en figur).<\/p>\n","protected":false},"excerpt":{"rendered":"<p>En ledig s\u00f6ndag och vi \u00e5kte in till huvudstaden f\u00f6r att k\u00e5nka in fler flyttkartonger (Uffe flyttar&#8230;)(hem hit), handla en l\u00e4ngre sladd inf\u00f6r den stundande Telia-\u00f6verflyttningen (el\u00e4ndes h-vete), l\u00e4mna in kl\u00e4der f\u00f6r oms\u00f6mnad och framf\u00f6r allt, se David La Chapelle-utst\u00e4llningen &hellip; <a href=\"http:\/\/www.susannavaris.com\/blogg\/2013\/02\/la-chapelle-pa-fotografiska\/\">Forts\u00e4tt l\u00e4sa <span class=\"meta-nav\">&rarr;<\/span><\/a><\/p>\n","protected":false},"author":1,"featured_media":0,"comment_status":"open","ping_status":"open","sticky":false,"template":"","format":"standard","meta":{"footnotes":""},"categories":[110,13,3,1162,994,1,2262,303,4],"tags":[111,4897,113,642,2718],"class_list":["post-9037","post","type-post","status-publish","format-standard","hentry","category-foto","category-inspiration","category-konst","category-kultur","category-musik","category-okategoriserade","category-pop-surrealism","category-religion","category-utstallning","tag-david-la-chapelle","tag-foto","tag-fotografi","tag-fotografiska","tag-fotografiska-museet"],"_links":{"self":[{"href":"http:\/\/www.susannavaris.com\/blogg\/wp-json\/wp\/v2\/posts\/9037","targetHints":{"allow":["GET"]}}],"collection":[{"href":"http:\/\/www.susannavaris.com\/blogg\/wp-json\/wp\/v2\/posts"}],"about":[{"href":"http:\/\/www.susannavaris.com\/blogg\/wp-json\/wp\/v2\/types\/post"}],"author":[{"embeddable":true,"href":"http:\/\/www.susannavaris.com\/blogg\/wp-json\/wp\/v2\/users\/1"}],"replies":[{"embeddable":true,"href":"http:\/\/www.susannavaris.com\/blogg\/wp-json\/wp\/v2\/comments?post=9037"}],"version-history":[{"count":2,"href":"http:\/\/www.susannavaris.com\/blogg\/wp-json\/wp\/v2\/posts\/9037\/revisions"}],"predecessor-version":[{"id":9055,"href":"http:\/\/www.susannavaris.com\/blogg\/wp-json\/wp\/v2\/posts\/9037\/revisions\/9055"}],"wp:attachment":[{"href":"http:\/\/www.susannavaris.com\/blogg\/wp-json\/wp\/v2\/media?parent=9037"}],"wp:term":[{"taxonomy":"category","embeddable":true,"href":"http:\/\/www.susannavaris.com\/blogg\/wp-json\/wp\/v2\/categories?post=9037"},{"taxonomy":"post_tag","embeddable":true,"href":"http:\/\/www.susannavaris.com\/blogg\/wp-json\/wp\/v2\/tags?post=9037"}],"curies":[{"name":"wp","href":"https:\/\/api.w.org\/{rel}","templated":true}]}}